{"id":497682,"date":"2021-05-12T12:23:29","date_gmt":"2021-05-12T16:23:29","guid":{"rendered":"https:\/\/diarioelpopular.com\/?p=497682"},"modified":"2021-05-12T12:23:29","modified_gmt":"2021-05-12T16:23:29","slug":"la-gente-se-sienten-pesimista-frustrada-y-ansiosa-durante-la-tercera-ola","status":"publish","type":"post","link":"https:\/\/diarioelpopular.com\/index.php\/2021\/05\/12\/la-gente-se-sienten-pesimista-frustrada-y-ansiosa-durante-la-tercera-ola\/","title":{"rendered":"La gente se sienten pesimista, frustrada y ansiosa durante la tercera ola"},"content":{"rendered":"<p><img loading=\"lazy\" decoding=\"async\" class=\"alignnone size-custom-full-size wp-image-497685\" src=\"https:\/\/diarioelpopular.com\/wp-content\/uploads\/2021\/05\/CP17827351-scaled-636x424.jpg\" alt=\"\" width=\"636\" height=\"424\" srcset=\"https:\/\/diarioelpopular.com\/wp-content\/uploads\/2021\/05\/CP17827351-scaled-636x424.jpg 636w, https:\/\/diarioelpopular.com\/wp-content\/uploads\/2021\/05\/CP17827351-scaled-300x200.jpg 300w, https:\/\/diarioelpopular.com\/wp-content\/uploads\/2021\/05\/CP17827351-scaled-768x512.jpg 768w, https:\/\/diarioelpopular.com\/wp-content\/uploads\/2021\/05\/CP17827351-scaled-1990x1327.jpg 1990w, https:\/\/diarioelpopular.com\/wp-content\/uploads\/2021\/05\/CP17827351-scaled-1200x800.jpg 1200w, https:\/\/diarioelpopular.com\/wp-content\/uploads\/2021\/05\/CP17827351-scaled-109x73.jpg 109w, https:\/\/diarioelpopular.com\/wp-content\/uploads\/2021\/05\/CP17827351-scaled.jpg 1024w\" sizes=\"auto, (max-width: 636px) 100vw, 636px\" \/><\/p>\n<h4><em><strong>&#8211; La tercera ola de la pandemia ha sido dura para la salud mental con una nueva encuesta que sugiere que m\u00e1s habitantes de Ontario son pesimistas sobre el futuro, en comparaci\u00f3n con principios de este a\u00f1o.<\/strong><\/em><\/h4>\n<h4><em><strong>&#8211; Seg\u00fan los informes, el gobierno de Ford no ha descartado el regreso al aprendizaje en persona<\/strong><\/em><\/h4>\n<h4><em><strong>&#8211; Ontario reporta m\u00e1s de 2,300 nuevos casos de COVID-19, 32 muertes<\/strong><\/em><\/h4>\n<p><em><strong>TORONTO.-<\/strong><\/em>\u00a0Una nueva encuesta de Maru sugiere que la tercera ola de la pandemia ha hecho que la gente regrese a un nivel anterior de negatividad no visto desde el pico de la segunda ola.<\/p>\n<p>La encuesta dice que el 68 por ciento de los residentes piensa que las cosas seguir\u00e1n empeorando antes de que empiecen a mejorar y el 63 por ciento dice que en general tiene un sentimiento negativo.<\/p>\n<p>M\u00e1s de un tercio de los encuestados dice sentirse frustrado, ansioso y aburrido.<\/p>\n<p>Si bien las emociones positivas han comenzado a regresar al sur de la frontera, con m\u00e1s de la mitad de los encuestados diciendo que ahora se sienten positivos, ese n\u00famero permanece por debajo del 50 por ciento en Canad\u00e1.<\/p>\n<p>Ontario ha experimentado una ca\u00edda a\u00fan m\u00e1s pronunciada en el \u00faltimo mes, ya que la provincia ha vuelto a una orden de quedarse en casa en toda la provincia. Solo el 37 por ciento de los habitantes de Ontario se sienten positivos en comparaci\u00f3n con el 43 por ciento en Canad\u00e1.<\/p>\n<p>Se pregunt\u00f3 a los encuestados cu\u00e1ndo esperaban que se sentir\u00edan c\u00f3modos reanudando determinadas actividades. Con base en las respuestas, se recopilaron datos que produjeron umbrales, incluso cu\u00e1ndo el 50 por ciento de las personas se sentir\u00eda bien al regresar a cosas espec\u00edficas.<\/p>\n<p>La mitad de los encuestados dijeron que creen que estar\u00e1n dispuestos a ver a un m\u00e9dico para una cita que no sea de emergencia o cortarse el pelo antes de finales de julio. No es hasta mayo de 2022 cuando la mitad de las personas dice que cree que se sentir\u00eda c\u00f3modo subiendo a un avi\u00f3n o sin usar una m\u00e1scara.<\/p>\n<p>El primer ministro Justin Trudeau dijo este martes que si bien se est\u00e1n logrando avances en todo el pa\u00eds con m\u00e1s canadienses que reciben vacunas, las medidas de salud p\u00fablica no est\u00e1n listas para aliviarse hasta que el recuento de casos de COVID-19 haya disminuido y la mayor\u00eda de las personas tengan al menos una dosis.<\/p>\n<p>Una vez que eso suceda, Trudeau dijo que &#8220;podremos hablar sobre volver a la escuela, volver al trabajo y volver a la normalidad&#8221;.<\/p>\n<p>Casi el 40 por ciento de los canadienses se han vacunado hasta la fecha con al menos una dosis y los funcionarios del gobierno han dicho que al menos el 75 por ciento deben vacunarse para acercarse a la inmunidad colectiva contra el COVID-19.<\/p>\n<p>&nbsp;<\/p>\n<h4><em><strong>Seg\u00fan los informes, el gobierno de Ford no ha descartado el regreso al aprendizaje en persona<\/strong><\/em><\/h4>\n<p><img loading=\"lazy\" decoding=\"async\" class=\"alignnone size-custom-full-size wp-image-497683\" src=\"https:\/\/diarioelpopular.com\/wp-content\/uploads\/2021\/05\/JFJ50173952-e1617647647273-636x357.jpg\" alt=\"\" width=\"636\" height=\"357\" srcset=\"https:\/\/diarioelpopular.com\/wp-content\/uploads\/2021\/05\/JFJ50173952-e1617647647273-636x357.jpg 636w, https:\/\/diarioelpopular.com\/wp-content\/uploads\/2021\/05\/JFJ50173952-e1617647647273-300x168.jpg 300w, https:\/\/diarioelpopular.com\/wp-content\/uploads\/2021\/05\/JFJ50173952-e1617647647273-768x431.jpg 768w, https:\/\/diarioelpopular.com\/wp-content\/uploads\/2021\/05\/JFJ50173952-e1617647647273-130x73.jpg 130w, https:\/\/diarioelpopular.com\/wp-content\/uploads\/2021\/05\/JFJ50173952-e1617647647273.jpg 1021w\" sizes=\"auto, (max-width: 636px) 100vw, 636px\" \/><\/p>\n<p>Muchos padres y maestros han renunciado a la posibilidad de que los ni\u00f1os regresen al aula antes de que finalice el a\u00f1o escolar, pero parece que la provincia todav\u00eda tiene esperanzas.<\/p>\n<p>El gobierno de Ford contin\u00faa reflexionando sobre un posible regreso al aprendizaje en persona en \u00e1reas con bajas tasas de COVID-19, tambi\u00e9n sigue preocupado por los riesgos potenciales.<\/p>\n<p>Las fuentes le dijeron al Toronto Star que el regreso a clases no est\u00e1 descartado, pero anotaron que la decisi\u00f3n se dejar\u00e1 en manos del director m\u00e9dico de salud.<\/p>\n<p>El lunes, el Dr. David Williams dijo que quiere que las escuelas vuelvan a abrir primero y &#8220;tan pronto como podamos&#8221;.<\/p>\n<p>Un portavoz del Ministro de Educaci\u00f3n le dijo al mismo medio de prensa que saben lo importante que es tener ni\u00f1os en la escuela y agrega que, con todos los trabajadores de la educaci\u00f3n ahora elegibles para vacunas, se est\u00e1n asegurando de que todos los trabajadores de primera l\u00ednea en las escuelas y los entornos de cuidado infantil reciban una vacuna.<\/p>\n<p>&#8220;Nuestro enfoque sigue siendo abordar las altas tasas de transmisi\u00f3n comunitaria, lo que incluye la orden de quedarse en casa (y) dedicar m\u00e1s vacunas a los puntos cr\u00edticos&#8221;.<\/p>\n<p>Los sindicatos de docentes han dicho que apoyan el regreso al aprendizaje en persona siempre que se realice de manera segura.<\/p>\n<p>Ahora quedan menos de dos meses en el a\u00f1o escolar y es probable que la orden provincial de permanencia en el hogar que expire el 20 de mayo se extienda hasta junio.<\/p>\n<p>Actualmente, todas las escuelas est\u00e1n impartiendo clases en l\u00ednea, ya que la provincia sigue bajo una orden de quedarse en casa impuesta debido a las altas tasas de COVID-19. Se orden\u00f3 el cierre de las escuelas al aprendizaje en persona por tiempo indefinido el 12 de abril.<\/p>\n<p>El gobierno de Ford dio a conocer los detalles de su plan de financiaci\u00f3n de la educaci\u00f3n 2021-2022 la semana pasada que ver\u00e1 alrededor de $ 2 mil millones distribuidos para mejorar m\u00faltiples recursos, incluidos los activos COVID-19, la dotaci\u00f3n de personal y las iniciativas de salud mental.<\/p>\n<p>El gobierno proporcionar\u00e1 otro a\u00f1o de apoyos temporales COVID-19 por un total de m\u00e1s de $1.6 mil millones en recursos disponibles y se pedir\u00e1 a las juntas escolares que ofrezcan aprendizaje virtual como una opci\u00f3n obligatoria para los estudiantes y el personal durante todo el a\u00f1o escolar.<\/p>\n<p>La ministra de Salud de Ontario, Christine Elliott, dijo que Ontario est\u00e1 trabajando para garantizar que los trabajadores de la educaci\u00f3n puedan recibir su segunda dosis de la vacuna COVID-19 antes de septiembre.<\/p>\n<p>Tambi\u00e9n anot\u00f3 que la provincia est\u00e1 trabajando &#8220;activamente&#8221; en un plan para vacunar a los ni\u00f1os, pero a\u00fan no hay un cronograma para ese plan.<\/p>\n<p>El Procurador General de Ontario reafirm\u00f3 este martes que la provincia ofrecer\u00e1 la vacuna Pfizer-BioNTech a personas tan j\u00f3venes como de doce a\u00f1os despu\u00e9s de que Health Canada aprobara la inyecci\u00f3n en ese grupo de edad.<\/p>\n<p>Sylvia Jones dice que la provincia deber\u00e1 verificar el suministro de vacunas y consultar con las unidades de salud locales antes de abrir las vacunas a los adolescentes m\u00e1s j\u00f3venes.<\/p>\n<p>&nbsp;<\/p>\n<h4><em><strong>Ontario reporta m\u00e1s de 2,300 nuevos casos de COVID-19, 32 muertes<\/strong><\/em><\/h4>\n<p><img loading=\"lazy\" decoding=\"async\" class=\"alignnone size-custom-full-size wp-image-497684\" src=\"https:\/\/diarioelpopular.com\/wp-content\/uploads\/2021\/05\/Screen-Shot-2021-05-12-at-12.10.12-PM-636x338.png\" alt=\"\" width=\"636\" height=\"338\" srcset=\"https:\/\/diarioelpopular.com\/wp-content\/uploads\/2021\/05\/Screen-Shot-2021-05-12-at-12.10.12-PM-636x338.png 636w, https:\/\/diarioelpopular.com\/wp-content\/uploads\/2021\/05\/Screen-Shot-2021-05-12-at-12.10.12-PM-300x159.png 300w, https:\/\/diarioelpopular.com\/wp-content\/uploads\/2021\/05\/Screen-Shot-2021-05-12-at-12.10.12-PM-768x408.png 768w, https:\/\/diarioelpopular.com\/wp-content\/uploads\/2021\/05\/Screen-Shot-2021-05-12-at-12.10.12-PM-137x73.png 137w, https:\/\/diarioelpopular.com\/wp-content\/uploads\/2021\/05\/Screen-Shot-2021-05-12-at-12.10.12-PM.png 1024w\" sizes=\"auto, (max-width: 636px) 100vw, 636px\" \/><\/p>\n<p><em>Actualizado mi\u00e9rcoles 12 de mayo de 2021 11:52 a.m.<\/em><\/p>\n<p>Ontario report\u00f3 2.320 nuevos casos de COVID-19 este mi\u00e9rcoles. El total provincial asciende ahora a 499.412.<\/p>\n<p>El recuento de casos es m\u00e1s alto que el del martes, en el que se registraron 2.073 nuevas infecciones. El lunes se registraron 2.716 casos nuevos y el domingo 3.216.<\/p>\n<p>Seg\u00fan este informe, se registraron 712 casos en Toronto, 452 en la regi\u00f3n de Peel, 157 en la regi\u00f3n de York, 139 en la regi\u00f3n de Durham, 113 en Hamilton y 105 en Ottawa.<\/p>\n<p>Todas las dem\u00e1s unidades de salud p\u00fablica locales notificaron menos de 100 casos nuevos en el informe provincial.<\/p>\n<p>El n\u00famero de muertos en la provincia ha aumentado a 8.374, ya que se registraron 32 muertes m\u00e1s.<\/p>\n<p>Mientras tanto, se inform\u00f3 que 461,076 residentes de Ontario se hab\u00edan recuperado del COVID-19, que es aproximadamente el 92 por ciento de los casos conocidos. Los casos resueltos aumentaron en 3.477 con respecto al d\u00eda anterior.<\/p>\n<p>Hubo m\u00e1s casos resueltos que casos nuevos este mi\u00e9rcoles.<\/p>\n<p>Los casos activos en Ontario ahora ascienden a 29,962, por debajo del d\u00eda anterior cuando estaba en 31,151, y est\u00e1 por debajo del 5 de mayo cuando estaba en 34,976. En el pico de la oleada de coronavirus de la segunda ola en enero, los casos activos llegaron a poco m\u00e1s de 30.000. En la tercera ola de abril, los casos activos superaron los 43.000.<\/p>\n<p>El promedio de siete d\u00edas ahora ha llegado a 2.826, que es inferior al de ayer en 2.914, y est\u00e1 por debajo de la semana pasada en 3.509. Hace un mes, el promedio de siete d\u00edas era de alrededor de 3.800.<\/p>\n<p>El gobierno dijo que se procesaron 45.681 pruebas en las \u00faltimas 24 horas. Actualmente hay una acumulaci\u00f3n de 28.174 pruebas en espera de resultados. Se han completado un total de 14.603.406 pruebas desde el inicio de la pandemia.<\/p>\n<p>La positividad de la prueba del mi\u00e9rcoles fue del 6,4 por ciento. Esa cifra es inferior a la del martes en el 8,5 por ciento, y est\u00e1 por debajo de la semana pasada cuando fue del 6,6 por ciento.<\/p>\n<p>Ontario inform\u00f3 que 1.673 personas est\u00e1n hospitalizadas con COVID-19 (un descenso de 109 respecto al d\u00eda anterior) con 776 pacientes en unidades de cuidados intensivos (un descenso de 26) y 559 pacientes en UCI con ventilador (un descenso de 9). Las personas en UCI han ido disminuyendo constantemente desde principios de mayo.<\/p>\n<p>A partir de las 8 p.m. el martes se administraron casi 6,5 millones de dosis de la vacuna COVID-19. Eso marca un aumento de 140,785 vacunas en el \u00faltimo d\u00eda. Hay 402,258 personas completamente vacunadas con dos dosis.<\/p>\n<p><em><strong>Variantes preocupantes en Ontario<\/strong><\/em><\/p>\n<p>Las autoridades han enumerado los datos de desglose de los nuevos COV (variantes de inter\u00e9s) detectados hasta ahora en la provincia, que consisten en B.1.1.7 (detectado por primera vez en el Reino Unido), B.1.351 (detectado por primera vez en Sud\u00e1frica), P .1 (detectada por primera vez en Brasil), as\u00ed como mutaciones que no tienen un linaje determinado.<\/p>\n<p>El VOC B.1.1.7 es actualmente la cepa conocida dominante con 98,495 casos variantes, que ha aumentado en 2,949 desde el d\u00eda anterior, 568 casos con variantes B.1.351 que ha aumentado en 38, y 1,683 casos con variantes P.1 que ha aumentado. por 91.<\/p>\n<p><em><strong>Casos, muertes y brotes en hogares de cuidados a largo plazo de Ontario<\/strong><\/em><\/p>\n<p>Seg\u00fan el Ministerio de Atenci\u00f3n a Largo Plazo, se han reportado 3.764 muertes entre residentes y pacientes en hogares de atenci\u00f3n a largo plazo en Ontario, lo que no ha cambiado desde ayer. Se han informado 11 muertes relacionadas con virus en total entre el personal.<\/p>\n<p>Hay 43 brotes actuales en los hogares, lo que ha disminuido en tres con respecto al d\u00eda anterior.<\/p>\n<p>El ministerio tambi\u00e9n indic\u00f3 que actualmente hay 65 casos activos entre los residentes de cuidados a largo plazo y 167 casos activos entre el personal, una reducci\u00f3n de cuatro para ambos en el \u00faltimo d\u00eda.<\/p>\n","protected":false},"excerpt":{"rendered":"<p>&#8211; La tercera ola de la pandemia ha sido dura para la salud mental con una nueva encuesta que sugiere que m\u00e1s habitantes de Ontario&hellip;<\/p>\n","protected":false},"author":99,"featured_media":497685,"comment_status":"open","ping_status":"open","sticky":false,"template":"","format":"standard","meta":{"footnotes":""},"categories":[21,11191],"tags":[],"class_list":["post-497682","post","type-post","status-publish","format-standard","has-post-thumbnail","hentry","category-canada","category-top-news"],"_links":{"self":[{"href":"https:\/\/diarioelpopular.com\/index.php\/wp-json\/wp\/v2\/posts\/497682","targetHints":{"allow":["GET"]}}],"collection":[{"href":"https:\/\/diarioelpopular.com\/index.php\/wp-json\/wp\/v2\/posts"}],"about":[{"href":"https:\/\/diarioelpopular.com\/index.php\/wp-json\/wp\/v2\/types\/post"}],"author":[{"embeddable":true,"href":"https:\/\/diarioelpopular.com\/index.php\/wp-json\/wp\/v2\/users\/99"}],"replies":[{"embeddable":true,"href":"https:\/\/diarioelpopular.com\/index.php\/wp-json\/wp\/v2\/comments?post=497682"}],"version-history":[{"count":1,"href":"https:\/\/diarioelpopular.com\/index.php\/wp-json\/wp\/v2\/posts\/497682\/revisions"}],"predecessor-version":[{"id":497686,"href":"https:\/\/diarioelpopular.com\/index.php\/wp-json\/wp\/v2\/posts\/497682\/revisions\/497686"}],"wp:featuredmedia":[{"embeddable":true,"href":"https:\/\/diarioelpopular.com\/index.php\/wp-json\/wp\/v2\/media\/497685"}],"wp:attachment":[{"href":"https:\/\/diarioelpopular.com\/index.php\/wp-json\/wp\/v2\/media?parent=497682"}],"wp:term":[{"taxonomy":"category","embeddable":true,"href":"https:\/\/diarioelpopular.com\/index.php\/wp-json\/wp\/v2\/categories?post=497682"},{"taxonomy":"post_tag","embeddable":true,"href":"https:\/\/diarioelpopular.com\/index.php\/wp-json\/wp\/v2\/tags?post=497682"}],"curies":[{"name":"wp","href":"https:\/\/api.w.org\/{rel}","templated":true}]}}