{"id":497719,"date":"2021-05-13T13:17:24","date_gmt":"2021-05-13T17:17:24","guid":{"rendered":"https:\/\/diarioelpopular.com\/?p=497719"},"modified":"2021-05-13T13:17:24","modified_gmt":"2021-05-13T17:17:24","slug":"renuncia-la-canciller-colombiana-claudia-blum","status":"publish","type":"post","link":"https:\/\/diarioelpopular.com\/index.php\/2021\/05\/13\/renuncia-la-canciller-colombiana-claudia-blum\/","title":{"rendered":"Renuncia la canciller colombiana Claudia Blum"},"content":{"rendered":"<p><img loading=\"lazy\" decoding=\"async\" class=\"alignnone size-thumbnail wp-image-497720\" src=\"https:\/\/diarioelpopular.com\/wp-content\/uploads\/2021\/05\/90b7ac01af029fb2fe824c3a3d974c4e-150x150.jpeg\" alt=\"\" width=\"150\" height=\"150\" \/><\/p>\n<p><em>La renunciante canciller colombiana Claudia Blum (foto: Ansa (Cortes\u00eda ministerio de Exteriores de Colombia))<\/em><\/p>\n<p><em><strong>BOGOTA 13 MAY &#8211;<\/strong><\/em> La canciller colombiana, Claudia Blum, renunci\u00f3 de manera &#8220;irrevocable&#8221; a su cargo sin explicar su decisi\u00f3n, en un carta dirigida al presidente, Iv\u00e1n Duque, que se hizo p\u00fablica.<br \/>\n&#8220;Le expreso mi gratitud enorme por la confianza que me otorg\u00f3, al haberme nombrado en este importante Cartera, en la que trabaj\u00e9 con dedicaci\u00f3n y entrega para promover y defender los principios y valores de la democracia, la legalidad, la equidad y el emprendimiento, en la pol\u00edtica exterior de Colombia&#8221;, se\u00f1al\u00f3 el mensaje.<br \/>\nBlum dijo sentir &#8220;admiraci\u00f3n&#8221; por el Jefe de Estado y asegur\u00f3 que bajo su &#8220;liderazgo&#8221; el pa\u00eds superar\u00e1 los problemas econ\u00f3micos, sanitarios y alcanzar\u00e1 la &#8220;unidad&#8221; que necesita.<br \/>\nLa ministra de Exteriores asumi\u00f3 el cargo el 12 de noviembre de 2019, en reemplazo de Carlos Holmes Trujillo, quien pas\u00f3 al ministerio de Defensa y falleci\u00f3 a inicios de este a\u00f1o por Covid-19.<\/p>\n","protected":false},"excerpt":{"rendered":"<p>La renunciante canciller colombiana Claudia Blum (foto: Ansa (Cortes\u00eda ministerio de Exteriores de Colombia)) BOGOTA 13 MAY &#8211; La canciller colombiana, Claudia Blum, renunci\u00f3 de&hellip;<\/p>\n","protected":false},"author":99,"featured_media":497720,"comment_status":"open","ping_status":"open","sticky":false,"template":"","format":"standard","meta":{"footnotes":""},"categories":[23],"tags":[],"class_list":["post-497719","post","type-post","status-publish","format-standard","has-post-thumbnail","hentry","category-latinoamerica"],"_links":{"self":[{"href":"https:\/\/diarioelpopular.com\/index.php\/wp-json\/wp\/v2\/posts\/497719","targetHints":{"allow":["GET"]}}],"collection":[{"href":"https:\/\/diarioelpopular.com\/index.php\/wp-json\/wp\/v2\/posts"}],"about":[{"href":"https:\/\/diarioelpopular.com\/index.php\/wp-json\/wp\/v2\/types\/post"}],"author":[{"embeddable":true,"href":"https:\/\/diarioelpopular.com\/index.php\/wp-json\/wp\/v2\/users\/99"}],"replies":[{"embeddable":true,"href":"https:\/\/diarioelpopular.com\/index.php\/wp-json\/wp\/v2\/comments?post=497719"}],"version-history":[{"count":1,"href":"https:\/\/diarioelpopular.com\/index.php\/wp-json\/wp\/v2\/posts\/497719\/revisions"}],"predecessor-version":[{"id":497721,"href":"https:\/\/diarioelpopular.com\/index.php\/wp-json\/wp\/v2\/posts\/497719\/revisions\/497721"}],"wp:featuredmedia":[{"embeddable":true,"href":"https:\/\/diarioelpopular.com\/index.php\/wp-json\/wp\/v2\/media\/497720"}],"wp:attachment":[{"href":"https:\/\/diarioelpopular.com\/index.php\/wp-json\/wp\/v2\/media?parent=497719"}],"wp:term":[{"taxonomy":"category","embeddable":true,"href":"https:\/\/diarioelpopular.com\/index.php\/wp-json\/wp\/v2\/categories?post=497719"},{"taxonomy":"post_tag","embeddable":true,"href":"https:\/\/diarioelpopular.com\/index.php\/wp-json\/wp\/v2\/tags?post=497719"}],"curies":[{"name":"wp","href":"https:\/\/api.w.org\/{rel}","templated":true}]}}