{"id":497727,"date":"2021-05-14T10:24:08","date_gmt":"2021-05-14T14:24:08","guid":{"rendered":"https:\/\/diarioelpopular.com\/?p=497727"},"modified":"2021-05-14T10:24:08","modified_gmt":"2021-05-14T14:24:08","slug":"todos-los-eventos-de-verano-liderados-por-toronto-cancelados-para-2021","status":"publish","type":"post","link":"https:\/\/diarioelpopular.com\/index.php\/2021\/05\/14\/todos-los-eventos-de-verano-liderados-por-toronto-cancelados-para-2021\/","title":{"rendered":"Todos los eventos de verano liderados por Toronto cancelados para 2021"},"content":{"rendered":"<p><img loading=\"lazy\" decoding=\"async\" class=\"alignnone size-custom-full-size wp-image-497728\" src=\"https:\/\/diarioelpopular.com\/wp-content\/uploads\/2021\/05\/Screen-Shot-2021-05-14-at-10.10.00-AM-636x393.png\" alt=\"\" width=\"636\" height=\"393\" srcset=\"https:\/\/diarioelpopular.com\/wp-content\/uploads\/2021\/05\/Screen-Shot-2021-05-14-at-10.10.00-AM-636x393.png 636w, https:\/\/diarioelpopular.com\/wp-content\/uploads\/2021\/05\/Screen-Shot-2021-05-14-at-10.10.00-AM-300x185.png 300w, https:\/\/diarioelpopular.com\/wp-content\/uploads\/2021\/05\/Screen-Shot-2021-05-14-at-10.10.00-AM-768x475.png 768w, https:\/\/diarioelpopular.com\/wp-content\/uploads\/2021\/05\/Screen-Shot-2021-05-14-at-10.10.00-AM-118x73.png 118w, https:\/\/diarioelpopular.com\/wp-content\/uploads\/2021\/05\/Screen-Shot-2021-05-14-at-10.10.00-AM.png 1024w\" sizes=\"auto, (max-width: 636px) 100vw, 636px\" \/><\/p>\n<h4><em><strong>&#8211; La ciudad de Toronto anunci\u00f3 la cancelaci\u00f3n de todos los eventos importantes en persona al aire libre hasta el 6 de septiembre, por segundo a\u00f1o consecutivo, para frenar la propagaci\u00f3n del COVID-19.<\/strong><\/em><\/h4>\n<h4><em><strong>&#8211; Ontario reporta m\u00e1s de 2,300 nuevos casos de COVID-19, 26 muertes<\/strong><\/em><\/h4>\n<h4><em><strong>&#8211; Retrasar la segunda dosis de la vacuna Pfizer puede proteger mejor contra COVID-19, seg\u00fan un estudio<\/strong><\/em><\/h4>\n<p><em><strong>TORONTO.-<\/strong> <\/em>Algunos de los eventos cancelados incluyen la Exposici\u00f3n Nacional Canadiense (CNE), el Carnaval del Caribe, Honda Indy y Taste of the Danforth (lista completa a continuaci\u00f3n).<\/p>\n<p>La ciudad hab\u00eda cancelado previamente eventos importantes hasta el 1 de julio, pero lo extendi\u00f3 hasta septiembre, afectando a todos los festivales y actividades de verano.<\/p>\n<p>&#8220;La Ciudad comprende la importancia de estos eventos para la vitalidad, la habitabilidad y la prosperidad de Toronto&#8221;, dijeron los funcionarios de la ciudad este viernes. &#8220;La Ciudad se compromete a trabajar en estrecha colaboraci\u00f3n con los organizadores de eventos para ayudarlos a gestionar hasta 2021 y volver con m\u00e1s fuerza en 2022&#8221;.<\/p>\n<p>Todos los organizadores del evento recibieron un aviso previo de la decisi\u00f3n y los funcionarios dijeron que los organizadores hab\u00edan pedido una decisi\u00f3n temprana sobre los eventos debido a la log\u00edstica y el apoyo que se requieren para planificar los eventos.<\/p>\n<p>En lo que respecta al CNE, la ciudad dijo que apoyar\u00e1 a &#8220;The Ex&#8221; como lo hizo cuando el evento fue cancelado en 2020 debido a la pandemia.<\/p>\n<p>&#8220;Lo que suceda en los pr\u00f3ximos meses ser\u00e1 un momento decisivo para la organizaci\u00f3n y el legado de la feria m\u00e1s grande de Canad\u00e1&#8221;, dijo Darrell Brown, director ejecutivo de CNE.<\/p>\n<p>\u201cEl anuncio de hoy de la Ciudad significa que la CNE tendr\u00e1 que reevaluar la viabilidad financiera de sobrevivir un segundo a\u00f1o consecutivo de ingresos perdidos por un total de hasta $ 70 millones\u201d, dijo Brown.<\/p>\n<p>Aqu\u00ed hay una lista de los principales eventos en persona afectados por la cancelaci\u00f3n.<\/p>\n<p>Sabor del Medio Oriente<br \/>\nSabor de Lawrence<br \/>\nHonda Indy<br \/>\nFeria de arte al aire libre de Toronto<br \/>\nAfrofest<br \/>\nSalsa en Toronto<br \/>\n49 \u00b0 Festival Anual de la India<br \/>\nBloor West StreetFest<br \/>\nFestival de Jazz de Playas<br \/>\nOss Fest<br \/>\nCarnaval juvenil del Caribe<br \/>\nRibfest de Scarborough<br \/>\nCarnaval del Caribe, Concurso de reyes y reinas, Pan Alive y Gran Desfile<br \/>\nSabor del Danforth<br \/>\nFestival de comida y bebida de Vegandale<br \/>\nFeria de Cine de Bollywood<br \/>\nMercado nocturno frente al mar<br \/>\nExposici\u00f3n Nacional Canadiense<br \/>\nFestival de Mabuhay Filipinas<br \/>\nFestival del barrio chino de Toronto<br \/>\nDesfile del D\u00eda del Trabajo<\/p>\n<p>Los funcionarios dijeron que muchos de estos eventos se ofrecer\u00e1n de manera virtual y que deben comunicarse directamente con cada organizador de eventos para obtener m\u00e1s detalles.<\/p>\n<p>La decisi\u00f3n de cancelar todos los eventos de verano en un esfuerzo por frenar la propagaci\u00f3n del virus se tom\u00f3 en consulta con el oficial m\u00e9dico de salud de Toronto, el centro de operaciones de emergencia de la ciudad, la polic\u00eda de Toronto y los organizadores de eventos, dijeron funcionarios de la ciudad.<\/p>\n<p>El anuncio se produce un d\u00eda despu\u00e9s de que el primer ministro Doug Ford extendiera la orden de quedarse en casa hasta al menos el 2 de junio.<\/p>\n<p>&nbsp;<\/p>\n<h4><em><strong>Ontario reporta m\u00e1s de 2,300 nuevos casos de COVID-19, 26 muertes<\/strong><\/em><\/h4>\n<p><img loading=\"lazy\" decoding=\"async\" class=\"alignnone size-custom-full-size wp-image-497730\" src=\"https:\/\/diarioelpopular.com\/wp-content\/uploads\/2021\/05\/Screen-Shot-2021-05-13-at-9.35.42-PM-636x413.png\" alt=\"\" width=\"636\" height=\"413\" srcset=\"https:\/\/diarioelpopular.com\/wp-content\/uploads\/2021\/05\/Screen-Shot-2021-05-13-at-9.35.42-PM-636x413.png 636w, https:\/\/diarioelpopular.com\/wp-content\/uploads\/2021\/05\/Screen-Shot-2021-05-13-at-9.35.42-PM-300x195.png 300w, https:\/\/diarioelpopular.com\/wp-content\/uploads\/2021\/05\/Screen-Shot-2021-05-13-at-9.35.42-PM-768x498.png 768w, https:\/\/diarioelpopular.com\/wp-content\/uploads\/2021\/05\/Screen-Shot-2021-05-13-at-9.35.42-PM-85x55.png 85w, https:\/\/diarioelpopular.com\/wp-content\/uploads\/2021\/05\/Screen-Shot-2021-05-13-at-9.35.42-PM-112x73.png 112w, https:\/\/diarioelpopular.com\/wp-content\/uploads\/2021\/05\/Screen-Shot-2021-05-13-at-9.35.42-PM.png 1024w\" sizes=\"auto, (max-width: 636px) 100vw, 636px\" \/><\/p>\n<p><em>Actualizado viernes 14 de mayo de 2021 10:26 a.m.<\/em><\/p>\n<p><em><strong>TORONTO.-<\/strong> <\/em>Este viernes se reportaron 2,362 nuevos casos de COVID-19. El total provincial asciende ahora a 504.533.<\/p>\n<p>El recuento de casos es menor que el del jueves, en el que se registraron 2.759 nuevas infecciones. El mi\u00e9rcoles se registraron 2.320 y el martes 2.073. Tambi\u00e9n es el quinto d\u00eda consecutivo en que los casos est\u00e1n por debajo de los 3.000.<\/p>\n<p>Seg\u00fan el informe, se registraron 691 casos en Toronto, 563 en la regi\u00f3n de Peel, 224 en la regi\u00f3n de York, 148 en la regi\u00f3n de Durham y 112 en Hamilton.<\/p>\n<p>Todas las dem\u00e1s unidades de salud p\u00fablica locales notificaron menos de 100 casos nuevos en el informe provincial.<\/p>\n<p>El n\u00famero de muertos en la provincia ha aumentado a 8.431, ya que se registraron 26 muertes m\u00e1s.<\/p>\n<p>Mientras tanto, se inform\u00f3 que 468,033 residentes de Ontario se hab\u00edan recuperado de COVID-19, que es aproximadamente el 92 por ciento de los casos conocidos. Los casos resueltos aumentaron en 3.502 respecto al d\u00eda anterior.<\/p>\n<p>Hubo m\u00e1s casos resueltos que casos nuevos el viernes.<\/p>\n<p>Los casos activos en Ontario ahora ascienden a 28,069, por debajo del d\u00eda anterior cuando estaba en 29,235, y est\u00e1 por debajo del 7 de mayo cuando estaba en 33,645. En el pico de la oleada de coronavirus de la segunda ola en enero, los casos activos llegaron a poco m\u00e1s de 30.000. En la tercera ola de abril, los casos activos superaron los 43.000.<\/p>\n<p>El promedio de siete d\u00edas ha llegado a 2.616, que es inferior al de ayer en 2.731, y est\u00e1 por debajo de la semana pasada en 3.266. Hace un mes, el promedio de siete d\u00edas era de alrededor de 4.000.<\/p>\n<p>El gobierno dijo que se procesaron 44.040 pruebas en las \u00faltimas 24 horas. Actualmente hay una acumulaci\u00f3n de 22.237 pruebas en espera de resultados. Se han completado un total de 14,695,084 pruebas desde el inicio de la pandemia.<\/p>\n<p>La positividad de la prueba de este viernes fue del 6,1 por ciento. Esa cifra es superior a la del jueves en el 5,7 por ciento, pero es inferior a la semana pasada cuando era del 7 por ciento.<\/p>\n<p>Ontario inform\u00f3 que 1.582 personas est\u00e1n hospitalizadas con COVID-19 (50 menos que el d\u00eda anterior) con 777 pacientes en unidades de cuidados intensivos (uno m\u00e1s) y 560 pacientes en UCI con ventilador (8 menos).<\/p>\n<p>A partir de las 8 p.m. el jueves se administraron m\u00e1s de 6,7 millones de dosis de la vacuna COVID-19. Eso marca un aumento de 141,765 vacunas en el \u00faltimo d\u00eda. Hay 415,531 personas completamente vacunadas con dos dosis.<\/p>\n<p>&nbsp;<\/p>\n<h4><em><strong>Retrasar la segunda dosis de la vacuna Pfizer puede proteger mejor contra COVID-19, seg\u00fan un estudio<\/strong><\/em><\/h4>\n<p><img loading=\"lazy\" decoding=\"async\" class=\"alignnone size-custom-full-size wp-image-497729\" src=\"https:\/\/diarioelpopular.com\/wp-content\/uploads\/2021\/05\/Screen-Shot-2021-05-13-at-9.36.35-PM-636x381.png\" alt=\"\" width=\"636\" height=\"381\" srcset=\"https:\/\/diarioelpopular.com\/wp-content\/uploads\/2021\/05\/Screen-Shot-2021-05-13-at-9.36.35-PM-636x380.png 636w, https:\/\/diarioelpopular.com\/wp-content\/uploads\/2021\/05\/Screen-Shot-2021-05-13-at-9.36.35-PM-300x179.png 300w, https:\/\/diarioelpopular.com\/wp-content\/uploads\/2021\/05\/Screen-Shot-2021-05-13-at-9.36.35-PM-768x459.png 768w, https:\/\/diarioelpopular.com\/wp-content\/uploads\/2021\/05\/Screen-Shot-2021-05-13-at-9.36.35-PM-122x73.png 122w, https:\/\/diarioelpopular.com\/wp-content\/uploads\/2021\/05\/Screen-Shot-2021-05-13-at-9.36.35-PM.png 1024w\" sizes=\"auto, (max-width: 636px) 100vw, 636px\" \/><\/p>\n<p>La vacuna COVID-19 de Pfizer genera respuestas de anticuerpos tres veces y media mayores en las personas mayores cuando una segunda dosis se retrasa hasta 12 semanas despu\u00e9s de la primera, seg\u00fan un estudio brit\u00e1nico.<\/p>\n<p>El estudio publicado este viernes es el primero en comparar directamente las respuestas inmunitarias de la inyecci\u00f3n de Pfizer del intervalo de dosificaci\u00f3n de tres semanas probado en ensayos cl\u00ednicos, y el intervalo extendido de 12 semanas que recomiendan los funcionarios brit\u00e1nicos para dar a las personas m\u00e1s vulnerables al menos algo protecci\u00f3n r\u00e1pidamente.<\/p>\n<p>Despu\u00e9s de que Gran Breta\u00f1a se moviera para extender el intervalo entre dosis, Pfizer y el socio de vacunas BioNTech dijeron que no hab\u00eda datos para respaldar la medida. Sin embargo, Pfizer ha dicho que se podr\u00edan tener en cuenta consideraciones de salud p\u00fablica fuera de los ensayos cl\u00ednicos.<\/p>\n<p>Canad\u00e1 ha adoptado un enfoque similar, concentr\u00e1ndose en dar a la mayor cantidad posible de personas una primera dosis antes de administrar una segunda, extendiendo as\u00ed el tiempo entre dosis.<\/p>\n<p>&#8220;Nuestro estudio demuestra que las respuestas m\u00e1ximas de anticuerpos despu\u00e9s de la segunda vacuna Pfizer mejoran notablemente en las personas mayores cuando se retrasa a 12 semanas&#8221;, dijo Helen Parry, autora del estudio con sede en la Universidad de Birmingham.<\/p>\n<p>Gran Breta\u00f1a comenz\u00f3 a implementar la vacuna de Pfizer antes de cambiar la pol\u00edtica de dosificaci\u00f3n, lo que significa que una peque\u00f1a cantidad de personas que recibieron la vacuna temprano recibieron la segunda vacuna tres semanas despu\u00e9s.<\/p>\n<p>El estudio, que a\u00fan no ha sido revisado por pares, analiz\u00f3 a 175 personas de entre 80 y 99 a\u00f1os y descubri\u00f3 que extender el intervalo de la segunda dosis a 12 semanas aument\u00f3 la respuesta m\u00e1xima de anticuerpos 3,5 veces en comparaci\u00f3n con aquellos que la ten\u00edan a las tres semanas. .<\/p>\n<p>Los anticuerpos son una parte del sistema inmunol\u00f3gico y las vacunas tambi\u00e9n generan c\u00e9lulas T. Las respuestas m\u00e1ximas de las c\u00e9lulas T fueron m\u00e1s altas en el grupo con un intervalo de 3 semanas entre dosis, y los autores advirtieron contra sacar conclusiones sobre la protecci\u00f3n de los individuos en funci\u00f3n del programa de dosificaci\u00f3n que recibieron.<\/p>\n<p>Sin embargo, tomando en cuenta los datos que muestran una buena protecci\u00f3n contra la hospitalizaci\u00f3n y la muerte por una sola inyecci\u00f3n de la vacuna Pfizer, Public Health England dijo que el estudio era una prueba m\u00e1s a favor del enfoque de Gran Breta\u00f1a.<\/p>\n<p>&#8220;El enfoque adoptado en el Reino Unido para retrasar la segunda dosis realmente ha dado sus frutos&#8221;, dijo a los periodistas Gayatri Amirthalingam, epidemi\u00f3logo consultor de Public Health England.<\/p>\n","protected":false},"excerpt":{"rendered":"<p>&#8211; La ciudad de Toronto anunci\u00f3 la cancelaci\u00f3n de todos los eventos importantes en persona al aire libre hasta el 6 de septiembre, por segundo&hellip;<\/p>\n","protected":false},"author":99,"featured_media":497728,"comment_status":"open","ping_status":"open","sticky":false,"template":"","format":"standard","meta":{"footnotes":""},"categories":[21,11191],"tags":[],"class_list":["post-497727","post","type-post","status-publish","format-standard","has-post-thumbnail","hentry","category-canada","category-top-news"],"_links":{"self":[{"href":"https:\/\/diarioelpopular.com\/index.php\/wp-json\/wp\/v2\/posts\/497727","targetHints":{"allow":["GET"]}}],"collection":[{"href":"https:\/\/diarioelpopular.com\/index.php\/wp-json\/wp\/v2\/posts"}],"about":[{"href":"https:\/\/diarioelpopular.com\/index.php\/wp-json\/wp\/v2\/types\/post"}],"author":[{"embeddable":true,"href":"https:\/\/diarioelpopular.com\/index.php\/wp-json\/wp\/v2\/users\/99"}],"replies":[{"embeddable":true,"href":"https:\/\/diarioelpopular.com\/index.php\/wp-json\/wp\/v2\/comments?post=497727"}],"version-history":[{"count":1,"href":"https:\/\/diarioelpopular.com\/index.php\/wp-json\/wp\/v2\/posts\/497727\/revisions"}],"predecessor-version":[{"id":497731,"href":"https:\/\/diarioelpopular.com\/index.php\/wp-json\/wp\/v2\/posts\/497727\/revisions\/497731"}],"wp:featuredmedia":[{"embeddable":true,"href":"https:\/\/diarioelpopular.com\/index.php\/wp-json\/wp\/v2\/media\/497728"}],"wp:attachment":[{"href":"https:\/\/diarioelpopular.com\/index.php\/wp-json\/wp\/v2\/media?parent=497727"}],"wp:term":[{"taxonomy":"category","embeddable":true,"href":"https:\/\/diarioelpopular.com\/index.php\/wp-json\/wp\/v2\/categories?post=497727"},{"taxonomy":"post_tag","embeddable":true,"href":"https:\/\/diarioelpopular.com\/index.php\/wp-json\/wp\/v2\/tags?post=497727"}],"curies":[{"name":"wp","href":"https:\/\/api.w.org\/{rel}","templated":true}]}}