{"id":497746,"date":"2021-05-14T10:39:11","date_gmt":"2021-05-14T14:39:11","guid":{"rendered":"https:\/\/diarioelpopular.com\/?p=497746"},"modified":"2021-05-14T10:39:11","modified_gmt":"2021-05-14T14:39:11","slug":"alberto-fernandez-se-reunio-con-directora-de-fmi","status":"publish","type":"post","link":"https:\/\/diarioelpopular.com\/index.php\/2021\/05\/14\/alberto-fernandez-se-reunio-con-directora-de-fmi\/","title":{"rendered":"Alberto Fern\u00e1ndez se reuni\u00f3 con directora de FMI"},"content":{"rendered":"<p><img loading=\"lazy\" decoding=\"async\" class=\"alignnone size-medium wp-image-497747\" src=\"https:\/\/diarioelpopular.com\/wp-content\/uploads\/2021\/05\/44e97a18ed4021f80fad563a07abe6a2-300x265.jpeg\" alt=\"\" width=\"300\" height=\"265\" srcset=\"https:\/\/diarioelpopular.com\/wp-content\/uploads\/2021\/05\/44e97a18ed4021f80fad563a07abe6a2-300x265.jpeg 300w, https:\/\/diarioelpopular.com\/wp-content\/uploads\/2021\/05\/44e97a18ed4021f80fad563a07abe6a2-83x73.jpeg 83w, https:\/\/diarioelpopular.com\/wp-content\/uploads\/2021\/05\/44e97a18ed4021f80fad563a07abe6a2.jpeg 624w\" sizes=\"auto, (max-width: 300px) 100vw, 300px\" \/><\/p>\n<p><em>Kristalina Georgieva con Alberto Fern\u00e1ndez <\/em><\/p>\n<p><em><strong>BUENOS AIRES 14 MAY &#8211;<\/strong><\/em> El presidente argentino, Alberto Fern\u00e1ndez, se reuni\u00f3 en Roma con la directora del Fondo Monetario Internacional, Kristalina Georgieva, con quien abord\u00f3 la cuesti\u00f3n de la reestructuraci\u00f3n de la deuda argentina con el organismo.<br \/>\n&#8220;La vocaci\u00f3n es encontrar un acuerdo lo m\u00e1s r\u00e1pido posible, pero no podemos pensar en un acuerdo que exija mayores esfuerzos al pueblo argentino&#8221;, afirm\u00f3 Fern\u00e1ndez al final de la reuni\u00f3n.<br \/>\n&#8220;Fue una reuni\u00f3n constructiva en la que insist\u00ed en mis planteos, que tienen que ver con la reducci\u00f3n de las sobretasas, extender los plazos y entender que el mundo est\u00e1 viviendo un momento singular y que por lo tanto hay que atender a esa singularidad&#8221;, agreg\u00f3 Fern\u00e1ndez.<br \/>\nSeg\u00fan el presidente argentino, la directora del FMI es &#8220;muy consciente sobre la situaci\u00f3n que vive el mundo y se ve muy comprensiva de la situaci\u00f3n argentina&#8221;.<br \/>\nGeorgieva se encuentra en Roma para participar de la conferencia &#8220;Dreaming of a Better Restart&#8221; (So\u00f1ando con un mejor reinicio), organizada por la Pontificia Academia de las Ciencias del Vaticano y en la que tambi\u00e9n intervendr\u00e1 el ministro de Econom\u00eda argentino, Mart\u00edn Guzm\u00e1n.<\/p>\n","protected":false},"excerpt":{"rendered":"<p>Kristalina Georgieva con Alberto Fern\u00e1ndez BUENOS AIRES 14 MAY &#8211; El presidente argentino, Alberto Fern\u00e1ndez, se reuni\u00f3 en Roma con la directora del Fondo Monetario&hellip;<\/p>\n","protected":false},"author":99,"featured_media":497747,"comment_status":"open","ping_status":"open","sticky":false,"template":"","format":"standard","meta":{"footnotes":""},"categories":[23],"tags":[],"class_list":["post-497746","post","type-post","status-publish","format-standard","has-post-thumbnail","hentry","category-latinoamerica"],"_links":{"self":[{"href":"https:\/\/diarioelpopular.com\/index.php\/wp-json\/wp\/v2\/posts\/497746","targetHints":{"allow":["GET"]}}],"collection":[{"href":"https:\/\/diarioelpopular.com\/index.php\/wp-json\/wp\/v2\/posts"}],"about":[{"href":"https:\/\/diarioelpopular.com\/index.php\/wp-json\/wp\/v2\/types\/post"}],"author":[{"embeddable":true,"href":"https:\/\/diarioelpopular.com\/index.php\/wp-json\/wp\/v2\/users\/99"}],"replies":[{"embeddable":true,"href":"https:\/\/diarioelpopular.com\/index.php\/wp-json\/wp\/v2\/comments?post=497746"}],"version-history":[{"count":1,"href":"https:\/\/diarioelpopular.com\/index.php\/wp-json\/wp\/v2\/posts\/497746\/revisions"}],"predecessor-version":[{"id":497748,"href":"https:\/\/diarioelpopular.com\/index.php\/wp-json\/wp\/v2\/posts\/497746\/revisions\/497748"}],"wp:featuredmedia":[{"embeddable":true,"href":"https:\/\/diarioelpopular.com\/index.php\/wp-json\/wp\/v2\/media\/497747"}],"wp:attachment":[{"href":"https:\/\/diarioelpopular.com\/index.php\/wp-json\/wp\/v2\/media?parent=497746"}],"wp:term":[{"taxonomy":"category","embeddable":true,"href":"https:\/\/diarioelpopular.com\/index.php\/wp-json\/wp\/v2\/categories?post=497746"},{"taxonomy":"post_tag","embeddable":true,"href":"https:\/\/diarioelpopular.com\/index.php\/wp-json\/wp\/v2\/tags?post=497746"}],"curies":[{"name":"wp","href":"https:\/\/api.w.org\/{rel}","templated":true}]}}