{"id":497766,"date":"2021-05-16T12:17:43","date_gmt":"2021-05-16T16:17:43","guid":{"rendered":"https:\/\/diarioelpopular.com\/?p=497766"},"modified":"2021-05-16T12:17:43","modified_gmt":"2021-05-16T16:17:43","slug":"estudiantes-presionan-por-ceremonias-de-graduacion-al-aire-libre","status":"publish","type":"post","link":"https:\/\/diarioelpopular.com\/index.php\/2021\/05\/16\/estudiantes-presionan-por-ceremonias-de-graduacion-al-aire-libre\/","title":{"rendered":"Estudiantes presionan por ceremonias de graduaci\u00f3n al aire libre"},"content":{"rendered":"<p><img loading=\"lazy\" decoding=\"async\" class=\"alignnone size-medium wp-image-497769\" src=\"https:\/\/diarioelpopular.com\/wp-content\/uploads\/2021\/05\/graduation-class-300x169.jpg\" alt=\"\" width=\"300\" height=\"169\" srcset=\"https:\/\/diarioelpopular.com\/wp-content\/uploads\/2021\/05\/graduation-class-300x169.jpg 300w, https:\/\/diarioelpopular.com\/wp-content\/uploads\/2021\/05\/graduation-class-768x432.jpg 768w, https:\/\/diarioelpopular.com\/wp-content\/uploads\/2021\/05\/graduation-class-1200x675.jpg 1200w, https:\/\/diarioelpopular.com\/wp-content\/uploads\/2021\/05\/graduation-class-636x358.jpg 636w, https:\/\/diarioelpopular.com\/wp-content\/uploads\/2021\/05\/graduation-class-130x73.jpg 130w, https:\/\/diarioelpopular.com\/wp-content\/uploads\/2021\/05\/graduation-class.jpg 1024w\" sizes=\"auto, (max-width: 300px) 100vw, 300px\" \/><\/p>\n<h4><em><strong>La graduaci\u00f3n ha sido el tema de conversaci\u00f3n entre Anoosha Keshav, de 17 a\u00f1os, y sus amigos durante meses.<\/strong><\/em><\/h4>\n<p><em><strong>TORONTO.-<\/strong> <\/em>Despu\u00e9s de que sus \u00faltimos dos a\u00f1os de escuela secundaria fueron interrumpidos por la pandemia de COVID-19, la adolescente de Mississauga, Ontario, y sus compa\u00f1eros anhelan un poco de normalidad para marcar el final de esta etapa en sus vidas, no otra reducida, solo en l\u00ednea. evento.<\/p>\n<p>\u201cAparece en casi todas las conversaciones\u201d, dijo. \u201cEl hecho de que ser\u00e1 un video pregrabado que tendr\u00e1s que ver es realmente decepcionante. No es motivador, ya sabes, porque casi llegamos al final, y es realmente triste que as\u00ed sea como ser\u00e1 nuestra graduaci\u00f3n &#8220;.<\/p>\n<p>De modo que Keshav ha ideado una alternativa. Ella est\u00e1 pidiendo al gobierno de Ontario que permita ceremonias al aire libre seguras por COVID, con distanciamiento f\u00edsico y equipo de protecci\u00f3n personal.<\/p>\n<p>\u201cEsto es algo realmente importante para nosotros\u201d, dijo. &#8220;Queremos celebrar este hito como es debido, especialmente considerando que hemos pasado la totalidad de nuestro \u00faltimo a\u00f1o en una pandemia y la mitad de nuestro tercer a\u00f1o tambi\u00e9n&#8221;.<\/p>\n<p>Keshav no est\u00e1 sola en su deseo de una ceremonia al aire libre.<\/p>\n<p>Una petici\u00f3n en l\u00ednea que inici\u00f3 hace menos de una semana hab\u00eda obtenido m\u00e1s de 9,700 firmas el domingo por la ma\u00f1ana. Provienen de personas que se identifican a s\u00ed mismas como estudiantes, maestros y padres.<\/p>\n<p>\u201cMe gustar\u00eda tener al menos una experiencia memorable de grado 12\u201d, escribi\u00f3 uno de los signatarios.<\/p>\n<p>\u201cEste a\u00f1o ha estado lleno de decepciones, no terminemos con una\u201d, dijo otro.<\/p>\n<p>Para Nathalia Aranda, de 18 a\u00f1os, de St. George, Ontario, perder una graduaci\u00f3n en persona significar\u00eda perderse el tan esperado y duramente ganado reconocimiento.<\/p>\n<p>\u201cCuando dejas la escuela secundaria, no solo te vas con un diploma, te vas con otras caracter\u00edsticas como cuadro de honor, becas y se anuncian tus metas futuras. Y creo que es realmente importante para nosotros los estudiantes obtener ese reconocimiento por todo lo que hemos trabajado \u201d, dijo Aranda, quien firm\u00f3 la petici\u00f3n el s\u00e1bado.<\/p>\n<p>Dijo que hab\u00eda estado planeando su ceremonia de graduaci\u00f3n desde el noveno grado y esperaba usarla para rendir homenaje a sus ra\u00edces despu\u00e9s de mudarse de Colombia cuando era m\u00e1s joven.<\/p>\n<p>&#8220;Ten\u00eda muchas ganas de cruzar el escenario y levantar mi bandera solo para demostrar que cualquiera puede llegar aqu\u00ed&#8221;, dijo. \u201cY ese es realmente mi plan. Y ahora no puedo hacer eso porque est\u00e1 en Zoom &#8220;.<\/p>\n<p>El impulso para las ceremonias de graduaci\u00f3n en persona se produce cuando Ontario contin\u00faa abordando la tercera ola de la pandemia, y la provincia extiende la orden de quedarse en casa hasta al menos el 2 de junio.<\/p>\n<p>Los estudiantes de Ontario han estado aprendiendo de forma remota durante m\u00e1s de un mes y a\u00fan no est\u00e1 claro si regresar\u00e1n al aula f\u00edsica antes de que comiencen las vacaciones de verano, incluso a medida que aumentan los esfuerzos de vacunaci\u00f3n.<\/p>\n<p>La provincia tiene como objetivo abrir las citas de vacunaci\u00f3n para todas las personas de 18 a\u00f1os en adelante para la semana del 24 de mayo, y espera comenzar a vacunar a los adolescentes entre las edades de 12 y 17 en junio.<\/p>\n<p>Pero queda por ver cu\u00e1ntos j\u00f3venes recibir\u00e1n su primera dosis de la inyecci\u00f3n de Pfizer-BioNTech, la \u00fanica aprobada para uso en menores, a tiempo para las ceremonias de graduaci\u00f3n, que generalmente ocurren a fines de junio.<\/p>\n<p>Una portavoz del ministro de Educaci\u00f3n, Stephen Lecce, dijo que est\u00e1 investigando la viabilidad de las ceremonias al aire libre.<\/p>\n<p>&#8220;Los estudiantes de Ontario merecen esta conclusi\u00f3n positiva de su viaje acad\u00e9mico, de manera segura&#8221;, dijo Caitlin Clark en un correo electr\u00f3nico. &#8220;Estamos trabajando activamente con el Director M\u00e9dico de Salud en esto con el fin de preservar estas oportunidades de reconocer con orgullo el incre\u00edble \u00e9xito y logro de nuestros estudiantes&#8221;.<\/p>\n<p>Pero algunas juntas escolares dicen que incluso si la provincia da luz verde, puede que sea demasiado tarde para organizar una ceremonia en persona.<\/p>\n<p>La Junta Escolar del Distrito Cat\u00f3lico de Dufferin-Peel, por ejemplo, dijo que organizar tales eventos y mantenerlos seguros presenta obst\u00e1culos importantes.<\/p>\n<p>\u201cSi se termina la orden de quedarse en casa, es muy probable que se establezcan restricciones para las reuniones al aire libre que limiten los n\u00fameros. Tenemos clases de graduados que ser\u00edan m\u00e1s de 400 estudiantes \u201d, dijo Bruce Campbell en un correo electr\u00f3nico, y agreg\u00f3 que Peel se encuentra entre los puntos calientes de COVID-19 m\u00e1s grandes del pa\u00eds.<\/p>\n<p>\u201c(La junta) ha tomado la decisi\u00f3n, en consulta con nuestras unidades de salud p\u00fablica, de realizar eventos virtuales de graduaci\u00f3n nuevamente este a\u00f1o\u201d.<\/p>\n<p>La junta secular de la misma zona, la Junta Escolar del Distrito de Peel, tom\u00f3 la misma decisi\u00f3n.<\/p>\n<p>&nbsp;<\/p>\n<h4><em><strong>Este domingo se reportan cerca de 2.200 nuevos casos de COVID-19, 30 muertes m\u00e1s<\/strong><\/em><\/h4>\n<p><img loading=\"lazy\" decoding=\"async\" class=\"alignnone size-medium wp-image-497767\" src=\"https:\/\/diarioelpopular.com\/wp-content\/uploads\/2021\/05\/Screen-Shot-2021-05-16-at-12.02.00-PM-300x175.png\" alt=\"\" width=\"300\" height=\"175\" srcset=\"https:\/\/diarioelpopular.com\/wp-content\/uploads\/2021\/05\/Screen-Shot-2021-05-16-at-12.02.00-PM-300x175.png 300w, https:\/\/diarioelpopular.com\/wp-content\/uploads\/2021\/05\/Screen-Shot-2021-05-16-at-12.02.00-PM-768x448.png 768w, https:\/\/diarioelpopular.com\/wp-content\/uploads\/2021\/05\/Screen-Shot-2021-05-16-at-12.02.00-PM-636x371.png 636w, https:\/\/diarioelpopular.com\/wp-content\/uploads\/2021\/05\/Screen-Shot-2021-05-16-at-12.02.00-PM-125x73.png 125w, https:\/\/diarioelpopular.com\/wp-content\/uploads\/2021\/05\/Screen-Shot-2021-05-16-at-12.02.00-PM.png 1024w\" sizes=\"auto, (max-width: 300px) 100vw, 300px\" \/><\/p>\n<p><em>Actualizado domingo 16 de mayo de 2021 12:15 p.m.<\/em><\/p>\n<p><em><strong>TORONTO.-<\/strong><\/em> Ontario report\u00f3 2.199 casos de COVID-19 este domingo, lo que eleva el n\u00famero total de casos en la provincia a 509.316.<\/p>\n<p>\u201cA nivel local, hay 633 casos nuevos en Toronto, 547 en Peel, 172 en la regi\u00f3n de York, 143 en Durham y 129 en Hamilton\u201d, dijo la ministra de Salud, Christine Elliott.<\/p>\n<p>A modo de comparaci\u00f3n, el domingo pasado se reportaron 3.216 casos.<\/p>\n<p>Tambi\u00e9n se anunciaron treinta nuevas muertes el 16 de mayo, con lo que la cifra provincial de muertos asciende a 8.485.<\/p>\n<p>Un total de 474,175 casos de coronavirus se consideran resueltos, lo que representa un aumento de 3,079 y es el 93,1 por ciento de todos los casos confirmados.<\/p>\n<p>Se completaron m\u00e1s de 33,100 pruebas adicionales. Ontario ha completado un total de 14,770,546 pruebas y 12,559 siguen bajo investigaci\u00f3n.<\/p>\n<p>La provincia indic\u00f3 que la tasa de positividad para el \u00faltimo d\u00eda fue del 6,8 por ciento, que es superior al informe del s\u00e1bado, cuando fue del 6,2 por ciento, y por debajo del informe del domingo pasado, cuando fue del 7,1 por ciento.<\/p>\n<p>Ha habido 107.541 casos confirmados de la variante B.1.1.7, descubiertos por primera vez en el Reino Unido (un aumento de 1.498), as\u00ed como 677 de la variante B.1.351 que se descubri\u00f3 en Sud\u00e1frica (un aumento de 52) y 1.983 casos de la variante P.1, encontrados por primera vez en Brasil (hasta 130).<\/p>\n<p>Las cifras provinciales mostraron que hay 1.292 personas hospitalizadas con el virus (una disminuci\u00f3n de 254), con 785 en cuidados intensivos debido a COVID-19 (sin cambios), 552 de las cuales est\u00e1n en un ventilador (una disminuci\u00f3n de ocho).<\/p>\n<p>Sin embargo, la provincia se\u00f1al\u00f3 que m\u00e1s del 10% de los hospitales no presentaron su censo diario de camas para el informe del domingo, como suele ser el caso los fines de semana, lo que posiblemente provoque que el n\u00famero de hospitalizaciones informado sea menor de lo que realmente es.<\/p>\n<p>La provincia tambi\u00e9n se\u00f1ala que la cantidad de casos notificados p\u00fablicamente cada d\u00eda puede no coincidir con los recuentos de casos notificados por las unidades de salud p\u00fablica locales en un d\u00eda determinado. Las unidades de salud p\u00fablica locales informan cu\u00e1ndo se les notific\u00f3 por primera vez de un caso, que puede actualizarse y cambiarse a medida que la informaci\u00f3n est\u00e9 disponible. Los datos tambi\u00e9n se pueden extraer en diferentes momentos.<\/p>\n<p>Hasta el s\u00e1bado por la noche, se hab\u00edan administrado 7.064.815 dosis de la vacuna COVID-19 en Ontario, lo que representa un aumento de 139.583.<\/p>\n<p>Hasta el momento, se considera que 429.636 personas en la provincia est\u00e1n completamente vacunadas.<\/p>\n","protected":false},"excerpt":{"rendered":"<p>La graduaci\u00f3n ha sido el tema de conversaci\u00f3n entre Anoosha Keshav, de 17 a\u00f1os, y sus amigos durante meses. TORONTO.- Despu\u00e9s de que sus \u00faltimos&hellip;<\/p>\n","protected":false},"author":99,"featured_media":497769,"comment_status":"open","ping_status":"open","sticky":false,"template":"","format":"standard","meta":{"footnotes":""},"categories":[21,11191],"tags":[],"class_list":["post-497766","post","type-post","status-publish","format-standard","has-post-thumbnail","hentry","category-canada","category-top-news"],"_links":{"self":[{"href":"https:\/\/diarioelpopular.com\/index.php\/wp-json\/wp\/v2\/posts\/497766","targetHints":{"allow":["GET"]}}],"collection":[{"href":"https:\/\/diarioelpopular.com\/index.php\/wp-json\/wp\/v2\/posts"}],"about":[{"href":"https:\/\/diarioelpopular.com\/index.php\/wp-json\/wp\/v2\/types\/post"}],"author":[{"embeddable":true,"href":"https:\/\/diarioelpopular.com\/index.php\/wp-json\/wp\/v2\/users\/99"}],"replies":[{"embeddable":true,"href":"https:\/\/diarioelpopular.com\/index.php\/wp-json\/wp\/v2\/comments?post=497766"}],"version-history":[{"count":1,"href":"https:\/\/diarioelpopular.com\/index.php\/wp-json\/wp\/v2\/posts\/497766\/revisions"}],"predecessor-version":[{"id":497770,"href":"https:\/\/diarioelpopular.com\/index.php\/wp-json\/wp\/v2\/posts\/497766\/revisions\/497770"}],"wp:featuredmedia":[{"embeddable":true,"href":"https:\/\/diarioelpopular.com\/index.php\/wp-json\/wp\/v2\/media\/497769"}],"wp:attachment":[{"href":"https:\/\/diarioelpopular.com\/index.php\/wp-json\/wp\/v2\/media?parent=497766"}],"wp:term":[{"taxonomy":"category","embeddable":true,"href":"https:\/\/diarioelpopular.com\/index.php\/wp-json\/wp\/v2\/categories?post=497766"},{"taxonomy":"post_tag","embeddable":true,"href":"https:\/\/diarioelpopular.com\/index.php\/wp-json\/wp\/v2\/tags?post=497766"}],"curies":[{"name":"wp","href":"https:\/\/api.w.org\/{rel}","templated":true}]}}