{"id":497783,"date":"2021-05-17T10:32:49","date_gmt":"2021-05-17T14:32:49","guid":{"rendered":"https:\/\/diarioelpopular.com\/?p=497783"},"modified":"2021-05-17T10:32:49","modified_gmt":"2021-05-17T14:32:49","slug":"la-protesta-demanda-dialogo-al-gobierno","status":"publish","type":"post","link":"https:\/\/diarioelpopular.com\/index.php\/2021\/05\/17\/la-protesta-demanda-dialogo-al-gobierno\/","title":{"rendered":"La protesta demanda di\u00e1logo al gobierno"},"content":{"rendered":"<div id=\"attachment_497784\" style=\"width: 310px\" class=\"wp-caption alignnone\"><img loading=\"lazy\" decoding=\"async\" aria-describedby=\"caption-attachment-497784\" class=\"size-medium wp-image-497784\" src=\"https:\/\/diarioelpopular.com\/wp-content\/uploads\/2021\/05\/52f7915d8ea3e6b4c90b470a517db8b9-300x158.jpg\" alt=\"\" width=\"300\" height=\"158\" srcset=\"https:\/\/diarioelpopular.com\/wp-content\/uploads\/2021\/05\/52f7915d8ea3e6b4c90b470a517db8b9-300x158.jpg 300w, https:\/\/diarioelpopular.com\/wp-content\/uploads\/2021\/05\/52f7915d8ea3e6b4c90b470a517db8b9-636x334.jpg 636w, https:\/\/diarioelpopular.com\/wp-content\/uploads\/2021\/05\/52f7915d8ea3e6b4c90b470a517db8b9-139x73.jpg 139w, https:\/\/diarioelpopular.com\/wp-content\/uploads\/2021\/05\/52f7915d8ea3e6b4c90b470a517db8b9.jpg 680w\" sizes=\"auto, (max-width: 300px) 100vw, 300px\" \/><p id=\"caption-attachment-497784\" class=\"wp-caption-text\"><em>Una imagen del encuentro entre el gobierno y miembros del Comit\u00e9 Nacional de Paro de Colombia (foto: Gentileza Naciones Unidas)<\/em><\/p><\/div>\n<p><em><strong>BOGOTA 17 MAY &#8211;<\/strong><\/em> Con la entrega de un documento y la voluntad manifiesta de querer superar la crisis social actual mediante el di\u00e1logo, concluy\u00f3 este domingo el encuentro entre miembros del Comit\u00e9 Nacional de Paro (CNP) y el gobierno colombiano.<br \/>\nEl documento en cuesti\u00f3n fue depositado sobre la mesa de negociaci\u00f3n por el CNP y dirigido a la administraci\u00f3n de Iv\u00e1n Duque.<br \/>\nEl contenido de la propuesta se divide en dos grandes temas: garant\u00edas para ejercer las protestas, incluida la protecci\u00f3n a los manifestantes frente a la violencia policiaca, y el conjunto de reclamos puntuales que se negociar\u00edan una vez cumplido el primer reclamo.<br \/>\nPara el Comit\u00e9 lo primero es resolver todo lo relacionado con las &#8220;garant\u00edas&#8221; para el &#8220;ejercicio de la protesta&#8221; social y cuya prioridad es el pedido al presidente de &#8220;abstenerse&#8221; de decretar el &#8220;estado de conmoci\u00f3n interior&#8221;, un recurso extraordinario constitucional que se convoca en caso de un agravamiento del orden p\u00fablico y el cual limita varios derechos civiles.<br \/>\nEL CNP tambi\u00e9n pidi\u00f3 que antes de iniciar la discusi\u00f3n de los temas fundamentales que impulsan las protestas deben salir de las calles la polic\u00eda antimotines y el ej\u00e9rcito, sumadas a acciones para evitar que m\u00e1s civiles sigan atentando contra los manifestantes, acabar con las detenciones arbitrarias, condenar la brutalidad policiaca y poner fin a la estigmatizaci\u00f3n oficial del paro, entre otros.<br \/>\nReclamaron, adem\u00e1s, que se acepte la &#8220;visita de trabajo&#8221; pedida por la Comisi\u00f3n Interamericana de Derechos Humanos (CIDH) y la presencia en el pa\u00eds de relatores especiales de la ONU.<br \/>\nUrgieron para que tanto la fiscal\u00eda como la procuradur\u00eda se encarguen de investigar y juzgar las actuaciones de los miembros de la fuerza p\u00fablica involucrados en delitos durante las protestas, en las que han muerto m\u00e1s de 40 personas.<br \/>\nUna vez sean superados estos reclamos, el Comit\u00e9 entrar\u00eda a negociar con el gobierno seis temas de pertinencia nacional, entre otros: la derogatoria del proyecto de reforma al sistema sanitario y subsidios econ\u00f3micos tanto para las familias como para peque\u00f1as empresas afectadas por la pandemia, entre otras prioridades.<br \/>\nEl CNP pidi\u00f3 que los j\u00f3venes que no est\u00e1n representados en el Comit\u00e9 y convertidos en la fuerza vital de las protestas tambi\u00e9n sean escuchados y atendidos sus reclamos, y advirtieron que las conversaciones no ser\u00e1n el fin de las protestas.<br \/>\nEn contraprestaci\u00f3n, el Comit\u00e9 se comprometi\u00f3 a negociar &#8220;corredores humanitarios&#8221; para facilitar el paso de medicamentos, comida y combustibles en las diferentes v\u00edas cortadas del pa\u00eds, que es el gran reclamo del gobierno a los manifestantes.<br \/>\n&#8220;Todo el proceso de negociaci\u00f3n deber\u00e1 contar con el acompa\u00f1amiento de la Conferencia Episcopal con monse\u00f1or H\u00e9ctor Fabio Henao; del jefe de la Misi\u00f3n de Verificaci\u00f3n de la ONU, Carlos Ruiz Massieu; de la jefa en Colombia de la Oficina de la Alta Comisionada de Naciones Unidas para los Derechos Humanos, Julieth de Rivero&#8221;, exigi\u00f3 el CNP, que pidi\u00f3 la presencia de Duque en las negociaciones.<br \/>\nMiguel Ceballos, alto comisionado para la Paz, vocero y negociador por parte del Ejecutivo, manifest\u00f3 &#8220;la mejor voluntad de analizar estos puntos que recibimos en el d\u00eda de hoy y agradecemos y valoramos este espacio que se ha creado&#8221;.<br \/>\nEl vocero oficial se comprometi\u00f3 a que el gobierno estudiar\u00e1 con &#8220;juicio&#8221; los pedidos de garant\u00edas que anteceder\u00e1n la negociaci\u00f3n y dirigir\u00e1 a las otras instancias del Estado las peticiones que les corresponde para tener una respuesta que permita abrir la discusi\u00f3n de la agenda de los manifestantes.<br \/>\nCeballos asegur\u00f3 que ma\u00f1ana en la tarde habr\u00e1 un nuevo encuentro con el Comit\u00e9 Nacional de Paro, que hoy avis\u00f3 que el pr\u00f3ximo mi\u00e9rcoles 19 de mayo habr\u00e1 una nueva movilizaci\u00f3n masiva en el pa\u00eds.<\/p>\n","protected":false},"excerpt":{"rendered":"<p>BOGOTA 17 MAY &#8211; Con la entrega de un documento y la voluntad manifiesta de querer superar la crisis social actual mediante el di\u00e1logo, concluy\u00f3&hellip;<\/p>\n","protected":false},"author":99,"featured_media":497784,"comment_status":"open","ping_status":"open","sticky":false,"template":"","format":"standard","meta":{"footnotes":""},"categories":[23],"tags":[],"class_list":["post-497783","post","type-post","status-publish","format-standard","has-post-thumbnail","hentry","category-latinoamerica"],"_links":{"self":[{"href":"https:\/\/diarioelpopular.com\/index.php\/wp-json\/wp\/v2\/posts\/497783","targetHints":{"allow":["GET"]}}],"collection":[{"href":"https:\/\/diarioelpopular.com\/index.php\/wp-json\/wp\/v2\/posts"}],"about":[{"href":"https:\/\/diarioelpopular.com\/index.php\/wp-json\/wp\/v2\/types\/post"}],"author":[{"embeddable":true,"href":"https:\/\/diarioelpopular.com\/index.php\/wp-json\/wp\/v2\/users\/99"}],"replies":[{"embeddable":true,"href":"https:\/\/diarioelpopular.com\/index.php\/wp-json\/wp\/v2\/comments?post=497783"}],"version-history":[{"count":1,"href":"https:\/\/diarioelpopular.com\/index.php\/wp-json\/wp\/v2\/posts\/497783\/revisions"}],"predecessor-version":[{"id":497785,"href":"https:\/\/diarioelpopular.com\/index.php\/wp-json\/wp\/v2\/posts\/497783\/revisions\/497785"}],"wp:featuredmedia":[{"embeddable":true,"href":"https:\/\/diarioelpopular.com\/index.php\/wp-json\/wp\/v2\/media\/497784"}],"wp:attachment":[{"href":"https:\/\/diarioelpopular.com\/index.php\/wp-json\/wp\/v2\/media?parent=497783"}],"wp:term":[{"taxonomy":"category","embeddable":true,"href":"https:\/\/diarioelpopular.com\/index.php\/wp-json\/wp\/v2\/categories?post=497783"},{"taxonomy":"post_tag","embeddable":true,"href":"https:\/\/diarioelpopular.com\/index.php\/wp-json\/wp\/v2\/tags?post=497783"}],"curies":[{"name":"wp","href":"https:\/\/api.w.org\/{rel}","templated":true}]}}