{"id":497807,"date":"2021-05-18T15:30:24","date_gmt":"2021-05-18T19:30:24","guid":{"rendered":"https:\/\/diarioelpopular.com\/?p=497807"},"modified":"2021-05-18T15:30:24","modified_gmt":"2021-05-18T19:30:24","slug":"colombia-segunda-reunion-dejo-frustrado-a-comite-del-paro","status":"publish","type":"post","link":"https:\/\/diarioelpopular.com\/index.php\/2021\/05\/18\/colombia-segunda-reunion-dejo-frustrado-a-comite-del-paro\/","title":{"rendered":"Colombia: Segunda reuni\u00f3n dej\u00f3 frustrado a Comit\u00e9 del paro"},"content":{"rendered":"<h4><img loading=\"lazy\" decoding=\"async\" class=\"alignnone size-custom-full-size wp-image-497808\" src=\"https:\/\/diarioelpopular.com\/wp-content\/uploads\/2021\/05\/52f7915d8ea3e6b4c90b470a517db8b9-1-636x334.jpg\" alt=\"\" width=\"636\" height=\"334\" srcset=\"https:\/\/diarioelpopular.com\/wp-content\/uploads\/2021\/05\/52f7915d8ea3e6b4c90b470a517db8b9-1-636x334.jpg 636w, https:\/\/diarioelpopular.com\/wp-content\/uploads\/2021\/05\/52f7915d8ea3e6b4c90b470a517db8b9-1-300x157.jpg 300w, https:\/\/diarioelpopular.com\/wp-content\/uploads\/2021\/05\/52f7915d8ea3e6b4c90b470a517db8b9-1-768x403.jpg 768w, https:\/\/diarioelpopular.com\/wp-content\/uploads\/2021\/05\/52f7915d8ea3e6b4c90b470a517db8b9-1-139x73.jpg 139w, https:\/\/diarioelpopular.com\/wp-content\/uploads\/2021\/05\/52f7915d8ea3e6b4c90b470a517db8b9-1.jpg 1024w\" sizes=\"auto, (max-width: 636px) 100vw, 636px\" \/><\/h4>\n<p><em>Una imagen de la ronda de negociaci\u00f3n en Colombia (foto: Gentileza Naciones Unidas)<\/em><\/p>\n<h4><em><strong>Gobierno exige se condenen los bloqueos, su gran preocupaci\u00f3n<\/strong><\/em><\/h4>\n<p><em><strong>BOGOTA 18 MAY &#8211;<\/strong> <\/em>El Comit\u00e9 Nacional de Paro (CNP) manifest\u00f3 la noche del lunes su frustraci\u00f3n al final del segundo d\u00eda de negociaciones con el gobierno, dadas las respuestas y silencios frente a las peticiones de ofrecer garant\u00edas para ejercer la protestas y el rechazo contundente a la violencia policiaca por parte del Ejecutivo.<br \/>\n&#8220;Hoy esper\u00e1bamos una respuesta a nuestras exigencias de garant\u00edas para la protesta, para poder dar inicio a la negociaci\u00f3n, y el gobierno dijo no a todo, e incluso sobre varios temas no se refiri\u00f3&#8221;, dijo el CNP en un comunicado, concluida la segunda ronda de conversaciones que parecen no conducir a ninguna soluci\u00f3n concreta.<br \/>\nEn domingo, cuando se abri\u00f3 la ronda de conversaciones, el Comit\u00e9 le entreg\u00f3 al gobierno una serie de requerimientos de seguridad para ejercer el derecho a la protesta, debido a la violencia de la fuerza p\u00fablica, como condici\u00f3n para discutir una serie de temas que son los motivos del estallido social que ya ajusta 20 d\u00edas.<br \/>\n&#8220;La respuesta a las garant\u00edas, es la de tierra arrasada contra el Paro Nacional&#8221;, asegur\u00f3 el Comit\u00e9.<br \/>\nDurante la segunda reuni\u00f3n, entre los delegados del Ejecutivo y los voceros del CNP, el presidente, Iv\u00e1n Duque, anunci\u00f3 al pa\u00eds que le dio &#8220;instrucciones&#8221; a la fuerza p\u00fablica para que &#8220;desplieguen su m\u00e1xima capacidad operacional&#8221; y ponerle fin a los cortes de v\u00edas, que es la gran preocupaci\u00f3n del gobierno.<br \/>\nLos representantes visibles de las protestas callejeras lamentaron esa decisi\u00f3n, as\u00ed como las respuestas dadas por el gobierno a sus peticiones de garant\u00edas al paro, en las que no se mencion\u00f3 la &#8220;contenci\u00f3n de grupos civiles armados, las detenciones indiscriminadas, la solicitud de rectificaci\u00f3n del calificativo de terrorismo vand\u00e1lico&#8221;.<br \/>\nAdem\u00e1s criticaron al comisionado para la Paz, Miguel Ceballos, por sus respuestas calcadas del Presidente y del ministro del Interior, Daniel Palacios, sobre las exigencias de garant\u00edas a los manifestantes en las que les sugiri\u00f3 acudir a las autoridades pertinentes para buscar soluciones all\u00ed o esperar a &#8220;consultas&#8221;, de acuerdo con los voceros del paro.<br \/>\n&#8220;Pretenden hacernos creer que no ven lo que ha sucedido desde el 28 de abril, que el Estado de Derecho est\u00e1 funcionando, esa mentira no se la cree nadie. Pretenden dar una imagen al mundo de respeto del Estado de Derecho y de un di\u00e1logo sincero&#8221;, lamentaron.<br \/>\nConcluida la reuni\u00f3n, Ceballos exigi\u00f3 a los manifestantes y al CNP &#8220;que manifiesten de manera expl\u00edcita su condena a los bloqueos y al uso de la violencia en las manifestaciones&#8221;.<br \/>\n&#8220;El gobierno insiste en mostrar e incluso exagerar los hechos de vandalismo, como si con ello se pudiera legitimar a la fuerza p\u00fablica para matar, herir, o desaparecer a quienes protestan&#8221;, respondi\u00f3 el Comit\u00e9.<br \/>\nEn lo \u00fanico que coincidieron gobierno y CNP fue en la &#8220;voluntad&#8221; de seguir conversando, aunque el pr\u00f3ximo encuentro ser\u00e1 en 20 de mayo, un d\u00eda despu\u00e9s de la convocatoria a una nueva manifestaci\u00f3n nacional programada para el pr\u00f3ximo mi\u00e9rcoles.<\/p>\n","protected":false},"excerpt":{"rendered":"<p>Una imagen de la ronda de negociaci\u00f3n en Colombia (foto: Gentileza Naciones Unidas) Gobierno exige se condenen los bloqueos, su gran preocupaci\u00f3n BOGOTA 18 MAY&hellip;<\/p>\n","protected":false},"author":99,"featured_media":497808,"comment_status":"open","ping_status":"open","sticky":false,"template":"","format":"standard","meta":{"footnotes":""},"categories":[23],"tags":[],"class_list":["post-497807","post","type-post","status-publish","format-standard","has-post-thumbnail","hentry","category-latinoamerica"],"_links":{"self":[{"href":"https:\/\/diarioelpopular.com\/index.php\/wp-json\/wp\/v2\/posts\/497807","targetHints":{"allow":["GET"]}}],"collection":[{"href":"https:\/\/diarioelpopular.com\/index.php\/wp-json\/wp\/v2\/posts"}],"about":[{"href":"https:\/\/diarioelpopular.com\/index.php\/wp-json\/wp\/v2\/types\/post"}],"author":[{"embeddable":true,"href":"https:\/\/diarioelpopular.com\/index.php\/wp-json\/wp\/v2\/users\/99"}],"replies":[{"embeddable":true,"href":"https:\/\/diarioelpopular.com\/index.php\/wp-json\/wp\/v2\/comments?post=497807"}],"version-history":[{"count":1,"href":"https:\/\/diarioelpopular.com\/index.php\/wp-json\/wp\/v2\/posts\/497807\/revisions"}],"predecessor-version":[{"id":497809,"href":"https:\/\/diarioelpopular.com\/index.php\/wp-json\/wp\/v2\/posts\/497807\/revisions\/497809"}],"wp:featuredmedia":[{"embeddable":true,"href":"https:\/\/diarioelpopular.com\/index.php\/wp-json\/wp\/v2\/media\/497808"}],"wp:attachment":[{"href":"https:\/\/diarioelpopular.com\/index.php\/wp-json\/wp\/v2\/media?parent=497807"}],"wp:term":[{"taxonomy":"category","embeddable":true,"href":"https:\/\/diarioelpopular.com\/index.php\/wp-json\/wp\/v2\/categories?post=497807"},{"taxonomy":"post_tag","embeddable":true,"href":"https:\/\/diarioelpopular.com\/index.php\/wp-json\/wp\/v2\/tags?post=497807"}],"curies":[{"name":"wp","href":"https:\/\/api.w.org\/{rel}","templated":true}]}}