{"id":497810,"date":"2021-05-18T15:33:06","date_gmt":"2021-05-18T19:33:06","guid":{"rendered":"https:\/\/diarioelpopular.com\/?p=497810"},"modified":"2021-05-18T15:33:06","modified_gmt":"2021-05-18T19:33:06","slug":"argentina-paro-de-ruralistas-por-suspension-exportaciones","status":"publish","type":"post","link":"https:\/\/diarioelpopular.com\/index.php\/2021\/05\/18\/argentina-paro-de-ruralistas-por-suspension-exportaciones\/","title":{"rendered":"Argentina: Paro de ruralistas por suspensi\u00f3n exportaciones"},"content":{"rendered":"<div id=\"attachment_497811\" style=\"width: 646px\" class=\"wp-caption alignnone\"><img loading=\"lazy\" decoding=\"async\" aria-describedby=\"caption-attachment-497811\" class=\"size-custom-full-size wp-image-497811\" src=\"https:\/\/diarioelpopular.com\/wp-content\/uploads\/2021\/05\/5f2a14c0f414c872b10c37e999ab6794-636x424.jpg\" alt=\"\" width=\"636\" height=\"424\" srcset=\"https:\/\/diarioelpopular.com\/wp-content\/uploads\/2021\/05\/5f2a14c0f414c872b10c37e999ab6794-636x424.jpg 636w, https:\/\/diarioelpopular.com\/wp-content\/uploads\/2021\/05\/5f2a14c0f414c872b10c37e999ab6794-300x200.jpg 300w, https:\/\/diarioelpopular.com\/wp-content\/uploads\/2021\/05\/5f2a14c0f414c872b10c37e999ab6794-768x511.jpg 768w, https:\/\/diarioelpopular.com\/wp-content\/uploads\/2021\/05\/5f2a14c0f414c872b10c37e999ab6794-1200x799.jpg 1200w, https:\/\/diarioelpopular.com\/wp-content\/uploads\/2021\/05\/5f2a14c0f414c872b10c37e999ab6794-110x73.jpg 110w, https:\/\/diarioelpopular.com\/wp-content\/uploads\/2021\/05\/5f2a14c0f414c872b10c37e999ab6794.jpg 1024w\" sizes=\"auto, (max-width: 636px) 100vw, 636px\" \/><p id=\"caption-attachment-497811\" class=\"wp-caption-text\"><em>Carne argentina (foto: EPA)<\/em><\/p><\/div>\n<h4><em><strong>El gobierno hab\u00eda anunciado la medida para contener los precios<\/strong><\/em><\/h4>\n<p><em><strong>BUENOS AIRES 18 MAY &#8211;<\/strong><\/em> Las entidades gremiales argentinas que agrupan a los productores agropecuarios anunciaron un paro de comercializaci\u00f3n de hacienda, que comenzar\u00e1 el 20 de mayo, como protesta a la decisi\u00f3n del presidente Alberto Fern\u00e1ndez de suspender la exportaci\u00f3n de carne por 30 d\u00edas.<br \/>\nLa medida, que se extender\u00e1 hasta el 28 de mayo y alcanza a todas las categor\u00edas de hacienda, se conoci\u00f3 a trav\u00e9s de un comunicado, luego de una reuni\u00f3n virtual entre los directivos de las cuatro entidades gremiales del campo.<br \/>\nEl cese de las exportaciones fue anunciado el lunes por la tarde por el presidente argentino a los exportadores.<br \/>\nLa medida est\u00e1 destinada a contener la presi\u00f3n sobre los precios que se viene registrando en los \u00faltimos meses, inform\u00f3 el ministerio de Desarrollo Productivo.<br \/>\nFern\u00e1ndez dijo a representantes del sector nucleados en el Consorcio de Exportadores de Carnes Argentinas ABC que la suspensi\u00f3n podr\u00eda levantarse antes si se observan &#8220;resultados positivos&#8221; por la aplicaci\u00f3n de esas y otras medidas que se dispondr\u00e1n.<br \/>\nHoy, a las 12.30 (hora local), los representantes de los productores agropecuarios brindar\u00e1n una conferencia de prensa virtual para ampliar &#8220;el alcance&#8221; del paro y explicar &#8220;el disgusto de los productores&#8221; y el &#8220;rechazo a un cierre de exportaciones que sin duda perjudicar\u00e1 a toda la Argentina&#8221;.<br \/>\nLa semana pasada, el Instituto de Promoci\u00f3n de Carne Vacuna Argentina (Ipcva) hab\u00eda informado que los precios de los distintos cortes de carne vacuna aumentaron 65,3% durante abril, con respecto a un a\u00f1o atr\u00e1s, unos 20 puntos por encima de la inflaci\u00f3n minorista anualizada hasta el primer cuatrimestre.<br \/>\nTambi\u00e9n en abril, la carne de cerdo aument\u00f3 su valor minorista en 58,7% respecto al mismo mes de 2020 y la de pollo del 44,2%.<br \/>\nLa suspensi\u00f3n temporal de las exportaciones se anunci\u00f3 un d\u00eda despu\u00e9s de que el presidente expresara su preocupaci\u00f3n por el aumento &#8220;inexplicable&#8221; de los precios de la carne en los \u00faltimos dos meses.<\/p>\n","protected":false},"excerpt":{"rendered":"<p>El gobierno hab\u00eda anunciado la medida para contener los precios BUENOS AIRES 18 MAY &#8211; Las entidades gremiales argentinas que agrupan a los productores agropecuarios&hellip;<\/p>\n","protected":false},"author":99,"featured_media":497811,"comment_status":"open","ping_status":"open","sticky":false,"template":"","format":"standard","meta":{"footnotes":""},"categories":[23],"tags":[],"class_list":["post-497810","post","type-post","status-publish","format-standard","has-post-thumbnail","hentry","category-latinoamerica"],"_links":{"self":[{"href":"https:\/\/diarioelpopular.com\/index.php\/wp-json\/wp\/v2\/posts\/497810","targetHints":{"allow":["GET"]}}],"collection":[{"href":"https:\/\/diarioelpopular.com\/index.php\/wp-json\/wp\/v2\/posts"}],"about":[{"href":"https:\/\/diarioelpopular.com\/index.php\/wp-json\/wp\/v2\/types\/post"}],"author":[{"embeddable":true,"href":"https:\/\/diarioelpopular.com\/index.php\/wp-json\/wp\/v2\/users\/99"}],"replies":[{"embeddable":true,"href":"https:\/\/diarioelpopular.com\/index.php\/wp-json\/wp\/v2\/comments?post=497810"}],"version-history":[{"count":1,"href":"https:\/\/diarioelpopular.com\/index.php\/wp-json\/wp\/v2\/posts\/497810\/revisions"}],"predecessor-version":[{"id":497812,"href":"https:\/\/diarioelpopular.com\/index.php\/wp-json\/wp\/v2\/posts\/497810\/revisions\/497812"}],"wp:featuredmedia":[{"embeddable":true,"href":"https:\/\/diarioelpopular.com\/index.php\/wp-json\/wp\/v2\/media\/497811"}],"wp:attachment":[{"href":"https:\/\/diarioelpopular.com\/index.php\/wp-json\/wp\/v2\/media?parent=497810"}],"wp:term":[{"taxonomy":"category","embeddable":true,"href":"https:\/\/diarioelpopular.com\/index.php\/wp-json\/wp\/v2\/categories?post=497810"},{"taxonomy":"post_tag","embeddable":true,"href":"https:\/\/diarioelpopular.com\/index.php\/wp-json\/wp\/v2\/tags?post=497810"}],"curies":[{"name":"wp","href":"https:\/\/api.w.org\/{rel}","templated":true}]}}