{"id":497817,"date":"2021-05-19T11:59:49","date_gmt":"2021-05-19T15:59:49","guid":{"rendered":"https:\/\/diarioelpopular.com\/?p=497817"},"modified":"2021-05-19T11:59:49","modified_gmt":"2021-05-19T15:59:49","slug":"hay-esperanzas-para-el-verano-incluso-cuando-el-numero-de-muertos-por-covid-19-en-canada-supera-los-25-mil","status":"publish","type":"post","link":"https:\/\/diarioelpopular.com\/index.php\/2021\/05\/19\/hay-esperanzas-para-el-verano-incluso-cuando-el-numero-de-muertos-por-covid-19-en-canada-supera-los-25-mil\/","title":{"rendered":"Hay esperanzas para el verano incluso cuando el n\u00famero de muertos por COVID-19 en Canad\u00e1 supera los 25 mil"},"content":{"rendered":"<p><img loading=\"lazy\" decoding=\"async\" class=\"alignnone size-custom-full-size wp-image-497820\" src=\"https:\/\/diarioelpopular.com\/wp-content\/uploads\/2021\/05\/Screen-Shot-2021-05-19-at-11.43.36-AM-636x363.png\" alt=\"\" width=\"636\" height=\"363\" srcset=\"https:\/\/diarioelpopular.com\/wp-content\/uploads\/2021\/05\/Screen-Shot-2021-05-19-at-11.43.36-AM-636x363.png 636w, https:\/\/diarioelpopular.com\/wp-content\/uploads\/2021\/05\/Screen-Shot-2021-05-19-at-11.43.36-AM-300x171.png 300w, https:\/\/diarioelpopular.com\/wp-content\/uploads\/2021\/05\/Screen-Shot-2021-05-19-at-11.43.36-AM-768x439.png 768w, https:\/\/diarioelpopular.com\/wp-content\/uploads\/2021\/05\/Screen-Shot-2021-05-19-at-11.43.36-AM-128x73.png 128w, https:\/\/diarioelpopular.com\/wp-content\/uploads\/2021\/05\/Screen-Shot-2021-05-19-at-11.43.36-AM.png 1024w\" sizes=\"auto, (max-width: 636px) 100vw, 636px\" \/><\/p>\n<p><em>Actualizado mi\u00e9rcoles 18 de mayo de 2021 11:37 pm<\/em><\/p>\n<h4><em><strong>&#8211; La directora de salud p\u00fablica de Canad\u00e1 dijo que espera que los canadienses que recibieron la Oxford-AstraZeneca en la primera ronda de vacunas COVID-19 puedan elegir qu\u00e9 vacuna recibir\u00e1n para su segunda dosis.<\/strong><\/em><\/h4>\n<h4><em><strong>&#8211; En Ontario informan de 1,588 nuevos casos de COVID-19, el segundo d\u00eda consecutivo los casos est\u00e1n por debajo de 2,000<\/strong><\/em><\/h4>\n<p>&nbsp;<\/p>\n<h4><em><strong>&#8211; Reanudar\u00e1n cirug\u00edas y procedimientos no urgentes a medida que disminuyen los n\u00fameros de COVID-19<\/strong><\/em><\/h4>\n<p><em><strong>OTTAWA.-<\/strong> <\/em>Los comentarios de la Dra. Theresa Tam se produjeron horas despu\u00e9s de que un peque\u00f1o estudio espa\u00f1ol sobre la mezcla y el emparejamiento de vacunas informara que administrar una inyecci\u00f3n de Pfizer-BioNTech para la segunda dosis despu\u00e9s de AstraZeneca es seguro y produce el doble de anticuerpos que una segunda dosis de AstraZeneca.<\/p>\n<p>El Comit\u00e9 Asesor Nacional de Inmunizaci\u00f3n, conocido como NACI, todav\u00eda est\u00e1 esperando m\u00e1s datos de otro estudio de combinaci\u00f3n y combinaci\u00f3n que se est\u00e1 llevando a cabo en el Reino Unido, pero Tam dijo que los consejos sobre las segundas dosis deber\u00edan estar listos antes de que la mayor\u00eda de las personas reciban su segunda vacuna. .<\/p>\n<p>&#8220;Es probable que las personas en Canad\u00e1 que hayan recibido una dosis de AstraZeneca tengan la opci\u00f3n de elegir su segunda dosis&#8221;, dijo en una conferencia de prensa desde Ottawa.<\/p>\n<p>La decisi\u00f3n podr\u00eda afectar a m\u00e1s de 2,1 millones de personas vacunadas con AstraZeneca y est\u00e1 relacionada principalmente con cuestiones de seguridad de esa vacuna. Tam dijo que ahora hay 21 casos confirmados de trombocitopenia tromb\u00f3tica inducida por la vacuna, o VITT, el raro pero grave trastorno de la coagulaci\u00f3n de la sangre potencialmente relacionado con AstraZeneca.<\/p>\n<p><em><strong>Otros 13 casos est\u00e1n bajo investigaci\u00f3n. Han muerto tres mujeres.<\/strong><\/em><\/p>\n<p>NACI aconsej\u00f3 el mes pasado que las personas con bajo riesgo de contraer COVID-19 deber\u00edan recibir Pfizer o Moderna, lo que llev\u00f3 a muchos a preguntarse si deber\u00edan arriesgarse a recibir otra dosis de AstraZeneca.<\/p>\n<p>Tam y la ministra de Salud, Patty Hajdu, dijeron que habr\u00e1 suficientes dosis de vacuna para los receptores de AstraZeneca, independientemente del tipo que sea.<\/p>\n<p>&#8220;Creo que todo el mundo est\u00e1 ansioso por asegurarse de que las personas que recibieron la primera dosis de AstraZeneca tengan la capacidad de recibir esa segunda dosis&#8221;, dijo Tam.<\/p>\n<p>Ella ha dicho que un verano menos distanciado socialmente depender\u00e1 de frenar las tasas de casos, reducir los pacientes hospitalarios y obtener m\u00e1s vacunas en los brazos. Dijo que si el 75 por ciento de los canadienses elegibles _ en este momento son personas mayores de 12 a\u00f1os _ reciben una dosis y el 20% recibe ambas dosis, el verano podr\u00eda ser la promesa de barbacoas en el patio trasero, campamentos, picnics al aire libre y salidas nocturnas con amigos en un patio del restaurante.<\/p>\n<p>&#8220;No hemos llegado todav\u00eda, pero tengo muchas esperanzas debido a la rapidez con que algunas de las vacunas llegan a los brazos&#8221;, dijo.<\/p>\n<p>Alrededor de 17,6 millones de canadienses ya recibieron al menos una dosis, o el 55 por ciento de las personas mayores de 12 a\u00f1os. Otros 1,5 millones tienen ambas dosis, aproximadamente el 4,5 por ciento del grupo elegible.<\/p>\n<p>Muchos gobiernos provinciales no est\u00e1n siguiendo las sugerencias nacionales. El premier de Saskatchewan, Scott Moe, quien dijo que el 75 por ciento de las personas mayores de 40 a\u00f1os ahora tienen una dosis, tiene la intenci\u00f3n de pasar al paso uno reapertura como estaba previsto el 30 de mayo.<\/p>\n<p>Eso significa que en menos de dos semanas, los restaurantes pueden abrir para servicios interiores limitados, y la gente puede socializar con hasta 10 personas en el interior o al aire libre en casas privadas.<\/p>\n<p>Saskatchewan dijo que tiene la intenci\u00f3n de comenzar a vacunar a los adolescentes a principios de junio, con la esperanza de que la mayor\u00eda de los j\u00f3venes de 12 a 17 a\u00f1os est\u00e9n vacunados para cuando termine la escuela durante el verano.<\/p>\n<p>La provincia tambi\u00e9n dio a conocer un plan para comenzar con las segundas dosis, reduciendo la espera esperada de 16 a 13 semanas para la mayor\u00eda de las personas.<\/p>\n<p>En Columbia Brit\u00e1nica, los funcionarios de salud dijeron que las segundas dosis de las vacunas COVID-19 podr\u00edan administrarse antes de lo que se esperaba anteriormente y que recibir\u00e1n m\u00e1s informaci\u00f3n a principios del pr\u00f3ximo mes. B.C., report\u00f3 411 nuevos casos de COVID-19 el martes.<\/p>\n<p>Quebec dijo que el 75 por ciento de todos los adultos han recibido una dosis o tienen programada su primera cita.<\/p>\n<p>El premier de Quebec, Francois Legault, dio a conocer un plan detallado de reapertura de meses que comenzar\u00e1 en las pr\u00f3ximas dos semanas con la reapertura total de la mayor\u00eda de las escuelas de Quebec, eliminando todos los toques de queda de la provincia el 28 de mayo y permitiendo que las personas se re\u00fanan con hasta ocho personas en su patios traseros.<\/p>\n<p>Legault dijo que si el 75 por ciento de los quebequenses mayores de 12 a\u00f1os reciben ambas dosis para fines de agosto, se eliminar\u00e1 el requisito de mascarilla p\u00fablica en toda la provincia.<\/p>\n<p>Tam dijo que no se trata solo de las vacunas, sino tambi\u00e9n del nivel de COVID-19, y tambi\u00e9n hab\u00eda muchos signos positivos en ese frente.<\/p>\n<p>Si bien Canad\u00e1 alcanz\u00f3 el sombr\u00edo hito de 25,000 muertes por COVID-19 este martes por la ma\u00f1ana, el n\u00famero de muertes diarias se redujo en la \u00faltima semana de 49 a 43.<\/p>\n<p>El n\u00famero medio de nuevos casos diarios se redujo de 7.275 a 5.600. Las hospitalizaciones bajaron de 4.000 a unas 3.600, y el n\u00famero de personas en cuidados intensivos se redujo de 1.400 a 1.300 en la \u00faltima semana, pero Tam dijo que ambos marcadores siguen siendo m\u00e1s altos de lo que es c\u00f3modo.<\/p>\n<p>Advirti\u00f3 que reabrir las cosas demasiado pronto podr\u00eda ser perjudicial.<\/p>\n<p>\u201cTenemos que ser muy cautelosos con ese camino descendente\u201d, dijo. &#8220;No puedo decirte ahora mismo cu\u00e1ndo llegaremos al fondo de esto. La \u00faltima vez solo llegamos a dos tercios del camino por la curva y luego, con un poco de relajaci\u00f3n de las medidas restrictivas, volvimos a subir.<\/p>\n<p>&nbsp;<\/p>\n<h4><em><strong>En Ontario informan de 1,588 nuevos casos de COVID-19, el segundo d\u00eda consecutivo los casos est\u00e1n por debajo de 2,000<\/strong><\/em><\/h4>\n<p><img loading=\"lazy\" decoding=\"async\" class=\"alignnone size-custom-full-size wp-image-497819\" src=\"https:\/\/diarioelpopular.com\/wp-content\/uploads\/2021\/05\/Screen-Shot-2021-05-19-at-11.47.19-AM-636x369.png\" alt=\"\" width=\"636\" height=\"369\" srcset=\"https:\/\/diarioelpopular.com\/wp-content\/uploads\/2021\/05\/Screen-Shot-2021-05-19-at-11.47.19-AM-636x369.png 636w, https:\/\/diarioelpopular.com\/wp-content\/uploads\/2021\/05\/Screen-Shot-2021-05-19-at-11.47.19-AM-300x174.png 300w, https:\/\/diarioelpopular.com\/wp-content\/uploads\/2021\/05\/Screen-Shot-2021-05-19-at-11.47.19-AM-768x445.png 768w, https:\/\/diarioelpopular.com\/wp-content\/uploads\/2021\/05\/Screen-Shot-2021-05-19-at-11.47.19-AM-126x73.png 126w, https:\/\/diarioelpopular.com\/wp-content\/uploads\/2021\/05\/Screen-Shot-2021-05-19-at-11.47.19-AM.png 1024w\" sizes=\"auto, (max-width: 636px) 100vw, 636px\" \/><\/p>\n<p><em>Actualizado 19 de mayo de 2021 11:33 a.m.<\/em><\/p>\n<p>TORONTO.- Ontario report\u00f3 1.588 nuevos casos de COVID-19 este mi\u00e9rcoles. El total provincial asciende ahora a 514.690.<\/p>\n<p>Es el recuento diario m\u00e1s bajo de casos desde finales de marzo y es el segundo d\u00eda consecutivo en que los casos est\u00e1n por debajo de 2.000. El martes se registraron 1.616 casos nuevos y el lunes 2.170.<\/p>\n<p>Seg\u00fan el informe, se registraron 524 casos en Toronto, 335 en la regi\u00f3n de Peel, 105 en Ottawa y 94 en la regi\u00f3n de York.<\/p>\n<p>Todas las dem\u00e1s unidades de salud p\u00fablica locales notificaron menos de 90 casos nuevos en el informe provincial.<\/p>\n<p>El n\u00famero de muertos en la provincia ha aumentado a 8.525, ya que se registraron 19 muertes m\u00e1s.<\/p>\n<p>Mientras tanto, se inform\u00f3 que 482,749 residentes de Ontario se hab\u00edan recuperado del COVID-19, que es aproximadamente el 93 por ciento de los casos conocidos. Los casos resueltos aumentaron en 3,119 desde el d\u00eda anterior.<\/p>\n<p>Hubo m\u00e1s casos resueltos que casos nuevos este mi\u00e9rcoles.<\/p>\n<p>Los casos activos en Ontario ahora ascienden a 23.416, por debajo del d\u00eda anterior cuando estaba en 24.966, y est\u00e1 por debajo del 12 de mayo cuando estaba en 29.962. En el pico de la oleada de coronavirus de la segunda ola en enero, los casos activos llegaron a poco m\u00e1s de 30.000. En la tercera ola de abril, los casos activos superaron los 43.000.<\/p>\n<p>El promedio de siete d\u00edas ahora ha llegado a 2.183, que es inferior al de ayer en 2.287, y est\u00e1 por debajo de la semana pasada en 2.826. Hace un mes, el promedio de siete d\u00edas era de alrededor de 4.300.<\/p>\n<p>El gobierno dijo que se procesaron 38.422 pruebas en las \u00faltimas 24 horas. Actualmente hay una acumulaci\u00f3n de 26.091 pruebas en espera de resultados. Se han completado un total de 14,856,381 pruebas desde el inicio de la pandemia.<\/p>\n<p>La positividad de la prueba del mi\u00e9rcoles fue del 5,2 por ciento. Esa cifra es inferior a la del martes en el 7,6 por ciento, y est\u00e1 por debajo de la semana pasada cuando fue del 6,4 por ciento.<\/p>\n<p>Ontario inform\u00f3 que 1.401 personas est\u00e1n hospitalizadas con COVID-19 (83 menos que el d\u00eda anterior) con 735 pacientes en unidades de cuidados intensivos (29 menos) y 539 pacientes en UCI con ventilador (20 menos). En general, las hospitalizaciones han disminuido desde el pico de la tercera ola en abril.<\/p>\n<p>A partir de las 8 p.m. el martes se administraron m\u00e1s de 7,4 millones de dosis de la vacuna COVID-19. Eso marca un aumento de 145,461 vacunas en el \u00faltimo d\u00eda. Hay 456,784 personas completamente vacunadas con dos dosis.<\/p>\n<p><strong><em>Variantes preocupantes en Ontario<\/em><\/strong><\/p>\n<p>Las autoridades han enumerado los datos de desglose de los nuevos COV (variantes de inter\u00e9s) detectados hasta ahora en la provincia, que consisten en B.1.1.7 (detectado por primera vez en el Reino Unido), B.1.351 (detectado por primera vez en Sud\u00e1frica), P .1 (detectada por primera vez en Brasil), as\u00ed como mutaciones que no tienen un linaje determinado.<\/p>\n<p>El VOC B.1.1.7 es actualmente la cepa conocida dominante en 112,759 casos variantes, que ha aumentado en 1803 desde el d\u00eda anterior, 683 casos variantes B.1.351 que est\u00e1 arriba en dos, y 2,059 casos variantes P.1 que est\u00e1 arriba por 28.<\/p>\n<p><em><strong>Casos, muertes y brotes en hogares de cuidados a largo plazo de Ontario<\/strong><\/em><\/p>\n<p>Seg\u00fan el Ministerio de Cuidados a Largo Plazo, se han reportado 3.766 muertes entre residentes y pacientes en hogares de cuidados a largo plazo en Ontario, lo que no ha cambiado desde ayer. Se han informado trece muertes relacionadas con virus en total entre el personal.<\/p>\n<p>Hay 35 brotes actuales en los hogares, que no ha cambiado con respecto al d\u00eda anterior.<\/p>\n<p>El ministerio tambi\u00e9n indic\u00f3 que actualmente hay 44 casos activos entre los residentes de cuidados a largo plazo y 99 casos activos entre el personal, un aumento de cinco y uno, respectivamente, en el \u00faltimo d\u00eda.<\/p>\n<p>&nbsp;<\/p>\n<h4><em><strong>Reanudar\u00e1n cirug\u00edas y procedimientos no urgentes a medida que disminuyen los n\u00fameros de COVID-19<\/strong><\/em><\/h4>\n<p><img loading=\"lazy\" decoding=\"async\" class=\"alignnone size-custom-full-size wp-image-497818\" src=\"https:\/\/diarioelpopular.com\/wp-content\/uploads\/2021\/05\/Screen-Shot-2021-05-19-at-11.49.34-AM-636x356.png\" alt=\"\" width=\"636\" height=\"356\" srcset=\"https:\/\/diarioelpopular.com\/wp-content\/uploads\/2021\/05\/Screen-Shot-2021-05-19-at-11.49.34-AM-636x356.png 636w, https:\/\/diarioelpopular.com\/wp-content\/uploads\/2021\/05\/Screen-Shot-2021-05-19-at-11.49.34-AM-300x168.png 300w, https:\/\/diarioelpopular.com\/wp-content\/uploads\/2021\/05\/Screen-Shot-2021-05-19-at-11.49.34-AM-768x430.png 768w, https:\/\/diarioelpopular.com\/wp-content\/uploads\/2021\/05\/Screen-Shot-2021-05-19-at-11.49.34-AM-130x73.png 130w, https:\/\/diarioelpopular.com\/wp-content\/uploads\/2021\/05\/Screen-Shot-2021-05-19-at-11.49.34-AM.png 1024w\" sizes=\"auto, (max-width: 636px) 100vw, 636px\" \/><\/p>\n<p><em><strong>TORONTO.-<\/strong> <\/em>El sistema de atenci\u00f3n m\u00e9dica de Ontario puede reanudar las cirug\u00edas y procedimientos que no sean urgentes ni de emergencia a partir de este mi\u00e9rcoles debido a la disminuci\u00f3n de casos de COVID-19 y el n\u00famero de hospitales, dice el director m\u00e9dico de salud de la provincia.<\/p>\n<p>El Dr. David Williams emiti\u00f3 la suspensi\u00f3n el 20 de abril debido al aumento de los casos de COVID, las hospitalizaciones y las admisiones a la UCI mientras la provincia lidiaba con la tercera ola del virus.<\/p>\n<p>&#8220;Esto se hizo en un esfuerzo por asegurar que nuestros recursos de salud pudieran enfocarse donde se necesitaban con m\u00e1s urgencia&#8221;, dijo Williams en un comunicado el mi\u00e9rcoles. &#8220;Estas medidas nunca se toman a la ligera y reconocemos el impacto que han tenido en los pacientes que esperan sus cirug\u00edas y procedimientos programados, y en los proveedores de atenci\u00f3n m\u00e9dica en toda la provincia&#8221;.<\/p>\n<p>Hasta este mi\u00e9rcoles, hay 1.401 personas hospitalizadas con COVID-19, con 735 pacientes en cuidados intensivos y 539 pacientes en la UCI con ventilador.<\/p>\n<p>Williams dijo que si bien las cifras en el sistema de atenci\u00f3n de la salud siguen siendo relativamente altas, la provincia ha visto m\u00e1s capacidad disponible entre los &#8220;socios comunitarios y hospitalarios&#8221;.<\/p>\n<p>&#8220;Por lo tanto, es importante hacer uso de esta capacidad disponible para limitar los impactos a largo plazo en los pacientes que esperan atenci\u00f3n no urgente&#8221;.<\/p>\n<p>Sin embargo, una portavoz de la ministra de Salud, Christine Elliott, dijo que la reanudaci\u00f3n de los procedimientos no urgentes no ser\u00e1 uniforme en toda la provincia, ya que depende de la capacidad del hospital.<\/p>\n<p>El 10 de mayo, el organismo de control fiscal de Ontario dijo que los retrasos en operaciones quir\u00fargicas en la provincia tardar\u00edan m\u00e1s de tres a\u00f1os y medio en eliminarse.<\/p>\n<p>La Oficina de Responsabilidad Financiera (FAO) proyect\u00f3 que la acumulaci\u00f3n de cirug\u00edas canceladas alcanzar\u00e1 los 419.200 procedimientos a fines de septiembre.<\/p>\n<p>La oficina tambi\u00e9n estim\u00f3 que le costar\u00eda a la provincia $ 1.3 mil millones eliminar el retraso. Ontario anunci\u00f3 $ 610 millones en su \u00faltimo presupuesto para financiar el tema.<\/p>\n","protected":false},"excerpt":{"rendered":"<p>Actualizado mi\u00e9rcoles 18 de mayo de 2021 11:37 pm &#8211; La directora de salud p\u00fablica de Canad\u00e1 dijo que espera que los canadienses que recibieron&hellip;<\/p>\n","protected":false},"author":99,"featured_media":497820,"comment_status":"open","ping_status":"open","sticky":false,"template":"","format":"standard","meta":{"footnotes":""},"categories":[21,11191],"tags":[],"class_list":["post-497817","post","type-post","status-publish","format-standard","has-post-thumbnail","hentry","category-canada","category-top-news"],"_links":{"self":[{"href":"https:\/\/diarioelpopular.com\/index.php\/wp-json\/wp\/v2\/posts\/497817","targetHints":{"allow":["GET"]}}],"collection":[{"href":"https:\/\/diarioelpopular.com\/index.php\/wp-json\/wp\/v2\/posts"}],"about":[{"href":"https:\/\/diarioelpopular.com\/index.php\/wp-json\/wp\/v2\/types\/post"}],"author":[{"embeddable":true,"href":"https:\/\/diarioelpopular.com\/index.php\/wp-json\/wp\/v2\/users\/99"}],"replies":[{"embeddable":true,"href":"https:\/\/diarioelpopular.com\/index.php\/wp-json\/wp\/v2\/comments?post=497817"}],"version-history":[{"count":1,"href":"https:\/\/diarioelpopular.com\/index.php\/wp-json\/wp\/v2\/posts\/497817\/revisions"}],"predecessor-version":[{"id":497821,"href":"https:\/\/diarioelpopular.com\/index.php\/wp-json\/wp\/v2\/posts\/497817\/revisions\/497821"}],"wp:featuredmedia":[{"embeddable":true,"href":"https:\/\/diarioelpopular.com\/index.php\/wp-json\/wp\/v2\/media\/497820"}],"wp:attachment":[{"href":"https:\/\/diarioelpopular.com\/index.php\/wp-json\/wp\/v2\/media?parent=497817"}],"wp:term":[{"taxonomy":"category","embeddable":true,"href":"https:\/\/diarioelpopular.com\/index.php\/wp-json\/wp\/v2\/categories?post=497817"},{"taxonomy":"post_tag","embeddable":true,"href":"https:\/\/diarioelpopular.com\/index.php\/wp-json\/wp\/v2\/tags?post=497817"}],"curies":[{"name":"wp","href":"https:\/\/api.w.org\/{rel}","templated":true}]}}