{"id":497822,"date":"2021-05-19T12:03:38","date_gmt":"2021-05-19T16:03:38","guid":{"rendered":"https:\/\/diarioelpopular.com\/?p=497822"},"modified":"2021-05-19T12:03:38","modified_gmt":"2021-05-19T16:03:38","slug":"venezuela-bcv-inflacion-acumulada-en-183-8","status":"publish","type":"post","link":"https:\/\/diarioelpopular.com\/index.php\/2021\/05\/19\/venezuela-bcv-inflacion-acumulada-en-183-8\/","title":{"rendered":"Venezuela: BCV, Inflaci\u00f3n acumulada en 183,8%"},"content":{"rendered":"<p><img loading=\"lazy\" decoding=\"async\" class=\"alignnone size-custom-full-size wp-image-497823\" src=\"https:\/\/diarioelpopular.com\/wp-content\/uploads\/2021\/05\/40210567fa08c98c08fbf9b555c3cce1.jpg\" alt=\"\" width=\"476\" height=\"317\" srcset=\"https:\/\/diarioelpopular.com\/wp-content\/uploads\/2021\/05\/40210567fa08c98c08fbf9b555c3cce1.jpg 476w, https:\/\/diarioelpopular.com\/wp-content\/uploads\/2021\/05\/40210567fa08c98c08fbf9b555c3cce1-300x200.jpg 300w, https:\/\/diarioelpopular.com\/wp-content\/uploads\/2021\/05\/40210567fa08c98c08fbf9b555c3cce1-110x73.jpg 110w\" sizes=\"auto, (max-width: 476px) 100vw, 476px\" \/><\/p>\n<p><em>Inflaci\u00f3n en Venezuela <\/em><\/p>\n<p><em><strong>CARACAS 19 MAY &#8211;<\/strong><\/em> Venezuela registr\u00f3 una inflaci\u00f3n en el mes de abril de 24,6% y una acumulada de 183,8%, inform\u00f3 hoy el Banco Central (BCV).<br \/>\nEl organismo, que suele registrar demoras en la publicaci\u00f3n de indicadores econ\u00f3micos, precis\u00f3 que el pasado mes de marzo la inflaci\u00f3n cerr\u00f3 con 16,1%, mientras que en febrero se situ\u00f3 en 37,5%, y en enero en 47,3%.<br \/>\nDe acuerdo con el Observatorio Venezolano de Finanzas, una instancia vinculada a la Asamblea Nacional del 2015, durante el mes de abril la inflaci\u00f3n se ubic\u00f3 en 33,4 % mientras que la tasa acumulada en 240,5% y la interanual en 2.840% Venezuela registra desde hace m\u00e1s de tres a\u00f1os una hiperinflaci\u00f3n, tel\u00f3n de fondo del colapso econ\u00f3mico y social del pa\u00eds que se ha acentuado con la pandemia del Covid-19.<\/p>\n","protected":false},"excerpt":{"rendered":"<p>Inflaci\u00f3n en Venezuela CARACAS 19 MAY &#8211; Venezuela registr\u00f3 una inflaci\u00f3n en el mes de abril de 24,6% y una acumulada de 183,8%, inform\u00f3 hoy&hellip;<\/p>\n","protected":false},"author":99,"featured_media":497823,"comment_status":"open","ping_status":"open","sticky":false,"template":"","format":"standard","meta":{"footnotes":""},"categories":[23],"tags":[],"class_list":["post-497822","post","type-post","status-publish","format-standard","has-post-thumbnail","hentry","category-latinoamerica"],"_links":{"self":[{"href":"https:\/\/diarioelpopular.com\/index.php\/wp-json\/wp\/v2\/posts\/497822","targetHints":{"allow":["GET"]}}],"collection":[{"href":"https:\/\/diarioelpopular.com\/index.php\/wp-json\/wp\/v2\/posts"}],"about":[{"href":"https:\/\/diarioelpopular.com\/index.php\/wp-json\/wp\/v2\/types\/post"}],"author":[{"embeddable":true,"href":"https:\/\/diarioelpopular.com\/index.php\/wp-json\/wp\/v2\/users\/99"}],"replies":[{"embeddable":true,"href":"https:\/\/diarioelpopular.com\/index.php\/wp-json\/wp\/v2\/comments?post=497822"}],"version-history":[{"count":1,"href":"https:\/\/diarioelpopular.com\/index.php\/wp-json\/wp\/v2\/posts\/497822\/revisions"}],"predecessor-version":[{"id":497824,"href":"https:\/\/diarioelpopular.com\/index.php\/wp-json\/wp\/v2\/posts\/497822\/revisions\/497824"}],"wp:featuredmedia":[{"embeddable":true,"href":"https:\/\/diarioelpopular.com\/index.php\/wp-json\/wp\/v2\/media\/497823"}],"wp:attachment":[{"href":"https:\/\/diarioelpopular.com\/index.php\/wp-json\/wp\/v2\/media?parent=497822"}],"wp:term":[{"taxonomy":"category","embeddable":true,"href":"https:\/\/diarioelpopular.com\/index.php\/wp-json\/wp\/v2\/categories?post=497822"},{"taxonomy":"post_tag","embeddable":true,"href":"https:\/\/diarioelpopular.com\/index.php\/wp-json\/wp\/v2\/tags?post=497822"}],"curies":[{"name":"wp","href":"https:\/\/api.w.org\/{rel}","templated":true}]}}