{"id":497825,"date":"2021-05-19T12:10:36","date_gmt":"2021-05-19T16:10:36","guid":{"rendered":"https:\/\/diarioelpopular.com\/?p=497825"},"modified":"2021-05-19T12:10:36","modified_gmt":"2021-05-19T16:10:36","slug":"mexico-amlo-pide-perdon-a-victimas-del-accidente-en-linea-12","status":"publish","type":"post","link":"https:\/\/diarioelpopular.com\/index.php\/2021\/05\/19\/mexico-amlo-pide-perdon-a-victimas-del-accidente-en-linea-12\/","title":{"rendered":"M\u00e9xico: AMLO pide perd\u00f3n a v\u00edctimas del accidente en L\u00ednea 12"},"content":{"rendered":"<h4><img loading=\"lazy\" decoding=\"async\" class=\"alignnone size-medium wp-image-497826\" src=\"https:\/\/diarioelpopular.com\/wp-content\/uploads\/2021\/05\/Screen-Shot-2021-05-19-at-12.09.38-PM-269x300.png\" alt=\"\" width=\"269\" height=\"300\" srcset=\"https:\/\/diarioelpopular.com\/wp-content\/uploads\/2021\/05\/Screen-Shot-2021-05-19-at-12.09.38-PM-269x300.png 269w, https:\/\/diarioelpopular.com\/wp-content\/uploads\/2021\/05\/Screen-Shot-2021-05-19-at-12.09.38-PM-65x73.png 65w, https:\/\/diarioelpopular.com\/wp-content\/uploads\/2021\/05\/Screen-Shot-2021-05-19-at-12.09.38-PM.png 454w\" sizes=\"auto, (max-width: 269px) 100vw, 269px\" \/><\/h4>\n<h4><em><strong>AMLO pidi\u00f3 perd\u00f3n a las v\u00edctimas del accidente en la L\u00ednea 12 del Metro y asegur\u00f3 que la Jefa de Gobierno atendi\u00f3 personalmente a las familias afectadas.<\/strong><\/em><\/h4>\n<p>Durante la conferencia de prensa de este martes 18 de mayo misma que se transmiti\u00f3 por las redes sociales de La Verdad Noticias, el presidente de M\u00e9xico, Andr\u00e9s Manuel L\u00f3pez Obrador (AMLO), pidi\u00f3 perd\u00f3n a las v\u00edctimas de la L\u00ednea 12 del Metro CDMX y asegur\u00f3 que no le es ajeno el dolor humano.<\/p>\n<p>Han pasado poco m\u00e1s de dos semanas del desplome del trabe por el que pasaban los vagones accidentados provocando la muerte de 26 personas, y el mandatario lament\u00f3 la desgracia como persona m\u00e1s que como autoridad.<\/p>\n<p>As\u00ed mismo, asegur\u00f3 que Claudia Sheinbaum, jefa de gobierno de CDMX, atendi\u00f3 personalmente a los familiares de los fallecidos y heridos del accidente y reafirm\u00f3 que habr\u00e1 un dictamen para conocer qu\u00e9 fue lo que sucedi\u00f3 y finalmente hacer justicia.<\/p>\n<p>Anteriormente <a href=\"https:\/\/laverdadnoticias.com\/politica\/AMLO-habla-del-accidente-en-Linea-12-del-Metro-CDMX-20210504-0028.html\" target=\"_blank\" rel=\"noopener\">AMLO habl\u00f3 del accidente del Metro CDMX<\/a>, y pidi\u00f3 no hacer especulaciones sobre lo ocurrido la noche del 3 de mayo, pues las autoridades se encontraban haciendo su trabajo.<\/p>\n<p>&nbsp;<\/p>\n","protected":false},"excerpt":{"rendered":"<p>AMLO pidi\u00f3 perd\u00f3n a las v\u00edctimas del accidente en la L\u00ednea 12 del Metro y asegur\u00f3 que la Jefa de Gobierno atendi\u00f3 personalmente a las&hellip;<\/p>\n","protected":false},"author":99,"featured_media":497826,"comment_status":"open","ping_status":"open","sticky":false,"template":"","format":"standard","meta":{"footnotes":""},"categories":[23],"tags":[],"class_list":["post-497825","post","type-post","status-publish","format-standard","has-post-thumbnail","hentry","category-latinoamerica"],"_links":{"self":[{"href":"https:\/\/diarioelpopular.com\/index.php\/wp-json\/wp\/v2\/posts\/497825","targetHints":{"allow":["GET"]}}],"collection":[{"href":"https:\/\/diarioelpopular.com\/index.php\/wp-json\/wp\/v2\/posts"}],"about":[{"href":"https:\/\/diarioelpopular.com\/index.php\/wp-json\/wp\/v2\/types\/post"}],"author":[{"embeddable":true,"href":"https:\/\/diarioelpopular.com\/index.php\/wp-json\/wp\/v2\/users\/99"}],"replies":[{"embeddable":true,"href":"https:\/\/diarioelpopular.com\/index.php\/wp-json\/wp\/v2\/comments?post=497825"}],"version-history":[{"count":1,"href":"https:\/\/diarioelpopular.com\/index.php\/wp-json\/wp\/v2\/posts\/497825\/revisions"}],"predecessor-version":[{"id":497827,"href":"https:\/\/diarioelpopular.com\/index.php\/wp-json\/wp\/v2\/posts\/497825\/revisions\/497827"}],"wp:featuredmedia":[{"embeddable":true,"href":"https:\/\/diarioelpopular.com\/index.php\/wp-json\/wp\/v2\/media\/497826"}],"wp:attachment":[{"href":"https:\/\/diarioelpopular.com\/index.php\/wp-json\/wp\/v2\/media?parent=497825"}],"wp:term":[{"taxonomy":"category","embeddable":true,"href":"https:\/\/diarioelpopular.com\/index.php\/wp-json\/wp\/v2\/categories?post=497825"},{"taxonomy":"post_tag","embeddable":true,"href":"https:\/\/diarioelpopular.com\/index.php\/wp-json\/wp\/v2\/tags?post=497825"}],"curies":[{"name":"wp","href":"https:\/\/api.w.org\/{rel}","templated":true}]}}