{"id":497832,"date":"2021-05-20T11:57:30","date_gmt":"2021-05-20T15:57:30","guid":{"rendered":"https:\/\/diarioelpopular.com\/?p=497832"},"modified":"2021-05-20T11:57:30","modified_gmt":"2021-05-20T15:57:30","slug":"colombia-se-reanudara-negociacion-tras-caida-reforma-salud","status":"publish","type":"post","link":"https:\/\/diarioelpopular.com\/index.php\/2021\/05\/20\/colombia-se-reanudara-negociacion-tras-caida-reforma-salud\/","title":{"rendered":"Colombia: Se reanudar\u00e1 negociaci\u00f3n tras ca\u00edda reforma Salud"},"content":{"rendered":"<h4><img loading=\"lazy\" decoding=\"async\" class=\"alignnone size-custom-full-size wp-image-497833\" src=\"https:\/\/diarioelpopular.com\/wp-content\/uploads\/2021\/05\/d6a3b8311370491d988ea4b03e401269-636x424.jpg\" alt=\"\" width=\"636\" height=\"424\" srcset=\"https:\/\/diarioelpopular.com\/wp-content\/uploads\/2021\/05\/d6a3b8311370491d988ea4b03e401269-636x424.jpg 636w, https:\/\/diarioelpopular.com\/wp-content\/uploads\/2021\/05\/d6a3b8311370491d988ea4b03e401269-300x200.jpg 300w, https:\/\/diarioelpopular.com\/wp-content\/uploads\/2021\/05\/d6a3b8311370491d988ea4b03e401269-768x512.jpg 768w, https:\/\/diarioelpopular.com\/wp-content\/uploads\/2021\/05\/d6a3b8311370491d988ea4b03e401269-110x73.jpg 110w, https:\/\/diarioelpopular.com\/wp-content\/uploads\/2021\/05\/d6a3b8311370491d988ea4b03e401269.jpg 1024w\" sizes=\"auto, (max-width: 636px) 100vw, 636px\" \/><\/h4>\n<p><em>Protestas en Colombia (foto: EPA)<\/em><\/p>\n<h4><em><strong>Manifestaciones populares cobran fuerza tras 22 d\u00edas<\/strong><\/em><\/h4>\n<p><em><strong>BOGOTA 20 MAY &#8211;<\/strong><\/em> La ca\u00edda en el Congreso de la reforma para privatizar la Salud es el nuevo logro de las protestas sociales en Colombia, que tras 22 d\u00edas mantienen su vitalidad, mientras se espera para hoy la reanudaci\u00f3n de las negociaciones entre el gobierno y el Comit\u00e9 Nacional de Paro (CNP).<br \/>\nEl mi\u00e9rcoles hubo masivas concentraciones en Bogot\u00e1, Medell\u00edn y Cali, las tres principales ciudades del pa\u00eds, donde dominaron la creatividad, los bailes, la m\u00fasica y las consignas contra el gobierno de Iv\u00e1n Duque.<br \/>\nSin embargo, no todo fue fiesta. En ciudades como Pasto (frontera con Ecuador), Barranquilla (norte) y en Buenaventura (oeste), que alberga al principal puerto del pa\u00eds, hubo enfrentamientos entre manifestantes y polic\u00edas, adem\u00e1s de actos violentos.<br \/>\nLo que s\u00ed se anotaron las protestas fue un nuevo golpe pol\u00edtico.<br \/>\nEl mi\u00e9rcoles, en medio de las marchas, los manifestantes se enteraron de que uno de sus reclamos, la desaprobaci\u00f3n en el Congreso de una reforma del sistema de salud local, hab\u00eda sido escuchado: el proyecto naufrag\u00f3.<br \/>\nTanto en el Senado como en la C\u00e1mara de Representantes (baja), la iniciativa del gobierno, que llevaba mensaje de urgencia para su tr\u00e1mite, se neg\u00f3.<br \/>\nEn el primero recibi\u00f3 11 votos en contra y solo dos a favor; en la segunda fueron 16 contra tres.<br \/>\nEl 28 de abril cuando deton\u00f3 el estallido social, la causa era otro proyecto del gobierno que buscaba implementar una reforma tributaria, abiertamente en detrimento de la clase media, la m\u00e1s golpeada por los estragos sanitarios y econ\u00f3micos de la pandemia.<br \/>\nAdem\u00e1s del retiro del proyecto por el grito enardecido de las protestas, la decisi\u00f3n tambi\u00e9n se llev\u00f3 por delante al entonces ministro de Hacienda, Alberto Carrasquilla, quien renunci\u00f3 al cargo.<br \/>\nPara el pr\u00f3ximo 25 de mayo, el ministro de Defensa, Diego Molano, fue citado por la C\u00e1mara para dar explicaciones al Legislativo por los excesos de la fuerza p\u00fablica durante el paro nacional.<br \/>\nSeg\u00fan la Defensor\u00eda del Pueblo y la ONG Temblores, que documenta la brutalidad policial, la violencia dej\u00f3 m\u00e1s de 40 v\u00edctimas mortales, en los 22 d\u00edas de paro nacional y atribuidos en su mayor\u00eda a uniformados.<br \/>\n&#8220;No m\u00e1s dilaci\u00f3n, no m\u00e1s masacres&#8221;, reclam\u00f3 el mi\u00e9rcoles Francisco Malt\u00e9s, presidente de la Central Unitaria de Trabajadores (CUT) y miembro del Comit\u00e9 Nacional de Paro (CNP).<br \/>\nMalt\u00e9s, juntos a representantes de otros sindicatos, adem\u00e1s de estudiantes y camioneros, son el rostro visible de las protestas, cuyos verdaderos protagonistas son los j\u00f3venes, que fueron a su vez las principales v\u00edctimas de la violencia.<br \/>\nEl CNP volver\u00e1 a una tercera ronda de negociaciones hoy, aunque el clima de las dos anteriores fue g\u00e9lido y los acercamientos nulos, dado que sus exigencias de garant\u00edas para la protestas fueron respondidas por el gobierno con argumentos que nos les generaron confianza.<br \/>\n&#8220;Necesitamos garant\u00edas para ejercer la protesta en Colombia, protesta pac\u00edfica, y por supuesto necesitamos que el gobierno garantice el ingreso de la Corte Interamericana de Derechos Humanos a Colombia&#8221;, urgi\u00f3 Malt\u00e9s en su mensaje.<br \/>\nLa administraci\u00f3n de Duque ha concentrado sus mayores esfuerzos en lograr levantar los cortes de v\u00edas, para lo cual le pidi\u00f3 a la fuerza p\u00fablica su m\u00e1ximo empe\u00f1o, algo repudiado por sectores progresistas, pol\u00edticos y acad\u00e9micos del pa\u00eds que temen m\u00e1s violencia.<\/p>\n","protected":false},"excerpt":{"rendered":"<p>Protestas en Colombia (foto: EPA) Manifestaciones populares cobran fuerza tras 22 d\u00edas BOGOTA 20 MAY &#8211; La ca\u00edda en el Congreso de la reforma para&hellip;<\/p>\n","protected":false},"author":99,"featured_media":497833,"comment_status":"open","ping_status":"open","sticky":false,"template":"","format":"standard","meta":{"footnotes":""},"categories":[23],"tags":[],"class_list":["post-497832","post","type-post","status-publish","format-standard","has-post-thumbnail","hentry","category-latinoamerica"],"_links":{"self":[{"href":"https:\/\/diarioelpopular.com\/index.php\/wp-json\/wp\/v2\/posts\/497832","targetHints":{"allow":["GET"]}}],"collection":[{"href":"https:\/\/diarioelpopular.com\/index.php\/wp-json\/wp\/v2\/posts"}],"about":[{"href":"https:\/\/diarioelpopular.com\/index.php\/wp-json\/wp\/v2\/types\/post"}],"author":[{"embeddable":true,"href":"https:\/\/diarioelpopular.com\/index.php\/wp-json\/wp\/v2\/users\/99"}],"replies":[{"embeddable":true,"href":"https:\/\/diarioelpopular.com\/index.php\/wp-json\/wp\/v2\/comments?post=497832"}],"version-history":[{"count":1,"href":"https:\/\/diarioelpopular.com\/index.php\/wp-json\/wp\/v2\/posts\/497832\/revisions"}],"predecessor-version":[{"id":497834,"href":"https:\/\/diarioelpopular.com\/index.php\/wp-json\/wp\/v2\/posts\/497832\/revisions\/497834"}],"wp:featuredmedia":[{"embeddable":true,"href":"https:\/\/diarioelpopular.com\/index.php\/wp-json\/wp\/v2\/media\/497833"}],"wp:attachment":[{"href":"https:\/\/diarioelpopular.com\/index.php\/wp-json\/wp\/v2\/media?parent=497832"}],"wp:term":[{"taxonomy":"category","embeddable":true,"href":"https:\/\/diarioelpopular.com\/index.php\/wp-json\/wp\/v2\/categories?post=497832"},{"taxonomy":"post_tag","embeddable":true,"href":"https:\/\/diarioelpopular.com\/index.php\/wp-json\/wp\/v2\/tags?post=497832"}],"curies":[{"name":"wp","href":"https:\/\/api.w.org\/{rel}","templated":true}]}}