{"id":497851,"date":"2021-05-20T12:09:48","date_gmt":"2021-05-20T16:09:48","guid":{"rendered":"https:\/\/diarioelpopular.com\/?p=497851"},"modified":"2021-05-20T12:09:48","modified_gmt":"2021-05-20T16:09:48","slug":"presidente-de-argentina-las-violaciones-a-los-dd-hh-en-venezuela-han-ido-desapareciendo-lo-devoran-en-criticas","status":"publish","type":"post","link":"https:\/\/diarioelpopular.com\/index.php\/2021\/05\/20\/presidente-de-argentina-las-violaciones-a-los-dd-hh-en-venezuela-han-ido-desapareciendo-lo-devoran-en-criticas\/","title":{"rendered":"Presidente de Argentina: &#8220;Las violaciones a los DD.HH en Venezuela han ido desapareciendo&#8221;; lo devoran en cr\u00edticas"},"content":{"rendered":"<p><img loading=\"lazy\" decoding=\"async\" class=\"alignnone size-custom-full-size wp-image-497852\" src=\"https:\/\/diarioelpopular.com\/wp-content\/uploads\/2021\/05\/Alberto_Fernandez-636x424.jpg\" alt=\"\" width=\"636\" height=\"424\" srcset=\"https:\/\/diarioelpopular.com\/wp-content\/uploads\/2021\/05\/Alberto_Fernandez-636x424.jpg 636w, https:\/\/diarioelpopular.com\/wp-content\/uploads\/2021\/05\/Alberto_Fernandez-300x200.jpg 300w, https:\/\/diarioelpopular.com\/wp-content\/uploads\/2021\/05\/Alberto_Fernandez-109x73.jpg 109w, https:\/\/diarioelpopular.com\/wp-content\/uploads\/2021\/05\/Alberto_Fernandez.jpg 700w\" sizes=\"auto, (max-width: 636px) 100vw, 636px\" \/><\/p>\n<p><em>Alberto Fern\u00e1ndez lo dijo en una entrevista de radio.<\/em><\/p>\n<p><em><strong>El presidente de Argentina, Alberto Fern\u00e1ndez, afirm\u00f3 que\u201cpoco a poco\u201d el \u201cproblema\u201d de los derechos humanos en Venezuela\u201cfue desapareciendo\u201d, y volvi\u00f3 a defender el di\u00e1logo como v\u00eda para solucionar la grave crisis de ese pa\u00eds. Palabras que han provocado cr\u00edticas.<\/strong><\/em><\/p>\n<p><em>\u201cHay un camino para resolver los problemas que no pasan por meterse en los pa\u00edses ni de forma armada ni con presiones pol\u00edticas de bloqueo\u201d<\/em>, expres\u00f3 el mandatario argentino en declaraciones a Radio 10, recogida por Efe.<\/p>\n<p>Fern\u00e1ndez se\u00f1al\u00f3 que en su gira por Europa la semana pasada, \u201cen todas las conversaciones\u201d con los l\u00edderes de los pa\u00edses con los que se reuni\u00f3 \u201cestuvo presente el tema de Latinoam\u00e9rica\u201d.<\/p>\n<p><em>\u201cHab\u00eda estado all\u00ed hace un a\u00f1o y medio, y cuando ellos me hablaban, me hablaban de lo que pasaba en Bolivia, Venezuela, en Cuba&#8230; y yo les iba dando francamente mi mirada\u201d<\/em>, afirm\u00f3, para agregar que <em>\u201cahora observan que Venezuela est\u00e1 siguiendo un derrotero parecido\u201d<\/em> al que \u00e9l les plante\u00f3 entonces y advierten con preocupaci\u00f3n que el bloqueo a Cuba es ya <em>\u201cinsostenible e inhumano\u201d<\/em>.<\/p>\n<p>El mandatario argentino confes\u00f3 que su par franc\u00e9s, Emmanuel Macron, le felicit\u00f3 y agradeci\u00f3 por <em>\u201ctodos sus esfuerzos por la paz en Venezuela y por que la democracia y la institucionalidad funcionen a pleno\u201d<\/em> en la naci\u00f3n caribe\u00f1a.<\/p>\n<p><em>\u201cYo sent\u00ed que Macron empez\u00f3 a darse cuenta que lo que yo le dec\u00eda era cierto sobre cu\u00e1l era el camino, que el camino para resolver el tema de Venezuela no era bloquear a Venezuela, era lograr que los venezolanos encuentren un di\u00e1logo y ellos resuelvan el problema\u201d<\/em>, subray\u00f3.<\/p>\n<p>Y seguidamente, Fern\u00e1ndez record\u00f3 que \u201cmuchos sectores de izquierda\u201d le hab\u00edan criticado porque apoy\u00f3 el informe en el que la alta comisionada de Naciones Unidas para los Derechos Humanos, Michelle Bachelet, \u201cmarc\u00f3 acciones del Gobierno venezolano que atentaban contra los derechos humanos\u201d.<\/p>\n<p><em>\u201cPero tambi\u00e9n trabaj\u00e9 para ayudar a Bachelet a que instale en Venezuela una oficina permanente, que haga un seguimiento sobre el funcionamiento de los derechos humanos en Venezuela, y poco a poco ese problema en Venezuela, poco a poco fue desapareciendo\u201d<\/em>, sentenci\u00f3 el mandaterio.<\/p>\n<p>Ante estas palabras Elisa Trotta, representante en Argentina del opositor venezolano Juan Guaid\u00f3 -quien hab\u00eda sido reconocida como presidente encargado del pa\u00eds durante el Gobierno argentino de Mauricio Macri (2015-2019)- mostr\u00f3 en Twitter su rechazo a las declaraciones de Fern\u00e1ndez.<\/p>\n<p><em>\u201cRepudiamos las recientes declaraciones del presidente Alberto Fern\u00e1ndez, donde asegur\u00f3 que \u2018el problema de DD.HH. ha ido desapareciendo\u2019 en Venezuela. Es una afirmaci\u00f3n falsa que, adem\u00e1s, significa una ofensa para las decenas de miles de v\u00edctimas de la dictadura criminal de (Nicol\u00e1s) Maduro\u201d<\/em>, escribi\u00f3 Trotta.<\/p>\n<p><em>\u201cTambi\u00e9n es falso, presidente @alferdez, que exista un bloqueo contra Venezuela. Existen sanciones contra corruptos, criminales y narcotraficantes. Si se leen datos y estudios, en vez de escuchar a miembros de la dictadura, este punto quedar\u00eda claro\u201d<\/em>, remarc\u00f3.<\/p>\n<p>En tanto, la pol\u00edtica opositora venezolana Mar\u00eda Corina Machado dijo que<em>\u201cel cinismo del Se\u00f1or Fern\u00e1ndez es una confesi\u00f3n. Es una crueldad. Y una obscena mentira\u201d<\/em>.<\/p>\n<p>La pol\u00edtica venezolana Delsa Sol\u00f3rzano tambi\u00e9n le contest\u00f3 al presidente:<em>\u201cSe\u00f1or Alberto Fern\u00e1ndez, en Venezuela se violan todos los DDHH al mismo tiempo. Por ello quien usurpa el Poder en mi pa\u00eds y sus c\u00f3mplices hoy est\u00e1n siendo investigados en la Corte Penal Internacional. Son criminales de lesa humanidad. \u00a1Qu\u00e9 verg\u00fcenza!\u201d<\/em>.<\/p>\n<p>El exvicepresidente de la Asamblea Nacional de Venezuela, Freddy Guevara, quien estuvo m\u00e1s de un a\u00f1o en la embajada de Chile en Caracas, tambi\u00e9n critic\u00f3 duramente a Fern\u00e1ndez.<\/p>\n<p><em>\u201cClaro: dej\u00f3 de ser s\u00f3lo violaciones de DDHH para ser cr\u00edmenes de lesa humanidad. Solidaridad y admiraci\u00f3n con todas las v\u00edctimas, familias, defensores de DDHH, pol\u00edticos, embajadores y diputados que han denunciado todas las violaciones de DDHH y cr\u00edmenes de lesa humanidad\u201d<\/em>, expres\u00f3 Guevara.<\/p>\n","protected":false},"excerpt":{"rendered":"<p>Alberto Fern\u00e1ndez lo dijo en una entrevista de radio. El presidente de Argentina, Alberto Fern\u00e1ndez, afirm\u00f3 que\u201cpoco a poco\u201d el \u201cproblema\u201d de los derechos humanos&hellip;<\/p>\n","protected":false},"author":99,"featured_media":497852,"comment_status":"open","ping_status":"open","sticky":false,"template":"","format":"standard","meta":{"footnotes":""},"categories":[23],"tags":[],"class_list":["post-497851","post","type-post","status-publish","format-standard","has-post-thumbnail","hentry","category-latinoamerica"],"_links":{"self":[{"href":"https:\/\/diarioelpopular.com\/index.php\/wp-json\/wp\/v2\/posts\/497851","targetHints":{"allow":["GET"]}}],"collection":[{"href":"https:\/\/diarioelpopular.com\/index.php\/wp-json\/wp\/v2\/posts"}],"about":[{"href":"https:\/\/diarioelpopular.com\/index.php\/wp-json\/wp\/v2\/types\/post"}],"author":[{"embeddable":true,"href":"https:\/\/diarioelpopular.com\/index.php\/wp-json\/wp\/v2\/users\/99"}],"replies":[{"embeddable":true,"href":"https:\/\/diarioelpopular.com\/index.php\/wp-json\/wp\/v2\/comments?post=497851"}],"version-history":[{"count":1,"href":"https:\/\/diarioelpopular.com\/index.php\/wp-json\/wp\/v2\/posts\/497851\/revisions"}],"predecessor-version":[{"id":497853,"href":"https:\/\/diarioelpopular.com\/index.php\/wp-json\/wp\/v2\/posts\/497851\/revisions\/497853"}],"wp:featuredmedia":[{"embeddable":true,"href":"https:\/\/diarioelpopular.com\/index.php\/wp-json\/wp\/v2\/media\/497852"}],"wp:attachment":[{"href":"https:\/\/diarioelpopular.com\/index.php\/wp-json\/wp\/v2\/media?parent=497851"}],"wp:term":[{"taxonomy":"category","embeddable":true,"href":"https:\/\/diarioelpopular.com\/index.php\/wp-json\/wp\/v2\/categories?post=497851"},{"taxonomy":"post_tag","embeddable":true,"href":"https:\/\/diarioelpopular.com\/index.php\/wp-json\/wp\/v2\/tags?post=497851"}],"curies":[{"name":"wp","href":"https:\/\/api.w.org\/{rel}","templated":true}]}}