{"id":497858,"date":"2021-05-20T20:12:56","date_gmt":"2021-05-21T00:12:56","guid":{"rendered":"https:\/\/diarioelpopular.com\/?p=497858"},"modified":"2021-05-20T20:12:56","modified_gmt":"2021-05-21T00:12:56","slug":"argentina-apunta-a-9-dias-de-cierre-absoluto","status":"publish","type":"post","link":"https:\/\/diarioelpopular.com\/index.php\/2021\/05\/20\/argentina-apunta-a-9-dias-de-cierre-absoluto\/","title":{"rendered":"Argentina apunta a 9 d\u00edas de cierre absoluto"},"content":{"rendered":"<h4><img loading=\"lazy\" decoding=\"async\" class=\"alignnone size-custom-full-size wp-image-497859\" src=\"https:\/\/diarioelpopular.com\/wp-content\/uploads\/2021\/05\/acefc047e4f856243dc5dcea3c23f916-636x423.jpg\" alt=\"\" width=\"636\" height=\"423\" srcset=\"https:\/\/diarioelpopular.com\/wp-content\/uploads\/2021\/05\/acefc047e4f856243dc5dcea3c23f916-636x423.jpg 636w, https:\/\/diarioelpopular.com\/wp-content\/uploads\/2021\/05\/acefc047e4f856243dc5dcea3c23f916-300x200.jpg 300w, https:\/\/diarioelpopular.com\/wp-content\/uploads\/2021\/05\/acefc047e4f856243dc5dcea3c23f916-768x511.jpg 768w, https:\/\/diarioelpopular.com\/wp-content\/uploads\/2021\/05\/acefc047e4f856243dc5dcea3c23f916-110x73.jpg 110w, https:\/\/diarioelpopular.com\/wp-content\/uploads\/2021\/05\/acefc047e4f856243dc5dcea3c23f916.jpg 945w\" sizes=\"auto, (max-width: 636px) 100vw, 636px\" \/><\/h4>\n<p><em>Vuelven las limitaciones de circulaci\u00f3n en Argentina. Estricto cierre ante el recrudecimiento de la pandemia (foto: ANSA)<\/em><\/p>\n<h4><em><strong>Comenzar\u00e1 el pr\u00f3ximo s\u00e1bado a ra\u00edz de brutal aumento de casos<\/strong><\/em><\/h4>\n<p><em><strong>BUENOS AIRES 20 MAY &#8211;<\/strong><\/em> El gobierno de Argentina eval\u00faa la implementaci\u00f3n de nueve d\u00edas consecutivos de confinamiento estricto en todo el pa\u00eds, a partir del pr\u00f3ximo s\u00e1bado y hasta el domingo 30 de mayo, con el objetivo de frenar la feroz escalada de contagios de Covid-19, seg\u00fan adelantos de la prensa local.<br \/>\nLa decisi\u00f3n de la administraci\u00f3n del presidente Alberto Fern\u00e1ndez, que tuvo hoy el respaldo de todos los gobernadores, respetar\u00e1 el funcionamiento de las actividades esenciales.<br \/>\nEntre las medidas m\u00e1s destacadas, se\u00f1ala el portal Infobae, despunta la limitaci\u00f3n para la circulaci\u00f3n en el \u00e1rea de la capital Buenos Aires y su periferia (AMBA) y la aplicaci\u00f3n de estrictos controles entre las jurisdicciones.<br \/>\nLa intenci\u00f3n de las autoridades es que, pese a los bloqueos, la actividad econ\u00f3mica se vea afectada lo menos posible.<br \/>\nHace dos d\u00edas Argentina tuvo r\u00e9cord de contagios y decesos diarios desde el comienzo de la pandemia con 35.543 casos y 745 muertos y ayer volvi\u00f3 a sumar cifras alt\u00edsimas con una nueva plusmarca de infectados con 39.652.<br \/>\nEste jueves se reportaron 35.884 nuevos casos de coronavirus, con lo que los positivos totales desde que comenz\u00f3 la pandemia ascienden a 3.447.044. El ministerio de Salud consign\u00f3, adem\u00e1s, otros 435 muertos por coronavirus, por lo que la suma de v\u00edctimas lleg\u00f3 a 72.699. El porcentaje de ocupaci\u00f3n de camas de terapia intensiva por todo tipo de patolog\u00edas es del 72 % a nivel nacional, pero del 76,4 % si solo se considera Buenos Aires y su populosa periferia.<br \/>\nArgentina atraviesa desde fines de marzo pasado un vertiginoso aumento de los casos de la Covid-19, con creciente nivel de ocupaci\u00f3n de camas en las unidades de terapia intensiva.<br \/>\nEn medio de las inminentes restricciones -seguramente ser\u00e1n anunciadas ma\u00f1ana, aunque no se descarta que sea esta misma noche-, a\u00fan queda pendiente la definici\u00f3n de si seguir\u00e1n las clases en el \u00e1mbito de la Ciudad de Buenos Aires, un entuerto que lleg\u00f3 hasta la Corte Suprema d\u00edas atr\u00e1s.<br \/>\nEl presidente Fern\u00e1ndez convoc\u00f3 a una reuni\u00f3n de urgencia a su gabinete, luego de una reuni\u00f3n virtual con los gobernadores, que dieron un un\u00e1nime aval a las estrictas restricciones.<br \/>\nUna fuente de Presidencia dijo a ANSA que &#8220;los gobernadores coincidieron en que la situaci\u00f3n se agrav\u00f3 y coincidieron en que el camino no es otro que avanzar con m\u00e1s restricciones&#8221;.<br \/>\nEl Gobierno nacional reclam\u00f3 a todos los gobernadores, &#8220;sin distinci\u00f3n de color pol\u00edtico&#8221;, que &#8220;cumplan su rol&#8221; a la hora de hacer respetar las restricciones vigentes ante la pandemia por entender que &#8220;el control de las normas est\u00e1 en manos de ellos&#8221;, revel\u00f3 el peri\u00f3dico Ambito Financiero.<br \/>\nSi bien el propio Presidente descart\u00f3 un regreso a &#8220;fase 1&#8221;, todo indica que se vendr\u00e1 un confinamiento r\u00edgido. Pese a ello, desde ayer tanto Naci\u00f3n como Ciudad de Buenos Aires y Provincia de Buenos Aires ahora s\u00ed coinciden en la gravedad de la situaci\u00f3n y en la necesidad de sumar bloqueos.<br \/>\nEste viernes finaliza el anterior decreto de Fern\u00e1ndez, pero la situaci\u00f3n tiene a agravarse pues el aumento de casos no s\u00f3lo se registra en Buenos Aires y sus suburbios, sino tambi\u00e9n en varias provincias, entre ellas C\u00f3rdoba.<br \/>\nCon una poblaci\u00f3n de unos 45 millones de habitantes, Argentina contin\u00faa con su campa\u00f1a de vacunaci\u00f3n, iniciada a finales de diciembre \u00faltimo, aunque el ritmo no parece ser lo suficientemente veloz.<br \/>\nDe acuerdo a los datos oficiales difundidos este mi\u00e9rcoles, hasta el momento se han aplicado 10.477.797 dosis. Un total de 8.348.823 personas recibieron la primera dosis de la vacuna, mientras que 2.128.974 personas fueron inoculadas ya con la segunda dosis.<\/p>\n","protected":false},"excerpt":{"rendered":"<p>Vuelven las limitaciones de circulaci\u00f3n en Argentina. Estricto cierre ante el recrudecimiento de la pandemia (foto: ANSA) Comenzar\u00e1 el pr\u00f3ximo s\u00e1bado a ra\u00edz de brutal&hellip;<\/p>\n","protected":false},"author":99,"featured_media":497859,"comment_status":"open","ping_status":"open","sticky":false,"template":"","format":"standard","meta":{"footnotes":""},"categories":[23],"tags":[],"class_list":["post-497858","post","type-post","status-publish","format-standard","has-post-thumbnail","hentry","category-latinoamerica"],"_links":{"self":[{"href":"https:\/\/diarioelpopular.com\/index.php\/wp-json\/wp\/v2\/posts\/497858","targetHints":{"allow":["GET"]}}],"collection":[{"href":"https:\/\/diarioelpopular.com\/index.php\/wp-json\/wp\/v2\/posts"}],"about":[{"href":"https:\/\/diarioelpopular.com\/index.php\/wp-json\/wp\/v2\/types\/post"}],"author":[{"embeddable":true,"href":"https:\/\/diarioelpopular.com\/index.php\/wp-json\/wp\/v2\/users\/99"}],"replies":[{"embeddable":true,"href":"https:\/\/diarioelpopular.com\/index.php\/wp-json\/wp\/v2\/comments?post=497858"}],"version-history":[{"count":1,"href":"https:\/\/diarioelpopular.com\/index.php\/wp-json\/wp\/v2\/posts\/497858\/revisions"}],"predecessor-version":[{"id":497860,"href":"https:\/\/diarioelpopular.com\/index.php\/wp-json\/wp\/v2\/posts\/497858\/revisions\/497860"}],"wp:featuredmedia":[{"embeddable":true,"href":"https:\/\/diarioelpopular.com\/index.php\/wp-json\/wp\/v2\/media\/497859"}],"wp:attachment":[{"href":"https:\/\/diarioelpopular.com\/index.php\/wp-json\/wp\/v2\/media?parent=497858"}],"wp:term":[{"taxonomy":"category","embeddable":true,"href":"https:\/\/diarioelpopular.com\/index.php\/wp-json\/wp\/v2\/categories?post=497858"},{"taxonomy":"post_tag","embeddable":true,"href":"https:\/\/diarioelpopular.com\/index.php\/wp-json\/wp\/v2\/tags?post=497858"}],"curies":[{"name":"wp","href":"https:\/\/api.w.org\/{rel}","templated":true}]}}