{"id":497913,"date":"2021-05-26T09:19:38","date_gmt":"2021-05-26T13:19:38","guid":{"rendered":"https:\/\/diarioelpopular.com\/?p=497913"},"modified":"2021-05-26T11:35:35","modified_gmt":"2021-05-26T15:35:35","slug":"rimeras-vacunas-de-mexico-hacia-america-latina","status":"publish","type":"post","link":"https:\/\/diarioelpopular.com\/index.php\/2021\/05\/26\/rimeras-vacunas-de-mexico-hacia-america-latina\/","title":{"rendered":"Primeras vacunas de M\u00e9xico hacia Am\u00e9rica Latina"},"content":{"rendered":"<h4><img loading=\"lazy\" decoding=\"async\" class=\"alignnone size-custom-full-size wp-image-497914\" src=\"https:\/\/diarioelpopular.com\/wp-content\/uploads\/2021\/05\/68b1057981a914f884cbe3035c3ba997-636x424.jpeg\" alt=\"\" width=\"636\" height=\"424\" srcset=\"https:\/\/diarioelpopular.com\/wp-content\/uploads\/2021\/05\/68b1057981a914f884cbe3035c3ba997-636x424.jpeg 636w, https:\/\/diarioelpopular.com\/wp-content\/uploads\/2021\/05\/68b1057981a914f884cbe3035c3ba997-300x200.jpeg 300w, https:\/\/diarioelpopular.com\/wp-content\/uploads\/2021\/05\/68b1057981a914f884cbe3035c3ba997-768x512.jpeg 768w, https:\/\/diarioelpopular.com\/wp-content\/uploads\/2021\/05\/68b1057981a914f884cbe3035c3ba997-1200x799.jpeg 1200w, https:\/\/diarioelpopular.com\/wp-content\/uploads\/2021\/05\/68b1057981a914f884cbe3035c3ba997-110x73.jpeg 110w, https:\/\/diarioelpopular.com\/wp-content\/uploads\/2021\/05\/68b1057981a914f884cbe3035c3ba997.jpeg 1024w\" sizes=\"auto, (max-width: 636px) 100vw, 636px\" \/><\/h4>\n<p><em>Videoconferencia Fern\u00e1ndez y L\u00f3pez Obrador<\/em><\/p>\n<h4><em><strong>Esto &#8220;nos hace m\u00e1s independientes&#8221;, afirma presidente argentino<\/strong><\/em><\/h4>\n<p><em><strong>CIUDAD DE MEXICO, 26 MAY &#8211;<\/strong> <\/em>El primer embarque de 800.000 vacunas contra el Covid-19 de AstraZeneca hacia Am\u00e9rica Latina, fruto de un acuerdo entre M\u00e9xico y Argentina con el gigante farmac\u00e9utico anglo-sueco, ser\u00e1 enviado el pr\u00f3ximo s\u00e1bado a Buenos Aires, inform\u00f3 hoy el ministro del Exterior mexicano, Marcelo Ebrard.<br \/>\nEl anuncio tuvo lugar poco antes de que los presidentes de M\u00e9xico, Andr\u00e9s L\u00f3pez Obrador y de Argentina, Alberto Fern\u00e1ndez, sostuvieran una conversaci\u00f3n a distancia que fue difundida en directo a los periodistas desde Palacio Nacional. &#8220;Con la producci\u00f3n de vacunas, M\u00e9xico, Argentina y Am\u00e9rica Latina somos m\u00e1s independientes&#8221;, se\u00f1al\u00f3 Fern\u00e1ndez, quien indic\u00f3 que se trata de &#8220;un paso m\u00e1s hacia la independencia de ambos pa\u00edses, as\u00ed como de la regi\u00f3n&#8221;.<br \/>\nAsimismo, subray\u00f3 &#8220;la cooperaci\u00f3n y hermandad bilaterales&#8221;.<br \/>\nEl s\u00e1bado, M\u00e9xico recibir\u00e1 otras 800.000 dosis envasadas en Laboratorios Liomont, en las afueras de la capital azteca, y cuyo principio activo fue producido en Argentina, como resultado de un acuerdo suscrito entre ambos pa\u00edses, con apoyo del magnate de las telecomunicaciones Carlos Slim.<br \/>\nEl acto coincidi\u00f3 con la conmemoraci\u00f3n del 211 aniversario de la Revoluci\u00f3n de Mayo -una serie de eventos que derivaron en la independencia argentina de Espa\u00f1a, seis a\u00f1os m\u00e1s tarde, el 9 de julio de 1816- por lo que Fern\u00e1ndez celebr\u00f3 doblemente. El mandatario argentino dijo que recibe &#8220;con mucha alegr\u00eda&#8221; este anunci\u00f3 porque &#8220;es independencia nuestra de poder hacer y tener nuestras vacunas y no tener que andar pidiendo al mundo que nos escuche para llevar inmunidad a nuestros pueblos de este virus tan maldito, que tanto da\u00f1o nos ha hecho&#8221;. &#8220;Ese acuerdo va a permitir que mexicanos y argentinos se hayan unido el trabajo para tener vacunas para M\u00e9xico y Argentina, pero tambi\u00e9n para nuestros hermanos latinoamericanos&#8221;.<br \/>\nPor su parte, L\u00f3pez Obrador manifest\u00f3 que se propone trabajar siempre con Argentina y otros pa\u00edses de la regi\u00f3n &#8220;de manera coordinada&#8221; en la &#8220;b\u00fasqueda bilateral por el bienestar de las poblaciones ante la pandemia por Covid-19&#8221;. Adem\u00e1s, elogi\u00f3 la iniciativa del gobierno de Argentina para buscar &#8220;el acceso a la equidad en las vacunas en la regi\u00f3n&#8221;. &#8220;No hay fronteras, estamos juntos en la misma causa: buscar el bienestar para nuestros pueblos y por eso es muy importante esta iniciativa&#8221;, afirm\u00f3 L\u00f3pez Obrador, al recordar que Fern\u00e1ndez le propuso producir la sustancia activa de las vacunas de AstraZeneca y envasarlas en M\u00e9xico.<br \/>\nPara L\u00f3pez Obrador, es &#8220;una muestra clara del trabajo coordinado que se plante\u00f3 desde el inicio de esta herramienta para escalar la producci\u00f3n de dosis con el objetivo de lograr la inmunizaci\u00f3n de mexicanos, argentinos y habitantes de otras naciones latinoamericanas&#8221;.<br \/>\nEl acuerdo &#8220;ya est\u00e1 empezando a dar frutos&#8221;, agreg\u00f3 y se\u00f1al\u00f3 que &#8220;es un buen d\u00eda&#8221; para Am\u00e9rica Latina, &#8220;una buena noticia que estemos avanzando en el plan de vacunaci\u00f3n&#8221;.<br \/>\nEl canciller Ebrard, por su parte, se\u00f1al\u00f3 que a partir del env\u00edo del pr\u00f3ximo s\u00e1bado comenzar\u00e1 a &#8220;aumentar la producci\u00f3n de inmunizantes en la regi\u00f3n&#8221;.<br \/>\nEn total, bajo el acuerdo mexicano-argentino se prev\u00e9n enviar 210 millones de ant\u00eddotos de AstraZeneca para los pa\u00edses latinoamericanos, algunos de los cuales figuran entre las naciones que menos ant\u00edgenos contra el Covid han recibido en el mundo.<br \/>\nEn un principio, se estim\u00f3 que la vacuna, cuya sustancia activa fue recibida desde enero pasado, estar\u00eda disponible para M\u00e9xico a partir de marzo, pero la escasez de insumos b\u00e1sicos a nivel mundial retras\u00f3 mucho la entrega de las dosis.<br \/>\nLa ventaja de este suero es que no necesita ultra refrigeraci\u00f3n, lo que permite que sea distribuido de manera m\u00e1s c\u00f3moda. El empresario Carlos Slim Domit, hijo del magnate del mismo nombre, se\u00f1al\u00f3 que la vacuna elaborada en Argentina y envasada en M\u00e9xico &#8220;combate no s\u00f3lo el Covid sino tambi\u00e9n &#8220;el aislamiento, el deterioro econ\u00f3mico y el desempleo&#8221;. &#8220;Se trata de un proyecto sin fines de lucro&#8221; que permite a Am\u00e9rica Latina contar con una &#8220;vacuna accesible&#8221;, agreg\u00f3.<\/p>\n","protected":false},"excerpt":{"rendered":"<p>Videoconferencia Fern\u00e1ndez y L\u00f3pez Obrador Esto &#8220;nos hace m\u00e1s independientes&#8221;, afirma presidente argentino CIUDAD DE MEXICO, 26 MAY &#8211; El primer embarque de 800.000 vacunas&hellip;<\/p>\n","protected":false},"author":99,"featured_media":497914,"comment_status":"open","ping_status":"open","sticky":false,"template":"","format":"standard","meta":{"footnotes":""},"categories":[23],"tags":[],"class_list":["post-497913","post","type-post","status-publish","format-standard","has-post-thumbnail","hentry","category-latinoamerica"],"_links":{"self":[{"href":"https:\/\/diarioelpopular.com\/index.php\/wp-json\/wp\/v2\/posts\/497913","targetHints":{"allow":["GET"]}}],"collection":[{"href":"https:\/\/diarioelpopular.com\/index.php\/wp-json\/wp\/v2\/posts"}],"about":[{"href":"https:\/\/diarioelpopular.com\/index.php\/wp-json\/wp\/v2\/types\/post"}],"author":[{"embeddable":true,"href":"https:\/\/diarioelpopular.com\/index.php\/wp-json\/wp\/v2\/users\/99"}],"replies":[{"embeddable":true,"href":"https:\/\/diarioelpopular.com\/index.php\/wp-json\/wp\/v2\/comments?post=497913"}],"version-history":[{"count":2,"href":"https:\/\/diarioelpopular.com\/index.php\/wp-json\/wp\/v2\/posts\/497913\/revisions"}],"predecessor-version":[{"id":497923,"href":"https:\/\/diarioelpopular.com\/index.php\/wp-json\/wp\/v2\/posts\/497913\/revisions\/497923"}],"wp:featuredmedia":[{"embeddable":true,"href":"https:\/\/diarioelpopular.com\/index.php\/wp-json\/wp\/v2\/media\/497914"}],"wp:attachment":[{"href":"https:\/\/diarioelpopular.com\/index.php\/wp-json\/wp\/v2\/media?parent=497913"}],"wp:term":[{"taxonomy":"category","embeddable":true,"href":"https:\/\/diarioelpopular.com\/index.php\/wp-json\/wp\/v2\/categories?post=497913"},{"taxonomy":"post_tag","embeddable":true,"href":"https:\/\/diarioelpopular.com\/index.php\/wp-json\/wp\/v2\/tags?post=497913"}],"curies":[{"name":"wp","href":"https:\/\/api.w.org\/{rel}","templated":true}]}}