{"id":497919,"date":"2021-05-26T11:34:34","date_gmt":"2021-05-26T15:34:34","guid":{"rendered":"https:\/\/diarioelpopular.com\/?p=497919"},"modified":"2021-05-26T11:34:34","modified_gmt":"2021-05-26T15:34:34","slug":"mas-de-la-mitad-de-los-canadienses-estan-ansiosos-por-volver-a-la-normalidad-despues-del-covid-19-encuesta","status":"publish","type":"post","link":"https:\/\/diarioelpopular.com\/index.php\/2021\/05\/26\/mas-de-la-mitad-de-los-canadienses-estan-ansiosos-por-volver-a-la-normalidad-despues-del-covid-19-encuesta\/","title":{"rendered":"M\u00e1s de la mitad de los canadienses est\u00e1n ansiosos por volver a la &#8220;normalidad&#8221; despu\u00e9s del COVID-19: encuesta"},"content":{"rendered":"<p><img loading=\"lazy\" decoding=\"async\" class=\"alignnone size-custom-full-size wp-image-497920\" src=\"https:\/\/diarioelpopular.com\/wp-content\/uploads\/2021\/05\/Screen-Shot-2021-05-26-at-11.19.33-AM-636x355.png\" alt=\"\" width=\"636\" height=\"355\" srcset=\"https:\/\/diarioelpopular.com\/wp-content\/uploads\/2021\/05\/Screen-Shot-2021-05-26-at-11.19.33-AM-636x355.png 636w, https:\/\/diarioelpopular.com\/wp-content\/uploads\/2021\/05\/Screen-Shot-2021-05-26-at-11.19.33-AM-300x167.png 300w, https:\/\/diarioelpopular.com\/wp-content\/uploads\/2021\/05\/Screen-Shot-2021-05-26-at-11.19.33-AM-768x428.png 768w, https:\/\/diarioelpopular.com\/wp-content\/uploads\/2021\/05\/Screen-Shot-2021-05-26-at-11.19.33-AM-131x73.png 131w, https:\/\/diarioelpopular.com\/wp-content\/uploads\/2021\/05\/Screen-Shot-2021-05-26-at-11.19.33-AM.png 1024w\" sizes=\"auto, (max-width: 636px) 100vw, 636px\" \/><\/p>\n<h4><em><strong>&#8211; M\u00e1s de la mitad de los canadienses se sienten algo ansiosos por volver a ser como era la vida antes de que la pandemia de COVID-19 la trastornara, muestra una nueva encuesta.<\/strong><\/em><\/h4>\n<p><em><strong>&#8211; Se reportan casi 1,100 nuevos casos de COVID-19, 23 muertes<\/strong><\/em><\/p>\n<h4><em><strong>&#8211; Ontario reporta el primer caso fatal de co\u00e1gulo sangu\u00edneo poco com\u00fan despu\u00e9s de que un hombre recibi\u00f3 la vacuna AstraZeneca COVID-19<\/strong><\/em><\/h4>\n<p><em><strong>OTTAWA.-<\/strong><\/em> Leger hizo la pregunta para un estudio realizado en colaboraci\u00f3n con la Asociaci\u00f3n de Estudios Canadienses.<\/p>\n<p>Los datos muestran que 1.647 canadienses respondieron a una encuesta web del 21 al 23 de mayo, a la que no se le puede asignar un margen de error porque se hizo en l\u00ednea.<\/p>\n<p>Se pregunt\u00f3 a los encuestados si volver a la vida antes del nuevo coronavirus era una fuente de ansiedad para ellos, dado que los gobiernos anuncian planes para reabrir despu\u00e9s de m\u00e1s de un a\u00f1o de decirle a la gente que se quede en casa.<\/p>\n<p>Los resultados muestran que el 52 por ciento de los que respondieron informaron sentir alg\u00fan nivel de ansiedad, y los de 18 a 24 a\u00f1os mostraron los niveles m\u00e1s altos de malestar con un 68 por ciento.<\/p>\n<p>\u201cTal vez parte de ella est\u00e9 relacionada con el trabajo, tal vez parte de ella est\u00e9 relacionada con, &#8216;Cuando realmente volvamos a la normalidad, \u00bfser\u00e1 seguro? \u00bfMe sentir\u00e9 c\u00f3modo con alguien que ya no use una m\u00e1scara? &#8216;\u201d, Dijo Christian Bourque, vicepresidente ejecutivo de la firma de encuestas y estudios de mercado Leger.<\/p>\n<p>Para otros, dijo, podr\u00eda reducirse a pensar, &#8220;Oh Dios, tengo que invitar a los suegros de nuevo&#8221;.<\/p>\n<p>&#8220;Hay algo acerca de esta nueva vida durante la pandemia en lo que la gente realmente se convirti\u00f3, y potencialmente, tal vez, tal vez&#8221;, dijo Bourque.<\/p>\n<p>Los hallazgos se producen cuando las vacunas que protegen contra el COVID-19 llegan a los brazos de m\u00e1s canadienses, gracias a un flujo m\u00e1s constante de env\u00edos federales que llegan a principios de a\u00f1o.<\/p>\n<p>Con m\u00e1s vacunas viene la planificaci\u00f3n de las provincias y los consejos federales sobre cu\u00e1ndo se pueden permitir nuevamente las actividades diarias, como practicar deportes al aire libre y comer en un restaurante, junto con el regreso de los ni\u00f1os al aula.<\/p>\n<p>Ontario, Quebec y Saskatchewan han delineado planes para aliviar las restricciones de salud durante la primavera y el verano en etapas, de acuerdo con la cantidad de personas vacunadas contra COVID-19.<\/p>\n<p>El primer ministro Justin Trudeau y los funcionarios federales tambi\u00e9n est\u00e1n respondiendo preguntas sobre cu\u00e1nto tiempo m\u00e1s durar\u00e1 el Canad\u00e1-U. La frontera S. permanecer\u00e1 cerrada y la documentaci\u00f3n que los canadienses puedan necesitar para viajar al extranjero, as\u00ed como viceversa para quienes ingresen al pa\u00eds.<\/p>\n<p>Bourque sugiri\u00f3 que la investigaci\u00f3n de Leger muestra que aquellos en el poder har\u00edan bien en adoptar un enfoque m\u00e1s lento para reabrir la sociedad, incluso cuando un Canad\u00e1 posterior a COVID parece acercarse en el horizonte.<\/p>\n<p>&#8220;Tendr\u00eda mucho cuidado de no sonar demasiado alegre porque ese no es el sentimiento en este momento entre los canadienses&#8221;.<\/p>\n<p>En cuanto a por qu\u00e9 los adultos j\u00f3venes informan que se sienten m\u00e1s ansiosos que otros grupos de edad sobre el regreso a la normalidad, Bourque dijo que podr\u00eda estar relacionado con que ellos sean &#8220;la generaci\u00f3n de la ansiedad&#8221;.<\/p>\n<p>Cerca de la mitad de los canadienses m\u00e1s j\u00f3venes en general sienten que sufren alg\u00fan tipo de ansiedad, dijo, por lo que tienen m\u00e1s conciencia de ello y una mayor disposici\u00f3n a nombrarlo que los residentes mayores.<\/p>\n<p>Adem\u00e1s, para algunos en sus 20, su vida social podr\u00eda ser lo que los ponga ansiosos.<\/p>\n<p>\u201cPotencialmente, los canadienses m\u00e1s j\u00f3venes que tal vez hayan sentido alg\u00fan tipo de aislamiento durante la pandemia probablemente est\u00e9n preocupados acerca de c\u00f3mo ser\u00e1, c\u00f3mo volver\u00e9 a como eran las cosas\u201d, dijo Bourque.<\/p>\n<p>&#8220;&#8221; No era tan popular antes de la pandemia, \u00bfqu\u00e9 me pasar\u00e1 ahora? &#8220;. Puede que haya mucho de eso&#8221;.<\/p>\n<p>&nbsp;<\/p>\n<p><em><strong>Se reportan casi 1,100 nuevos casos de COVID-19, 23 muertes<\/strong><\/em><\/p>\n<p><em>Actualizado mi\u00e9rcoles 26 de mayo de 2021 11:25 a.m.<\/em><\/p>\n<p><em><strong>TORONTO.-<\/strong> <\/em>Ontario report\u00f3 1.095 nuevos casos de COVID-19 este mi\u00e9rcoles. El total provincial asciende ahora a 526.045.<\/p>\n<p>El recuento de casos es ligeramente superior al del martes, en el que se registraron 1.039 nuevas infecciones, pero el recuento de casos durante las \u00faltimas dos semanas contin\u00faa con una tendencia descendente. El lunes se registraron 1.446 nuevos casos y 1.691 el domingo.<\/p>\n<p>Seg\u00fan este informe, se registraron 257 casos en Toronto, 215 en la regi\u00f3n de Peel, 224 en Hamilton, 123 en la regi\u00f3n de Durham y 101 en la regi\u00f3n de York. Toronto y la regi\u00f3n de Peel contin\u00faan experimentando una ca\u00edda significativa diaria en nuevos casos.<\/p>\n<p>Todas las dem\u00e1s unidades de salud p\u00fablica locales notificaron menos de 100 casos nuevos en el informe provincial.<\/p>\n<p>El n\u00famero de muertos en la provincia ha aumentado a 8.678, ya que se registraron 23 muertes m\u00e1s.<\/p>\n<p>A partir de las 8 p.m. el martes se administraron m\u00e1s de 8,3 millones de dosis de la vacuna COVID-19. Eso marc\u00f3 un aumento de 135.308 vacunas en el \u00faltimo d\u00eda. Hay 569,317 personas completamente vacunadas con dos dosis.<\/p>\n<p>Mientras tanto, se inform\u00f3 que 499,640 residentes de Ontario se hab\u00edan recuperado del COVID-19, que es aproximadamente el 95 por ciento de los casos conocidos. Los casos resueltos aumentaron en 2.371 con respecto al d\u00eda anterior.<\/p>\n<p>Hubo m\u00e1s casos resueltos que casos nuevos el mi\u00e9rcoles.<\/p>\n<p>El promedio de siete d\u00edas ha llegado ahora a 1.622, que es inferior al de ayer en 1.693, y est\u00e1 por debajo de la semana pasada en 2.183. Hace un mes, el promedio de siete d\u00edas era de 3.900.<\/p>\n<p>El gobierno dijo que se procesaron 24.008 pruebas en las \u00faltimas 24 horas. Actualmente hay una acumulaci\u00f3n de 18,518 pruebas en espera de resultados. Se han completado un total de 15.065.732 pruebas desde el inicio de la pandemia.<\/p>\n<p>La positividad de la prueba del mi\u00e9rcoles fue del 5,3 por ciento. Esa cifra es inferior a la del martes en el 6,2 por ciento, pero es superior a la semana pasada cuando fue del 5,2 por ciento.<\/p>\n<p>Ontario inform\u00f3 que 1.073 personas est\u00e1n hospitalizadas con COVID-19 (48 m\u00e1s que el d\u00eda anterior) con 672 pacientes en unidades de cuidados intensivos (20 menos) y 469 pacientes en UCI con ventilador (29 menos). En general, las hospitalizaciones han disminuido desde el pico de la tercera ola en abril.<\/p>\n<p><em><strong>Variantes preocupantes en Ontario<\/strong><\/em><\/p>\n<p>Los funcionarios han enumerado los datos de desglose de los nuevos COV (variantes de inter\u00e9s) detectados hasta ahora en la provincia, que consisten en B.1.1.7 (detectada por primera vez en el Reino Unido y actualmente es la cepa conocida dominante), B.1.351 (primera detectada en Sud\u00e1frica), P.1 (detectada por primera vez en Brasil).<\/p>\n<p><em><strong>Casos, muertes y brotes en hogares de cuidados a largo plazo de Ontario<\/strong><\/em><\/p>\n<p>Seg\u00fan el Ministerio de Cuidado a Largo Plazo, se han reportado 3771 muertes entre residentes y pacientes en hogares de cuidado a largo plazo en Ontario, lo cual no ha cambiado desde ayer. Se han informado trece muertes relacionadas con virus en total entre el personal.<\/p>\n<p>Hay 33 brotes actuales en los hogares, lo que se ha reducido en dos con respecto al d\u00eda anterior.<\/p>\n<p>El ministerio tambi\u00e9n indic\u00f3 que actualmente hay 49 casos activos entre los residentes de cuidados a largo plazo, 95 casos activos entre el personal, una disminuci\u00f3n de dos y una disminuci\u00f3n de siete, respectivamente, en el \u00faltimo d\u00eda.<\/p>\n<p>&nbsp;<\/p>\n<h4><em><strong>Ontario reporta el primer caso fatal de co\u00e1gulo sangu\u00edneo poco com\u00fan despu\u00e9s de que un hombre recibi\u00f3 la vacuna AstraZeneca COVID-19<\/strong><\/em><\/h4>\n<p><img loading=\"lazy\" decoding=\"async\" class=\"alignnone size-custom-full-size wp-image-497921\" src=\"https:\/\/diarioelpopular.com\/wp-content\/uploads\/2021\/05\/Screen-Shot-2021-05-26-at-11.19.03-AM-636x349.png\" alt=\"\" width=\"636\" height=\"349\" srcset=\"https:\/\/diarioelpopular.com\/wp-content\/uploads\/2021\/05\/Screen-Shot-2021-05-26-at-11.19.03-AM-636x349.png 636w, https:\/\/diarioelpopular.com\/wp-content\/uploads\/2021\/05\/Screen-Shot-2021-05-26-at-11.19.03-AM-300x164.png 300w, https:\/\/diarioelpopular.com\/wp-content\/uploads\/2021\/05\/Screen-Shot-2021-05-26-at-11.19.03-AM-768x421.png 768w, https:\/\/diarioelpopular.com\/wp-content\/uploads\/2021\/05\/Screen-Shot-2021-05-26-at-11.19.03-AM-133x73.png 133w, https:\/\/diarioelpopular.com\/wp-content\/uploads\/2021\/05\/Screen-Shot-2021-05-26-at-11.19.03-AM.png 1024w\" sizes=\"auto, (max-width: 636px) 100vw, 636px\" \/><\/p>\n<p><em><strong>TORONTO.-<\/strong> <\/em>El gobierno de Ontario ha informado del primer caso fatal de un co\u00e1gulo de sangre extremadamente raro que se ha detectado en un peque\u00f1o n\u00famero de residentes que recibieron la vacuna AstraZeneca \/ COVISHEILD COVID-19.<\/p>\n<p>La Dra. Barbara Yaffe, directora m\u00e9dica asociada de salud de Ontario, hizo el anuncio durante una conferencia de prensa en Queen&#8217;s Park el martes por la tarde.<\/p>\n<p>Ella dijo que un hombre de unos 40 a\u00f1os desarroll\u00f3 trombocitopenia tromb\u00f3tica inmunitaria inducida por la vacuna (VITT) despu\u00e9s de recibir su primera dosis de la vacuna a fines de abril y muri\u00f3 unas semanas despu\u00e9s.<\/p>\n<p>&#8220;Si bien la investigaci\u00f3n est\u00e1 en curso y a\u00fan no se ha determinado oficialmente la causa final de la muerte, se ha confirmado que el funcionario ten\u00eda VITT en el momento de su muerte&#8221;, dijo Yaffe a los periodistas.<\/p>\n<p>Dijo que los residentes que recibieron la vacuna AstraZeneca \u201cdeben sentirse muy seguros\u201d de su decisi\u00f3n de vacunarse.<\/p>\n<p>\u201cLos riesgos asociados con esta vacuna son raros, pero son reales\u201d, dijo Yaffe, alentando a las personas que tengan preguntas a que se comuniquen con sus proveedores m\u00e9dicos.<\/p>\n<p>Hasta la fecha, m\u00e1s de un mill\u00f3n de personas en Ontario han recibido la vacuna AstraZeneca y Yaffe dijo que ha habido 13 casos confirmados de VITT.<\/p>\n<p>La noticia se produjo pocos d\u00edas despu\u00e9s de que el gobierno de Ontario anunciara que a los residentes que recibieron las primeras dosis se les permitir\u00eda recibir su segunda dosis con consentimiento informado, citando nuevos datos que indicaban que los beneficios de la vacuna superaban con creces el riesgo con las segundas dosis. La decisi\u00f3n del viernes se produjo tras la suspensi\u00f3n temporal de la administraci\u00f3n de la vacuna AstraZeneca en la provincia.<\/p>\n<p>Fue el 11 de mayo cuando el Dr. David Williams, director m\u00e9dico de salud de Ontario, tom\u00f3 la decisi\u00f3n de suspender temporalmente la vacuna AstraZeneca por precauci\u00f3n debido al aumento de casos de VITT.<\/p>\n<p>Tambi\u00e9n dijo que la decisi\u00f3n se tom\u00f3, en parte, debido a un suministro &#8220;mayor y confiable&#8221; de las vacunas Pfizer-BioNTech y Moderna y una continua tendencia a la baja en los casos de COVID-19.<\/p>\n<p>Williams se\u00f1al\u00f3 que los datos del Reino Unido sugieren que hay un riesgo mucho menor de co\u00e1gulos de sangre en las segundas dosis de AstraZeneca.<\/p>\n<p>La Dra. Jessica Hopkins, directora de protecci\u00f3n de la salud y preparaci\u00f3n para emergencias de Salud P\u00fablica de Ontario, dijo que los funcionarios &#8220;captaron una se\u00f1al de seguridad&#8221; cuando se trata de un ligero repunte en los casos de VITT.<\/p>\n<p>&#8220;El sistema de seguridad de las vacunas realmente est\u00e1 funcionando en Ontario y Canad\u00e1&#8221;, dijo el 11 de mayo, reiterando que los efectos secundarios son raros.<\/p>\n<p>&#8220;Esto se debe a una gran cantidad de precauciones&#8221;.<\/p>\n<p>Hopkins dijo que con la disminuci\u00f3n de los casos de COVID-19 y un ligero aumento per c\u00e1pita en los casos de VITT, la se\u00f1al de seguridad justificaba una pausa temporal. Dijo que actualmente hay una posibilidad entre 60.000 de tener alg\u00fan tipo de efecto secundario, frente a una posibilidad entre 100.000.<\/p>\n<p>Mientras tanto, aquellos que recibieron sus primeras dosis de la vacuna AstraZeneca a mediados de marzo han sido priorizados para recibir una segunda dosis.<\/p>\n","protected":false},"excerpt":{"rendered":"<p>&#8211; M\u00e1s de la mitad de los canadienses se sienten algo ansiosos por volver a ser como era la vida antes de que la pandemia&hellip;<\/p>\n","protected":false},"author":99,"featured_media":497920,"comment_status":"open","ping_status":"open","sticky":false,"template":"","format":"standard","meta":{"footnotes":""},"categories":[21,11191],"tags":[],"class_list":["post-497919","post","type-post","status-publish","format-standard","has-post-thumbnail","hentry","category-canada","category-top-news"],"_links":{"self":[{"href":"https:\/\/diarioelpopular.com\/index.php\/wp-json\/wp\/v2\/posts\/497919","targetHints":{"allow":["GET"]}}],"collection":[{"href":"https:\/\/diarioelpopular.com\/index.php\/wp-json\/wp\/v2\/posts"}],"about":[{"href":"https:\/\/diarioelpopular.com\/index.php\/wp-json\/wp\/v2\/types\/post"}],"author":[{"embeddable":true,"href":"https:\/\/diarioelpopular.com\/index.php\/wp-json\/wp\/v2\/users\/99"}],"replies":[{"embeddable":true,"href":"https:\/\/diarioelpopular.com\/index.php\/wp-json\/wp\/v2\/comments?post=497919"}],"version-history":[{"count":1,"href":"https:\/\/diarioelpopular.com\/index.php\/wp-json\/wp\/v2\/posts\/497919\/revisions"}],"predecessor-version":[{"id":497922,"href":"https:\/\/diarioelpopular.com\/index.php\/wp-json\/wp\/v2\/posts\/497919\/revisions\/497922"}],"wp:featuredmedia":[{"embeddable":true,"href":"https:\/\/diarioelpopular.com\/index.php\/wp-json\/wp\/v2\/media\/497920"}],"wp:attachment":[{"href":"https:\/\/diarioelpopular.com\/index.php\/wp-json\/wp\/v2\/media?parent=497919"}],"wp:term":[{"taxonomy":"category","embeddable":true,"href":"https:\/\/diarioelpopular.com\/index.php\/wp-json\/wp\/v2\/categories?post=497919"},{"taxonomy":"post_tag","embeddable":true,"href":"https:\/\/diarioelpopular.com\/index.php\/wp-json\/wp\/v2\/tags?post=497919"}],"curies":[{"name":"wp","href":"https:\/\/api.w.org\/{rel}","templated":true}]}}