{"id":497925,"date":"2021-05-26T11:50:11","date_gmt":"2021-05-26T15:50:11","guid":{"rendered":"https:\/\/diarioelpopular.com\/?p=497925"},"modified":"2021-05-26T11:50:11","modified_gmt":"2021-05-26T15:50:11","slug":"argentinos-protestan-contra-nuevo-confinamiento","status":"publish","type":"post","link":"https:\/\/diarioelpopular.com\/index.php\/2021\/05\/26\/argentinos-protestan-contra-nuevo-confinamiento\/","title":{"rendered":"Argentinos protestan contra nuevo confinamiento"},"content":{"rendered":"<p><img loading=\"lazy\" decoding=\"async\" class=\"alignnone size-custom-full-size wp-image-497926\" src=\"https:\/\/diarioelpopular.com\/wp-content\/uploads\/2021\/05\/CORONAVIRUS-ARGENTINA_PROTESTA_93862-636x357.jpg\" alt=\"\" width=\"636\" height=\"357\" srcset=\"https:\/\/diarioelpopular.com\/wp-content\/uploads\/2021\/05\/CORONAVIRUS-ARGENTINA_PROTESTA_93862-636x357.jpg 636w, https:\/\/diarioelpopular.com\/wp-content\/uploads\/2021\/05\/CORONAVIRUS-ARGENTINA_PROTESTA_93862-300x168.jpg 300w, https:\/\/diarioelpopular.com\/wp-content\/uploads\/2021\/05\/CORONAVIRUS-ARGENTINA_PROTESTA_93862-768x431.jpg 768w, https:\/\/diarioelpopular.com\/wp-content\/uploads\/2021\/05\/CORONAVIRUS-ARGENTINA_PROTESTA_93862-130x73.jpg 130w, https:\/\/diarioelpopular.com\/wp-content\/uploads\/2021\/05\/CORONAVIRUS-ARGENTINA_PROTESTA_93862.jpg 945w\" sizes=\"auto, (max-width: 636px) 100vw, 636px\" \/><\/p>\n<p><em><strong>BUENOS AIRES.-<\/strong> <\/em>En plena vigencia del confinamiento social dispuesto por el gobierno para frenar la segunda ola de coronavirus en Argentina, grupos que se autoproclaman como \u201clibertarios\u201d, negacionistas de la pandemia y cr\u00edticos de las pol\u00edticas sanitarias se manifestaron el martes en distintos puntos del pa\u00eds contra las restricciones.<\/p>\n<p>En el Obelisco, emblem\u00e1tico monumento en el centro de Buenos Aires, varios cientos de ciudadanos protestaban con banderas argentinas y carteles con consignas cr\u00edticas al gobierno como \u201cBasta, respetan la constituci\u00f3n\u201d y \u201cLibertad\u201d. Un manifestante sosten\u00eda un mu\u00f1eco de papel que simulaba ser un fantasma con el rostro del presidente Alberto Fern\u00e1ndez y escrito en el pecho \u201c74.000 muertos\u201d.<\/p>\n<p>\u201cVine por la dictadura sanitaria que estamos viviendo, que es un desastre\u201d, critic\u00f3 Paulina Cuenca, quien se identific\u00f3 como activista de Nueva Centro Derecha, una de las organizaciones civiles convocantes a trav\u00e9s de redes sociales. \u201cSe vuelve a cometer el mismo error, estamos proponiendo otro confinamiento, otro receso econ\u00f3mico, dinero que se pierde&#8230; me da mucha bronca, te est\u00e1n quitando las libertades\u201d.<\/p>\n<p>El presidente Fern\u00e1ndez decret\u00f3 nueve d\u00edas de confinamiento estricto hasta el 31 de mayo en las zonas del pa\u00eds en alerta epidemiol\u00f3gica y con su sistema sanitario al borde del colapso por la segunda ola de coronavirus. Argentina acumula un total de 3,5 millones de contagios y m\u00e1s de 75.000 muertes.<\/p>\n<p>Seg\u00fan los expertos, la explosi\u00f3n de casos y muertes este a\u00f1o obedecen al mayor poder de contagio de las nuevas variantes del coronavirus combinado con relajamiento social y una campa\u00f1a de vacunaci\u00f3n que marcha a cuentagotas (poco m\u00e1s de 10 millones de personas fueron vacunadas sobre una poblaci\u00f3n de 45 millones). Esto oblig\u00f3 al gobierno a decretar medidas de confinamiento similar a las que rigieron el a\u00f1o pasado entre marzo y julio, como prohibici\u00f3n de circulaci\u00f3n, cierre de escuelas y suspensi\u00f3n de actividades econ\u00f3micas no esenciales.<\/p>\n<div class=\"zone grid combo\">\n<div id=\"zone-el-103\" class=\"zone zone-el\"><span style=\"line-height: 1.5;\">\u201cVine porque el criterio est\u00e1 mal empleado. El criterio debe ser vacunar a la gente, no encerrarla\u201d, afirm\u00f3 Rub\u00e9n L\u00f3pez, quien se defini\u00f3 como ciudadano independiente. \u201cEsta gente tuvo el tiempo suficiente para hacer las negociaciones que hac\u00edan falta para tener las vacunas que hac\u00edan falta y no lo lograron&#8230; Ahora 9 d\u00edas, despu\u00e9s 12, as\u00ed hasta que nos terminamos de fundir\u201d.<\/span><\/div>\n<\/div>\n<p>L\u00f3pez tambi\u00e9n repudi\u00f3 que \u201cse robaron las vacunas\u201d, en referencia al esc\u00e1ndalo de las vacunas VIP que estall\u00f3 cuando sali\u00f3 a la luz que funcionarios y allegados al poder que estaban fuera del orden de vacunaci\u00f3n dispuesto por el propio Ministerio de Salud hab\u00edan recibido las dosis. Hay una causa judicial en marcha.<\/p>\n<p>Si bien en 2020 las medidas sanitarias contaron con amplio respaldo de la poblaci\u00f3n, el escenario cambi\u00f3 por completo hacia fines de a\u00f1o a medida que la crisis econ\u00f3mica se fue agravando, lo cual se evidenci\u00f3 en un aumento de la pobreza (42%) y de la desocupaci\u00f3n (11%), adem\u00e1s de una inflaci\u00f3n descontrolada que acumula 17,6% en 2021.<\/p>\n<p>En la residencia presidencial de Olivos, un grupo de manifestantes desplegaron una larga bandera argentina con la leyenda \u201cLibertad\u201d y cantaron el himno. \u201cQueremos libertad, que nos dejen trabajar y que les permitan a nuestros hijos estudiar\u201d, eran el reclamo com\u00fan entre los asistentes.<\/p>\n<p>En Rosario, provincia de Santa Fe, la polic\u00eda dispers\u00f3 a manifestantes anti-cuarentena frente al monumento a la Bandera de esa ciudad. La protesta hab\u00eda sido convocada por la organizaci\u00f3n M\u00e9dicos por la Verdad Argentina, seg\u00fan la cual la pandemia es una mentira y forma parte de un complot orquestado por Bill Gates. Sus adherentes no llevaban tapabocas.<\/p>\n<div class=\"zone grid combo\">\n<div id=\"zone-el-105\" class=\"zone zone-el\"><span style=\"line-height: 1.5;\">Al menos diez personas fueron detenidas.<\/span><\/div>\n<\/div>\n<p>Otros grandes centros urbanos del pa\u00eds tambi\u00e9n fueron epicentros de manifestaciones.<\/p>\n","protected":false},"excerpt":{"rendered":"<p>BUENOS AIRES.- En plena vigencia del confinamiento social dispuesto por el gobierno para frenar la segunda ola de coronavirus en Argentina, grupos que se autoproclaman&hellip;<\/p>\n","protected":false},"author":99,"featured_media":497926,"comment_status":"open","ping_status":"open","sticky":false,"template":"","format":"standard","meta":{"footnotes":""},"categories":[23],"tags":[],"class_list":["post-497925","post","type-post","status-publish","format-standard","has-post-thumbnail","hentry","category-latinoamerica"],"_links":{"self":[{"href":"https:\/\/diarioelpopular.com\/index.php\/wp-json\/wp\/v2\/posts\/497925","targetHints":{"allow":["GET"]}}],"collection":[{"href":"https:\/\/diarioelpopular.com\/index.php\/wp-json\/wp\/v2\/posts"}],"about":[{"href":"https:\/\/diarioelpopular.com\/index.php\/wp-json\/wp\/v2\/types\/post"}],"author":[{"embeddable":true,"href":"https:\/\/diarioelpopular.com\/index.php\/wp-json\/wp\/v2\/users\/99"}],"replies":[{"embeddable":true,"href":"https:\/\/diarioelpopular.com\/index.php\/wp-json\/wp\/v2\/comments?post=497925"}],"version-history":[{"count":1,"href":"https:\/\/diarioelpopular.com\/index.php\/wp-json\/wp\/v2\/posts\/497925\/revisions"}],"predecessor-version":[{"id":497927,"href":"https:\/\/diarioelpopular.com\/index.php\/wp-json\/wp\/v2\/posts\/497925\/revisions\/497927"}],"wp:featuredmedia":[{"embeddable":true,"href":"https:\/\/diarioelpopular.com\/index.php\/wp-json\/wp\/v2\/media\/497926"}],"wp:attachment":[{"href":"https:\/\/diarioelpopular.com\/index.php\/wp-json\/wp\/v2\/media?parent=497925"}],"wp:term":[{"taxonomy":"category","embeddable":true,"href":"https:\/\/diarioelpopular.com\/index.php\/wp-json\/wp\/v2\/categories?post=497925"},{"taxonomy":"post_tag","embeddable":true,"href":"https:\/\/diarioelpopular.com\/index.php\/wp-json\/wp\/v2\/tags?post=497925"}],"curies":[{"name":"wp","href":"https:\/\/api.w.org\/{rel}","templated":true}]}}