{"id":497931,"date":"2021-05-26T11:56:49","date_gmt":"2021-05-26T15:56:49","guid":{"rendered":"https:\/\/diarioelpopular.com\/?p=497931"},"modified":"2021-05-26T11:56:49","modified_gmt":"2021-05-26T15:56:49","slug":"peru-masacre-causa-temor-al-terrorismo-y-se-estudia-posible-impacto-en-campana-presidencial","status":"publish","type":"post","link":"https:\/\/diarioelpopular.com\/index.php\/2021\/05\/26\/peru-masacre-causa-temor-al-terrorismo-y-se-estudia-posible-impacto-en-campana-presidencial\/","title":{"rendered":"Per\u00fa, masacre causa temor al terrorismo y se estudia posible impacto en campa\u00f1a presidencial"},"content":{"rendered":"<p><img loading=\"lazy\" decoding=\"async\" class=\"alignnone size-custom-full-size wp-image-497932\" src=\"https:\/\/diarioelpopular.com\/wp-content\/uploads\/2021\/05\/operaciones_militares-636x433.jpg\" alt=\"\" width=\"636\" height=\"433\" srcset=\"https:\/\/diarioelpopular.com\/wp-content\/uploads\/2021\/05\/operaciones_militares-636x433.jpg 636w, https:\/\/diarioelpopular.com\/wp-content\/uploads\/2021\/05\/operaciones_militares-300x204.jpg 300w, https:\/\/diarioelpopular.com\/wp-content\/uploads\/2021\/05\/operaciones_militares-80x55.jpg 80w, https:\/\/diarioelpopular.com\/wp-content\/uploads\/2021\/05\/operaciones_militares-107x73.jpg 107w, https:\/\/diarioelpopular.com\/wp-content\/uploads\/2021\/05\/operaciones_militares.jpg 700w\" sizes=\"auto, (max-width: 636px) 100vw, 636px\" \/><\/p>\n<p><em>Cifra de personas asesinadas subi\u00f3 a 16, mientras autoridades buscan a los culpables.<\/em><\/p>\n<h4><em><strong>El ataque terrorista ocurrido en Per\u00fa y que provoc\u00f3 16 muertos en una zona rural vuelve mostrar el miedo que pueden causar los remanentes de la guerrilla de Sendero Luminoso. <\/strong><\/em><\/h4>\n<p><em><strong>LIMA.-<\/strong> <\/em>Adem\u00e1s de lo que podr\u00eda significar en medio de un pa\u00eds polarizado que debe acudir a las urnas para elegir presidente entre derecha e izquierda, el 6 de junio.<\/p>\n<p>Esta masacre fue atribuida a ellos por las Fuerzas Armadas. Una versi\u00f3n que algunos sobrevivientes de la matanza no se atreven a refrendar.<\/p>\n<p>La masacre ocurri\u00f3 el lunes en la madrugada en un bar de una aldea del municipio de Vizcat\u00e1n del Ene, ubicado en el coraz\u00f3n del Valle de los R\u00edos Apur\u00edmac, Ene y Mantaro (Vraem), la principal zona de producci\u00f3n de coca\u00edna de Per\u00fa y el reducto de los remanentes de Sendero Luminoso, que operan como socios y guardaespaldas del narcotr\u00e1fico, seg\u00fan EFE.<\/p>\n<p>El atentado ha sacudido la campa\u00f1a electoral de Per\u00fa entre Pedro Castillo (izquierda-extrema izquierda) y Keiko Fujimori (derecha populista), quienes han condenado la masacre y han prometido tomar acciones para acabar con el terrorismo, la violencia y el narcotr\u00e1fico en el Vraem.<\/p>\n<p>Fujimori, quien va abajo en las encuestas, dijo que hay que ir a votar para defender los intentos de desestabilizaci\u00f3n.<\/p>\n<p><em>\u201cLos grupos terroristas lo que buscan es paralizarnos, es generarnos miedo, y nosotros no debemos permitirlo\u201d<\/em>, apunt\u00f3 Fujimori.<\/p>\n<p>En tanto, desde Per\u00fa Libre, partido de Castillo, tambi\u00e9n condenaron el hecho y a\u00f1adieron que <em>\u201clos cr\u00edmenes ad portas de las elecciones en esta zona lamentablemente se est\u00e1n convirtiendo en una tradici\u00f3n con claros objetivos pol\u00edticos a favor de la derecha\u201d<\/em>.<\/p>\n<p>La candidatura de Castillo ha sido se\u00f1alada en los meses pasados por tener cercan\u00eda con el Movimiento por la Amnist\u00eda y Derechos Fundamentales (Movadef), que medios peruanos califican como el brazo pol\u00edtico de Sendero.<\/p>\n<p>Sin embargo, Castillo ha dicho que si quiere el presidente Francisco Sagasti puede mandar a investigar a \u00e9l y a su partido, para demostrar que no tienen relaci\u00f3n con grupos terroristas de este tipo, recoge el diario peruano La Rep\u00fablica.<\/p>\n<p>Jos\u00e9 Luis Gil, exmiembro del Grupo Especial de Inteligencia del Per\u00fa, dijo al medio Per\u00fa21 que la intenci\u00f3n del ataque es \u201cinterferir en las elecciones nacionales, amenazando a los ciudadanos para que voten nulo o blanco o que no voten por Keiko Fujimori, con lo cual est\u00e1n induciendo a que voten por Castillo\u201d.<\/p>\n<p>Aunque a\u00f1adi\u00f3 que \u201cesto realmente da\u00f1a a ambos candidatos porque levanta m\u00e1s sospechas por los dos lados. Sendero vive del caos y este caos les conviene\u201d.<\/p>\n<p>Las Fuerzas Armadas dan por seguro que la matanza es una \u201climpieza social\u201d a cargo del Militarizado Partido Comunista del Per\u00fa (MPCP), nombre con el que se autodenominan los herederos de Sendero Luminoso, ya que en el lugar de los hechos reportan haber hallado una nota de este grupo.<\/p>\n<p>En la octavilla esta organizaci\u00f3n reivindica la necesidad de limpiar Per\u00fa de \u201cprost\u00edbulos, homosexuales, lesbianas, drogadictos e individuos indisciplinados\u201d. En ese mismo papel llamaban tambi\u00e9n a no votar en las elecciones peruanas del pr\u00f3ximo 6 de junio, cuando se celebra la segunda vuelta presidencial, y tildaban especialmente de \u201ctraidores\u201d a los votantes de la candidata fujimorista.<\/p>\n<p>Aunque es habitual que los remanentes de Sendero Luminoso cometan atentados poco antes de cada elecci\u00f3n presidencial, sus objetivos hab\u00edan sido siempre en las \u00faltimas ocasiones militares y polic\u00edas, mas no poblaci\u00f3n civil como en esta vez.<\/p>\n<p>El \u00fanico precedente similar ocurri\u00f3 en marzo \u00faltimo, cuando los narcoterroristas masacraron a cuatro miembros de una familia en un poblado de la sure\u00f1a regi\u00f3n de Ayacucho, presuntamente en venganza por la muerte tras un enfrentamiento con militares del n\u00famero dos de la organizaci\u00f3n, Jorge Quispe Palomino (camarada Ra\u00fal).<\/p>\n<p>Sin embargo, testigos y sobrevivientes a la masacre entrevistados por el portal Ojo P\u00fablico no se atreven a refrendar que los autores fueran los narcoterroristas.<\/p>\n<p>Seg\u00fan los testimonios, en el lugar irrumpieron al menos tres hombres armados con fusiles en el pecho que comenzaron a acribillar sin mediar palabra, vestidos de civil, sin ropa militar o prendas negras como las que suelen llevar los miembros del autodenominado MPCP.<\/p>\n<p><em><strong>Buscado<\/strong><\/em><\/p>\n<p>El autodenominado Militarizado Partido Comunista est\u00e1 liderado por V\u00edctor Quispe Palomino (camarada Jos\u00e9), el \u00faltimo sobreviviente de los tres hermanos a cargo de esta facci\u00f3n de Sendero Luminoso financiada por el narcotr\u00e1fico.<\/p>\n<p>Se desconoce con exactitud cu\u00e1ntos hombres est\u00e1n bajo su mando, aunque los militares estiman que son entre 100 y 200, con su centro de operaciones en el Vizcat\u00e1n, un n\u00facleo de selva monta\u00f1osa de muy dif\u00edcil acceso ubicado en el centro del Vraem.<\/p>\n<p>Del Vraem, cuyo territorio abarca parcialmente cuatro regiones del sur de Per\u00fa, sale aproximadamente el 70% de las 411 toneladas de coca\u00edna que son exportadas desde el pa\u00eds principalmente a Estados Unidos, Europa y Brasil.<\/p>\n<p>El Vraem es el \u00faltimo escenario activo del sanguinario conflicto armado interno (1980-2000) desatado en Per\u00fa por el grupo mao\u00edsta Sendero Luminoso y el marxista Movimiento Revolucionario T\u00fapac Amaru (MRTA), que caus\u00f3 unos 69.000 muertos, seg\u00fan el informe final de la Comisi\u00f3n de la Verdad y la Reconciliaci\u00f3n (CVR).<\/p>\n<p>Desde fines de la d\u00e9cada de 1990, cuando toda la c\u00fapula de Sendero Luminoso fue capturada, los hermanos Quispe Palomino se hicieron con la organizaci\u00f3n en esa zona.<\/p>\n<p>Sin embargo, el fundador de Sendero, Abimael Guzm\u00e1n, que cumple cadena perpetua en una base naval, no los reconoce como tales y ellos no siguen \u00f3rdenes del apodado Presidente Gonzalo.<\/p>\n<p>No obstante, antes de la captura de Guzm\u00e1n en 1992, los dos hermanos participaron en varios actos criminales de Sendero en su sanguinaria cruzada por imitar la guerra popular de China e instalar en Per\u00fa un r\u00e9gimen mao\u00edsta.<\/p>\n","protected":false},"excerpt":{"rendered":"<p>Cifra de personas asesinadas subi\u00f3 a 16, mientras autoridades buscan a los culpables. El ataque terrorista ocurrido en Per\u00fa y que provoc\u00f3 16 muertos en&hellip;<\/p>\n","protected":false},"author":99,"featured_media":497932,"comment_status":"open","ping_status":"open","sticky":false,"template":"","format":"standard","meta":{"footnotes":""},"categories":[23],"tags":[],"class_list":["post-497931","post","type-post","status-publish","format-standard","has-post-thumbnail","hentry","category-latinoamerica"],"_links":{"self":[{"href":"https:\/\/diarioelpopular.com\/index.php\/wp-json\/wp\/v2\/posts\/497931","targetHints":{"allow":["GET"]}}],"collection":[{"href":"https:\/\/diarioelpopular.com\/index.php\/wp-json\/wp\/v2\/posts"}],"about":[{"href":"https:\/\/diarioelpopular.com\/index.php\/wp-json\/wp\/v2\/types\/post"}],"author":[{"embeddable":true,"href":"https:\/\/diarioelpopular.com\/index.php\/wp-json\/wp\/v2\/users\/99"}],"replies":[{"embeddable":true,"href":"https:\/\/diarioelpopular.com\/index.php\/wp-json\/wp\/v2\/comments?post=497931"}],"version-history":[{"count":1,"href":"https:\/\/diarioelpopular.com\/index.php\/wp-json\/wp\/v2\/posts\/497931\/revisions"}],"predecessor-version":[{"id":497933,"href":"https:\/\/diarioelpopular.com\/index.php\/wp-json\/wp\/v2\/posts\/497931\/revisions\/497933"}],"wp:featuredmedia":[{"embeddable":true,"href":"https:\/\/diarioelpopular.com\/index.php\/wp-json\/wp\/v2\/media\/497932"}],"wp:attachment":[{"href":"https:\/\/diarioelpopular.com\/index.php\/wp-json\/wp\/v2\/media?parent=497931"}],"wp:term":[{"taxonomy":"category","embeddable":true,"href":"https:\/\/diarioelpopular.com\/index.php\/wp-json\/wp\/v2\/categories?post=497931"},{"taxonomy":"post_tag","embeddable":true,"href":"https:\/\/diarioelpopular.com\/index.php\/wp-json\/wp\/v2\/tags?post=497931"}],"curies":[{"name":"wp","href":"https:\/\/api.w.org\/{rel}","templated":true}]}}