{"id":497934,"date":"2021-05-27T10:48:09","date_gmt":"2021-05-27T14:48:09","guid":{"rendered":"https:\/\/diarioelpopular.com\/?p=497934"},"modified":"2021-05-27T10:48:09","modified_gmt":"2021-05-27T14:48:09","slug":"por-que-el-cronograma-del-plan-de-reapertura-del-covid-19-de-ontario-es-mas-lento-que-el-de-otras-provincias","status":"publish","type":"post","link":"https:\/\/diarioelpopular.com\/index.php\/2021\/05\/27\/por-que-el-cronograma-del-plan-de-reapertura-del-covid-19-de-ontario-es-mas-lento-que-el-de-otras-provincias\/","title":{"rendered":"\u00bfPor qu\u00e9 el cronograma del plan de reapertura del COVID-19 de Ontario es m\u00e1s lento que el de otras provincias?"},"content":{"rendered":"<p><img loading=\"lazy\" decoding=\"async\" class=\"alignnone size-custom-full-size wp-image-497937\" src=\"https:\/\/diarioelpopular.com\/wp-content\/uploads\/2021\/05\/Screen-Shot-2021-05-27-at-10.38.55-AM-636x357.png\" alt=\"\" width=\"636\" height=\"357\" srcset=\"https:\/\/diarioelpopular.com\/wp-content\/uploads\/2021\/05\/Screen-Shot-2021-05-27-at-10.38.55-AM-636x357.png 636w, https:\/\/diarioelpopular.com\/wp-content\/uploads\/2021\/05\/Screen-Shot-2021-05-27-at-10.38.55-AM-300x168.png 300w, https:\/\/diarioelpopular.com\/wp-content\/uploads\/2021\/05\/Screen-Shot-2021-05-27-at-10.38.55-AM-768x431.png 768w, https:\/\/diarioelpopular.com\/wp-content\/uploads\/2021\/05\/Screen-Shot-2021-05-27-at-10.38.55-AM-130x73.png 130w, https:\/\/diarioelpopular.com\/wp-content\/uploads\/2021\/05\/Screen-Shot-2021-05-27-at-10.38.55-AM.png 1024w\" sizes=\"auto, (max-width: 636px) 100vw, 636px\" \/><\/p>\n<h4><em><strong>&#8211; Varias provincias han publicado planes de reapertura econ\u00f3mica de COVID-19, pero el cronograma de Ontario parece retrasarse notablemente con respecto a otras a pesar de que ciertas provincias tuvieron casos per c\u00e1pita m\u00e1s altos durante la tercera ola.<\/strong><\/em><\/h4>\n<h4><em><strong>&#8211; Ontario reporta m\u00e1s de 1,100 nuevos casos de COVID-19, 19 muertes<\/strong><\/em><\/h4>\n<h4><em><strong>&#8211; Quebec acorta el intervalo entre las dosis de la vacuna COVID-19 de AstraZeneca a 8 semanas<\/strong><\/em><\/h4>\n<p><em><strong>EDMONTON.-<\/strong> <\/em>&#8220;Creo que hay una par\u00e1lisis, el miedo a cometer errores basados \u200b\u200ben el pasado&#8221;, dijo el comentarista pol\u00edtico Sarbjit Kaur a la estaci\u00f3n \u00a0Global News.<\/p>\n<p>El estratega pol\u00edtico con sede en Calgary Zain Velji dijo que el premier de Ontario, Doug Ford, &#8220;probablemente pag\u00f3 una consecuencia pol\u00edtica mayor&#8221; en la segunda y tercera oleadas en comparaci\u00f3n con el premier de Alberta, Jason Kenney.<\/p>\n<p>&#8220;Puedes preferir la victoria, como Jason Kenney, y decir, &#8216;Somos los primeros en abrir en el pa\u00eds, quiero esa marca, quiero esa etiqueta &#8230;&#8217; en lugar de no ir por la derrota, y eso es lo que parece como lo est\u00e1 haciendo Ford ahora mismo \u201d, dijo.<\/p>\n<p>&#8220;Simplemente no quiere marcar otro gol en propia puerta, sin errores no forzados&#8221;.<\/p>\n<p>El plan de reapertura de Alberta recientemente publicado apunta a la fecha del 1 de junio para que la provincia alcance su primera fase de flexibilizaci\u00f3n de las restricciones, que incluye la apertura de peluquer\u00edas, cenas al aire libre y permite reuniones sociales al aire libre de hasta 10 personas.<\/p>\n<p>Su segunda etapa est\u00e1 prevista para mediados de junio y consiste en cenas en el interior, la apertura de gimnasios y fitness cubiertos, cines y estadios deportivos. La tercera etapa ver\u00eda la eliminaci\u00f3n de todas las restricciones de salud p\u00fablica a partir de julio.<\/p>\n<p>&#8220;Cuando miras el salto entre la etapa dos y tres, eso es lo que realmente me alerta&#8221;, dijo Velji.<\/p>\n<p>\u201cSi miras el momento de la etapa tres, no es una coincidencia. \u00bfQu\u00e9 es lo m\u00e1s importante que sucede a principios de julio? La Estampida de Calgary, y cuando miras la Estampida de Calgary y el inicio de la temporada de verano, realmente puedes ver esto como algo que Kenney puede haber hecho ingenier\u00eda inversa &#8220;.<\/p>\n<p>Por el contrario, aproximadamente al mismo tiempo en julio, Ontario probablemente solo comenzar\u00eda a permitir reuniones en interiores por primera vez con un m\u00e1ximo de cinco personas.<\/p>\n<p>La provincia tambi\u00e9n comenzar\u00eda a abrir servicios de cuidado personal, como peluquer\u00edas y salones de u\u00f1as, y permitir\u00eda que el comercio minorista no esencial se abriera hasta un 25 por ciento de su capacidad.<\/p>\n<p>&#8220;El gobierno probablemente est\u00e9 haciendo todo lo posible para hacerlo bien esta vez&#8221;, dijo Kaur.<\/p>\n<p>&#8220;Sin embargo, es demasiado lento o demasiado r\u00e1pido; parece que esta es ahora la instancia en la que realmente miran la tabla cient\u00edfica y los consejos de los expertos y se gu\u00edan por eso para que podamos tener una apertura segura&#8221;.<\/p>\n<p>Ontario tambi\u00e9n tiene intervalos de tres semanas entre las etapas basados \u200b\u200ben alcanzar ciertos umbrales de vacunaci\u00f3n, mientras que Alberta tiene descansos de dos semanas que dependen de superar los objetivos de vacunaci\u00f3n y hospitalizaci\u00f3n.<\/p>\n<p>Alberta tuvo el mayor n\u00famero de nuevos casos de COVID-19 per c\u00e1pita en el pa\u00eds a principios de mayo.<\/p>\n<p>El plan de reapertura de B.C. tambi\u00e9n se ha calificado de ambicioso. Dado que ya se permiten reuniones limitadas en interiores y clases de gimnasia, las capacidades podr\u00edan aumentar a mediados de junio como muy pronto.<\/p>\n<p>El cronograma de Quebec para flexibilizar las restricciones comienza el viernes con el levantamiento del toque de queda y el permiso de reuniones al aire libre, pero tambi\u00e9n permite que los gimnasios y los comedores interiores reabran unos d\u00edas despu\u00e9s, el 31 de mayo.<\/p>\n<p>El Dr. Peter Juni, de la Mesa Asesora Cient\u00edfica COVID-19 de Ontario, cree que la reapertura m\u00e1s lenta de Ontario es el enfoque correcto.<\/p>\n<p>\u201cNecesitamos andar con extrema, extrema precauci\u00f3n con la relajaci\u00f3n de las restricciones en el espacio interior, eso es a\u00fan prematuro\u201d, dijo Juni.<\/p>\n<p>&#8220;Todav\u00eda tenemos el desaf\u00edo de las variantes que se escapan parcialmente de las vacunas por delante de nosotros&#8221;.<\/p>\n<p>Agrega que el \u00fanico elemento que cambiar\u00eda de la l\u00ednea de tiempo de reapertura del gobierno de Ford es permitir m\u00e1s actividades al aire libre.<\/p>\n<p>\u201c[Alberta] es demasiado ambiciosa\u201d, dijo Juni.<\/p>\n<p>&#8220;Si yo fuera la provincia, probablemente me limitar\u00eda a abrir espacios al aire libre a principios de junio&#8221;.<\/p>\n<p>Mientras tanto, el Ministerio de Salud de Ontario ha redoblado su plan de reapertura de la provincia. Una portavoz de la ministra de Salud, Christine Elliott, dijo que los funcionarios han consultado con el director m\u00e9dico de salud de la provincia para crear el plan de reapertura.<\/p>\n<p>&#8220;Como muestra el modelo de la semana pasada, esperar hasta mediados de junio para reabrir probablemente traer\u00e1 los casos a un nivel muy bajo y una tendencia a la baja constante durante todo el verano&#8221;, dijo Hilkene.<\/p>\n<p>\u201cSi vemos una mejora r\u00e1pida en los indicadores clave de salud, la provincia puede considerar ingresar al Paso 1 antes. Sin embargo, seg\u00fan las tendencias actuales, el gobierno espera ingresar al Paso 1 de la hoja de ruta la semana del 14 de junio &#8220;.<\/p>\n<p>&nbsp;<\/p>\n<h4><em><strong>Ontario reporta m\u00e1s de 1,100 nuevos casos de COVID-19, 19 muertes<\/strong><\/em><\/h4>\n<p><img loading=\"lazy\" decoding=\"async\" class=\"alignnone size-custom-full-size wp-image-497936\" src=\"https:\/\/diarioelpopular.com\/wp-content\/uploads\/2021\/05\/Screen-Shot-2021-05-27-at-10.32.21-AM-636x375.png\" alt=\"\" width=\"636\" height=\"375\" srcset=\"https:\/\/diarioelpopular.com\/wp-content\/uploads\/2021\/05\/Screen-Shot-2021-05-27-at-10.32.21-AM-636x375.png 636w, https:\/\/diarioelpopular.com\/wp-content\/uploads\/2021\/05\/Screen-Shot-2021-05-27-at-10.32.21-AM-300x177.png 300w, https:\/\/diarioelpopular.com\/wp-content\/uploads\/2021\/05\/Screen-Shot-2021-05-27-at-10.32.21-AM-768x453.png 768w, https:\/\/diarioelpopular.com\/wp-content\/uploads\/2021\/05\/Screen-Shot-2021-05-27-at-10.32.21-AM-124x73.png 124w, https:\/\/diarioelpopular.com\/wp-content\/uploads\/2021\/05\/Screen-Shot-2021-05-27-at-10.32.21-AM.png 1024w\" sizes=\"auto, (max-width: 636px) 100vw, 636px\" \/><\/p>\n<p>Actualizado jueves 27 de mayo de 2021 11:02 a.m.<\/p>\n<p><em><strong>TORONTO.-<\/strong><\/em> Ontario report\u00f3 1,135 nuevos casos de COVID-19 este jueves. El total provincial asciende ahora a 527.180.<\/p>\n<p>El recuento de casos aument\u00f3 ligeramente con respecto al mi\u00e9rcoles, en el que se registraron 1.095 nuevas infecciones, pero la positividad de la prueba fue del 3,6 por ciento, la m\u00e1s baja vista desde mediados de marzo. El martes se registraron 1.039 casos nuevos y el lunes 1.446.<\/p>\n<p>Seg\u00fan el informe, se registraron 316 casos en Toronto, 271 en la regi\u00f3n de Peel, 75 en la regi\u00f3n de York y 66 en Hamilton.<\/p>\n<p>Todas las dem\u00e1s unidades de salud p\u00fablica locales notificaron menos de 50 casos nuevos en el informe provincial.<\/p>\n<p>El n\u00famero de muertos en la provincia ha aumentado a 8.697, ya que se registraron 19 muertes m\u00e1s.<\/p>\n<p>A partir de las 8 p.m. el mi\u00e9rcoles se administraron m\u00e1s de 8.5 millones de dosis de la vacuna COVID-19. Eso marc\u00f3 un aumento de 143,748 vacunas en el \u00faltimo d\u00eda. Hay 594,854 personas completamente vacunadas con dos dosis.<\/p>\n<p>Mientras tanto, se inform\u00f3 que 501,942 residentes de Ontario se hab\u00edan recuperado del COVID-19, que es aproximadamente el 95 por ciento de los casos conocidos. Los casos resueltos aumentaron en 2.302 respecto al d\u00eda anterior.<\/p>\n<p>Hubo m\u00e1s casos resueltos que casos nuevos el jueves.<\/p>\n<p>Los casos activos en Ontario ahora ascienden a 16,541, por debajo del d\u00eda anterior cuando estaba en 17,727, y est\u00e1 por debajo del 20 de mayo cuando estaba en 23,026. En el pico de la oleada de coronavirus de la segunda ola en enero, los casos activos llegaron a poco m\u00e1s de 30.000. En la tercera ola de abril, los casos activos superaron los 43.000.<\/p>\n<p>El promedio de siete d\u00edas ahora ha llegado a 1.441, que es inferior al de ayer en 1.622, y est\u00e1 por debajo de la semana pasada en 2.131. Hace un mes, el promedio de siete d\u00edas era de 3.900.<\/p>\n<p>El gobierno dijo que se procesaron 37.705 pruebas en las \u00faltimas 24 horas. Actualmente hay una acumulaci\u00f3n de 23.068 pruebas en espera de resultados. Se han completado un total de 15,103,437 pruebas desde el inicio de la pandemia.<\/p>\n<p>La positividad de las pruebas del jueves fue del 3,6 por ciento, la m\u00e1s baja desde marzo. Esa cifra es inferior a la del mi\u00e9rcoles fue del 5,3 por ciento, y es inferior a la de la semana pasada cuando fue del 5,2 por ciento.<\/p>\n<p>Ontario inform\u00f3 que 1.072 personas est\u00e1n hospitalizadas con COVID-19 (una disminuci\u00f3n respecto al d\u00eda anterior) con 650 pacientes en unidades de cuidados intensivos (una disminuci\u00f3n de 22) y 452 pacientes en UCI con un ventilador (una disminuci\u00f3n de 17). En general, las hospitalizaciones han disminuido desde el pico de la tercera ola en abril.<\/p>\n<p><strong><em>Variantes preocupantes en Ontario<\/em><\/strong><\/p>\n<p>Los funcionarios han enumerado los datos de desglose de los nuevos COV (variantes de inter\u00e9s) detectados hasta ahora en la provincia, que consisten en B.1.1.7 (detectada por primera vez en el Reino Unido y actualmente es la cepa conocida dominante), B.1.351 (primera detectada en Sud\u00e1frica), P.1 (detectada por primera vez en Brasil).<\/p>\n<p>Aqu\u00ed hay un desglose del total de casos en Ontario por g\u00e9nero y edad:<\/p>\n<p>262,312 personas son hombres, un aumento de 560 casos.<br \/>\n260.586 personas son mujeres, un aumento de 539 casos.<br \/>\n83.528 personas tienen 19 a\u00f1os o menos, un aumento de 209 casos.<br \/>\n197.230 personas tienen entre 20 y 39 a\u00f1os, un aumento de 501 casos.<br \/>\n151.148 personas tienen entre 40 y 59 a\u00f1os, un aumento de 288 casos.<br \/>\n70.506 personas tienen entre 60 y 79 a\u00f1os, un aumento de 123 casos.<br \/>\n24,672 personas tienen 80 a\u00f1os o m\u00e1s, un aumento de 15 casos.<br \/>\nLa provincia se\u00f1ala que no todos los casos tienen una edad o sexo reportados.<br \/>\nAqu\u00ed hay un desglose del total de muertes relacionadas con COVID-19 por edad:<\/p>\n<p>Muertes reportadas en menores de 19 a\u00f1os: 4<br \/>\nMuertes reportadas en edades de 20 a 39: 70 (+2)<br \/>\nMuertes reportadas en edades de 40 a 59: 496 (+6)<br \/>\nMuertes reportadas en edades de 60 a 79: 2.676 (+7)<br \/>\nMuertes reportadas en 80 a\u00f1os o m\u00e1s: 5439 (+4)<br \/>\nLa provincia se\u00f1ala que puede haber un retraso en la notificaci\u00f3n de las muertes y que las correcciones o actualizaciones de datos pueden dar lugar a la eliminaci\u00f3n de los registros de defunci\u00f3n.<\/p>\n<p>&nbsp;<\/p>\n<h4><em><strong>Quebec acorta el intervalo entre las dosis de la vacuna COVID-19 de AstraZeneca a 8 semanas<\/strong><\/em><\/h4>\n<p><img loading=\"lazy\" decoding=\"async\" class=\"alignnone size-custom-full-size wp-image-497935\" src=\"https:\/\/diarioelpopular.com\/wp-content\/uploads\/2021\/05\/Screen-Shot-2021-05-27-at-10.39.49-AM-636x374.png\" alt=\"\" width=\"636\" height=\"374\" srcset=\"https:\/\/diarioelpopular.com\/wp-content\/uploads\/2021\/05\/Screen-Shot-2021-05-27-at-10.39.49-AM-636x374.png 636w, https:\/\/diarioelpopular.com\/wp-content\/uploads\/2021\/05\/Screen-Shot-2021-05-27-at-10.39.49-AM-300x176.png 300w, https:\/\/diarioelpopular.com\/wp-content\/uploads\/2021\/05\/Screen-Shot-2021-05-27-at-10.39.49-AM-768x451.png 768w, https:\/\/diarioelpopular.com\/wp-content\/uploads\/2021\/05\/Screen-Shot-2021-05-27-at-10.39.49-AM-124x73.png 124w, https:\/\/diarioelpopular.com\/wp-content\/uploads\/2021\/05\/Screen-Shot-2021-05-27-at-10.39.49-AM.png 1024w\" sizes=\"auto, (max-width: 636px) 100vw, 636px\" \/><\/p>\n<p><em><strong>MONTREAL.-<\/strong> <\/em>Quebec est\u00e1 acortando el intervalo entre la primera y la segunda dosis de la vacuna COVID-19 de AstraZeneca.<\/p>\n<p>La provincia anunci\u00f3 este jueves que reducir\u00e1 el tiempo entre inyecciones de 16 a ocho semanas para esa marca de vacuna.<\/p>\n<p>La decisi\u00f3n de adelantar la vacuna de refuerzo se produce siguiendo los consejos del comit\u00e9 de inmunizaci\u00f3n de la provincia.<\/p>\n<p>En Quebec, solo las personas que tienen 45 a\u00f1os o m\u00e1s pudieron recibir la vacuna AstraZeneca en medio de preocupaciones sobre una rara condici\u00f3n de coagulaci\u00f3n de la sangre.<\/p>\n<p>A principios de este mes, el gobierno anunci\u00f3 que ya no administrar\u00e1 esa marca como primera dosis. Sigui\u00f3 los pasos de otras provincias.<\/p>\n<p>La provincia dice que todav\u00eda se recomienda la misma vacuna para la segunda inyecci\u00f3n, pero los quebequenses que han recibido AstraZeneca pueden elegir otra vacuna disponible como vacuna de refuerzo.<\/p>\n<p>Sin embargo, si reciben una inyecci\u00f3n diferente, la demora sigue siendo de 16 semanas entre dosis.<\/p>\n","protected":false},"excerpt":{"rendered":"<p>&#8211; Varias provincias han publicado planes de reapertura econ\u00f3mica de COVID-19, pero el cronograma de Ontario parece retrasarse notablemente con respecto a otras a pesar&hellip;<\/p>\n","protected":false},"author":99,"featured_media":497937,"comment_status":"open","ping_status":"open","sticky":false,"template":"","format":"standard","meta":{"footnotes":""},"categories":[21,11191],"tags":[],"class_list":["post-497934","post","type-post","status-publish","format-standard","has-post-thumbnail","hentry","category-canada","category-top-news"],"_links":{"self":[{"href":"https:\/\/diarioelpopular.com\/index.php\/wp-json\/wp\/v2\/posts\/497934","targetHints":{"allow":["GET"]}}],"collection":[{"href":"https:\/\/diarioelpopular.com\/index.php\/wp-json\/wp\/v2\/posts"}],"about":[{"href":"https:\/\/diarioelpopular.com\/index.php\/wp-json\/wp\/v2\/types\/post"}],"author":[{"embeddable":true,"href":"https:\/\/diarioelpopular.com\/index.php\/wp-json\/wp\/v2\/users\/99"}],"replies":[{"embeddable":true,"href":"https:\/\/diarioelpopular.com\/index.php\/wp-json\/wp\/v2\/comments?post=497934"}],"version-history":[{"count":1,"href":"https:\/\/diarioelpopular.com\/index.php\/wp-json\/wp\/v2\/posts\/497934\/revisions"}],"predecessor-version":[{"id":497938,"href":"https:\/\/diarioelpopular.com\/index.php\/wp-json\/wp\/v2\/posts\/497934\/revisions\/497938"}],"wp:featuredmedia":[{"embeddable":true,"href":"https:\/\/diarioelpopular.com\/index.php\/wp-json\/wp\/v2\/media\/497937"}],"wp:attachment":[{"href":"https:\/\/diarioelpopular.com\/index.php\/wp-json\/wp\/v2\/media?parent=497934"}],"wp:term":[{"taxonomy":"category","embeddable":true,"href":"https:\/\/diarioelpopular.com\/index.php\/wp-json\/wp\/v2\/categories?post=497934"},{"taxonomy":"post_tag","embeddable":true,"href":"https:\/\/diarioelpopular.com\/index.php\/wp-json\/wp\/v2\/tags?post=497934"}],"curies":[{"name":"wp","href":"https:\/\/api.w.org\/{rel}","templated":true}]}}