{"id":497964,"date":"2021-05-27T12:16:27","date_gmt":"2021-05-27T16:16:27","guid":{"rendered":"https:\/\/diarioelpopular.com\/?p=497964"},"modified":"2021-05-27T12:16:27","modified_gmt":"2021-05-27T16:16:27","slug":"uruguay-argentina-y-paraguay-asediados-por-el-covid","status":"publish","type":"post","link":"https:\/\/diarioelpopular.com\/index.php\/2021\/05\/27\/uruguay-argentina-y-paraguay-asediados-por-el-covid\/","title":{"rendered":"Uruguay, Argentina y Paraguay, asediados por el covid"},"content":{"rendered":"<p><img loading=\"lazy\" decoding=\"async\" class=\"alignnone size-custom-full-size wp-image-497965\" src=\"https:\/\/diarioelpopular.com\/wp-content\/uploads\/2021\/05\/AFP_9AT6ZD-636x358.jpg\" alt=\"\" width=\"636\" height=\"358\" srcset=\"https:\/\/diarioelpopular.com\/wp-content\/uploads\/2021\/05\/AFP_9AT6ZD-636x358.jpg 636w, https:\/\/diarioelpopular.com\/wp-content\/uploads\/2021\/05\/AFP_9AT6ZD-300x169.jpg 300w, https:\/\/diarioelpopular.com\/wp-content\/uploads\/2021\/05\/AFP_9AT6ZD-768x432.jpg 768w, https:\/\/diarioelpopular.com\/wp-content\/uploads\/2021\/05\/AFP_9AT6ZD-130x73.jpg 130w, https:\/\/diarioelpopular.com\/wp-content\/uploads\/2021\/05\/AFP_9AT6ZD.jpg 1024w\" sizes=\"auto, (max-width: 636px) 100vw, 636px\" \/><\/p>\n<p><em><strong><span class=\"dateline\">MONTEVIDEO.-\u00a0<\/span><\/strong><\/em>La pandemia tiene arrinconados a los pa\u00edses australes de Am\u00e9rica Latina, donde ni la pol\u00edtica permisiva de Uruguay ni los confinamientos obligatorios de Argentina han impedido que lideren la tasa mundial de mortalidad por covid-19, al igual que su vecino Paraguay.<\/p>\n<p>Quince meses despu\u00e9s de que el virus apareci\u00f3 en la regi\u00f3n, esos pa\u00edses atraviesan hoy el peor momento de la crisis sanitaria.<\/p>\n<p>\u201cLa carga de los servicios, incluyendo para pacientes graves y en unidades de cuidados intensivos, sigue siendo muy alta en la mayor\u00eda de los pa\u00edses del Cono Sur\u201d, advirti\u00f3 Sylvain Aldighieri, gerente de incidente para covid-19 de la Organizaci\u00f3n Panamericana de la Salud (OPS).<\/p>\n<p>La excepci\u00f3n es Chile, donde se observa \u201cun descenso gradual de los nuevos casos\u201d.<\/p>\n<p>El funcionario alert\u00f3 sobre la presi\u00f3n que agregar\u00e1 \u201cel inicio de la temporada de invierno austral, que hist\u00f3ricamente ha coincidido con la temporada de enfermedades respiratorias agudas\u201d, y exhort\u00f3 a las autoridades a aplicar y vigilar con rigor las medidas de salud p\u00fablica.<\/p>\n<p>El predominio de la variante brasile\u00f1a del virus y el aumento de la movilidad podr\u00edan explicar el agravamiento, coinciden expertos.<\/p>\n<p>En Uruguay \u201cla gente no cree\u201d en la gravedad del virus, afirm\u00f3 a la AFP el intensivista Francisco Dom\u00ednguez. \u201cHasta que no tiene un pariente ac\u00e1 adentro, no cree\u201d.<\/p>\n<p>De ocupar titulares internacionales por su mod\u00e9lica gesti\u00f3n de la pandemia, pas\u00f3 a coronar el r\u00e1nking de decesos por 100,000 habitantes en los \u00faltimos 14 d\u00edas, con 22, seg\u00fan datos del jueves de AFP a partir de cifras oficiales.<\/p>\n<p>Detr\u00e1s figuran Paraguay, con 19 muertos, y Argentina, con 15. Colombia, Brasil y Per\u00fa contin\u00faan la lista. Como referencia, Estados Unidos registra 2,5.<\/p>\n<p>Con 3,6 millones de habitantes, Uruguay muestra hoy valores \u201chist\u00f3ricos\u201d de ingresos de pacientes covid a cuidados intensivos (CTI), dijo a la AFP Julio Pontet, presidente de la Sociedad Uruguaya de Medicina Intensiva.<\/p>\n<p>Para mantener andando la econom\u00eda, el presidente Luis Lacalle Pou preconiza la \u201clibertad responsable\u201d de los ciudadanos y se ha negado a confinar a la poblaci\u00f3n pese a la presi\u00f3n del gremio m\u00e9dico y sectores de la oposici\u00f3n o la sociedad civil.<\/p>\n<p>Un ritmo intenso de inmunizaci\u00f3n -28% de la poblaci\u00f3n completamente vacunada y 47% con una dosis- no ha redundado claramente a\u00fan en la curva de contagios y muertes, como s\u00ed est\u00e1 ocurriendo en Chile.<\/p>\n<p>Esta campa\u00f1a ya alcanz\u00f3 a los j\u00f3venes uruguayos. Florencia de Britos, de 19 a\u00f1os, el mi\u00e9rcoles hac\u00eda la larga fila en un vacunatorio m\u00f3vil en el departamento de Canelones (este), una iniciativa gubernamental pensada para inocular a habitantes de zonas m\u00e1s peque\u00f1as o de dif\u00edcil acceso.<\/p>\n<p>\u201cObviamente que no me voy a retirar\u201d, dijo a AFP. \u201cSiempre me quise vacunar\u201d.<\/p>\n<p><em><strong>&#8211; Hast\u00edo &#8211;<\/strong><\/em><\/p>\n<p>El hast\u00edo se hace notar en Argentina tras un 2020 de horarios acotados de salida, toques de queda o confinamientos totales, que m\u00e1s recientemente se han alternado con cortos per\u00edodos de flexibilizaci\u00f3n.<\/p>\n<p>\u201cEstoy enferma de los nervios, tuve que acudir a un psiquiatra porque no puedo estar encerrada\u201d, se lamentaba Nadia Mariella, una jubilada de 73 a\u00f1os, luego de vacunarse en el estadio cubierto Luna Park de Buenos Aires.<\/p>\n<p>El s\u00e1bado el pa\u00eds empez\u00f3 nueve d\u00edas de cuarentena total para enfrentar un nuevo embate, con un promedio diario sin precedentes de 30,000 contagios y 500 fallecidos.<\/p>\n<p>Comportamiento irresponsable, adopci\u00f3n tard\u00eda de restricciones m\u00e1s duras, falta de vacunas y las nuevas modalidades m\u00e1s agresivas del virus explican la voracidad de esta nueva ola, seg\u00fan Elisa Estenssoro, parte del comit\u00e9 de expertos que asesora al gobierno de Alberto Fern\u00e1ndez.<\/p>\n<p>\u201cLos h\u00e1bitos de la poblaci\u00f3n no son acordes: reuniones sociales, gente sin barbijo\u2026 Hay una parte que cumple y otra que hace negacionismo o rebeld\u00eda\u201d, sostuvo.<\/p>\n<p>La infraestructura sanitaria est\u00e1 al l\u00edmite. En Neuqu\u00e9n (suroeste), el hospital Heller, el mayor de la provincia, cerr\u00f3 sus puertas porque se qued\u00f3 sin ox\u00edgeno.<\/p>\n<p>En el hospital Durand de Buenos Aires hay \u201cfalta de camas y el personal est\u00e1 agotado\u201d, cont\u00f3 el martes el enfermero H\u00e9ctor Ortiz. \u201cCuando se liberan es por fallecimientos y se vuelven a ocupar\u201d.<\/p>\n<p>El martes, protestas convocadas por las redes sociales bajo etiquetas como #25MRevolucionPorLaLIBERTAD tuvieron lugar en varias ciudades contra las restricciones, que dividen a un pa\u00eds que comenzaba a tener signos de reactivaci\u00f3n luego de tres a\u00f1os de recesi\u00f3n agravados por la pandemia.<\/p>\n<p>En cuanto a la vacunaci\u00f3n, unos 8,7 millones de los 45 millones de ciudadanos (menos del 20%) han recibido la primera dosis y 2,4 millones tienen la pauta completa, seg\u00fan datos oficiales.<\/p>\n<p><em><strong>&#8211; Paciencia &#8211;<\/strong><\/em><\/p>\n<p>La falta de insumos y vacunas es cr\u00edtica en Paraguay.<\/p>\n<p>El gobierno de Mario Abdo Benitez extendi\u00f3 un toque de queda nocturno hasta el 7 de junio mientras la movilidad diurna est\u00e1 poco afectada, fundamentalmente con reducci\u00f3n de aforos.<\/p>\n<p>\u201cHoy estamos pasando por una alta circulaci\u00f3n comunitaria, con escasa respuesta sanitaria, con falta de insumos y falta de vacunas\u201d, lament\u00f3 el epidemi\u00f3logo Tom\u00e1s Mateo Balmelli.<\/p>\n<p>Solo 3% de la poblaci\u00f3n de 7,3 millones est\u00e1 vacunada y las autoridades reconocieron en marzo un 100% de ocupaci\u00f3n de los CTI.<\/p>\n<p>Pacientes \u201cest\u00e1n falleciendo en las butacas de hospitales o en las camas, o en pasillos de hospitales y (\u2026) en sus mismas casas\u201d, reclam\u00f3 el experto.<\/p>\n<p>Decenas de personas se agolpan en las afueras de los hospitales para conocer la evoluci\u00f3n de sus familiares, imposibilitados de acompa\u00f1arlos.<\/p>\n<p>Una enfermera, Elizabeth Mar\u00edn, se encaden\u00f3 la semana pasada frente a la sede del Ministerio de Salud para exigir una cama de terapia intensiva. \u201cTiene que haber un lugar para mi pap\u00e1. Es su derecho\u201d, dijo a los periodistas.<\/p>\n<p>El viceministro Hern\u00e1n Mart\u00ednez se acerc\u00f3 a la mujer y se comprometi\u00f3 a conseguirle una luego de pedirle \u201cun poco de paciencia\u201d. Una paciencia que a menudo resulta letal.<\/p>\n","protected":false},"excerpt":{"rendered":"<p>MONTEVIDEO.-\u00a0La pandemia tiene arrinconados a los pa\u00edses australes de Am\u00e9rica Latina, donde ni la pol\u00edtica permisiva de Uruguay ni los confinamientos obligatorios de Argentina han&hellip;<\/p>\n","protected":false},"author":99,"featured_media":497965,"comment_status":"open","ping_status":"open","sticky":false,"template":"","format":"standard","meta":{"footnotes":""},"categories":[23],"tags":[],"class_list":["post-497964","post","type-post","status-publish","format-standard","has-post-thumbnail","hentry","category-latinoamerica"],"_links":{"self":[{"href":"https:\/\/diarioelpopular.com\/index.php\/wp-json\/wp\/v2\/posts\/497964","targetHints":{"allow":["GET"]}}],"collection":[{"href":"https:\/\/diarioelpopular.com\/index.php\/wp-json\/wp\/v2\/posts"}],"about":[{"href":"https:\/\/diarioelpopular.com\/index.php\/wp-json\/wp\/v2\/types\/post"}],"author":[{"embeddable":true,"href":"https:\/\/diarioelpopular.com\/index.php\/wp-json\/wp\/v2\/users\/99"}],"replies":[{"embeddable":true,"href":"https:\/\/diarioelpopular.com\/index.php\/wp-json\/wp\/v2\/comments?post=497964"}],"version-history":[{"count":1,"href":"https:\/\/diarioelpopular.com\/index.php\/wp-json\/wp\/v2\/posts\/497964\/revisions"}],"predecessor-version":[{"id":497966,"href":"https:\/\/diarioelpopular.com\/index.php\/wp-json\/wp\/v2\/posts\/497964\/revisions\/497966"}],"wp:featuredmedia":[{"embeddable":true,"href":"https:\/\/diarioelpopular.com\/index.php\/wp-json\/wp\/v2\/media\/497965"}],"wp:attachment":[{"href":"https:\/\/diarioelpopular.com\/index.php\/wp-json\/wp\/v2\/media?parent=497964"}],"wp:term":[{"taxonomy":"category","embeddable":true,"href":"https:\/\/diarioelpopular.com\/index.php\/wp-json\/wp\/v2\/categories?post=497964"},{"taxonomy":"post_tag","embeddable":true,"href":"https:\/\/diarioelpopular.com\/index.php\/wp-json\/wp\/v2\/tags?post=497964"}],"curies":[{"name":"wp","href":"https:\/\/api.w.org\/{rel}","templated":true}]}}