{"id":497975,"date":"2021-05-28T09:59:44","date_gmt":"2021-05-28T13:59:44","guid":{"rendered":"https:\/\/diarioelpopular.com\/?p=497975"},"modified":"2021-05-28T09:59:44","modified_gmt":"2021-05-28T13:59:44","slug":"otro-record-diario-de-casos-en-argentina","status":"publish","type":"post","link":"https:\/\/diarioelpopular.com\/index.php\/2021\/05\/28\/otro-record-diario-de-casos-en-argentina\/","title":{"rendered":"Otro r\u00e9cord diario de casos en Argentina"},"content":{"rendered":"<h4><img loading=\"lazy\" decoding=\"async\" class=\"alignnone size-custom-full-size wp-image-497976\" src=\"https:\/\/diarioelpopular.com\/wp-content\/uploads\/2021\/05\/025821fea6b6fa480a72205ccb582c3b-636x423.jpg\" alt=\"\" width=\"636\" height=\"423\" srcset=\"https:\/\/diarioelpopular.com\/wp-content\/uploads\/2021\/05\/025821fea6b6fa480a72205ccb582c3b-636x423.jpg 636w, https:\/\/diarioelpopular.com\/wp-content\/uploads\/2021\/05\/025821fea6b6fa480a72205ccb582c3b-300x200.jpg 300w, https:\/\/diarioelpopular.com\/wp-content\/uploads\/2021\/05\/025821fea6b6fa480a72205ccb582c3b-768x511.jpg 768w, https:\/\/diarioelpopular.com\/wp-content\/uploads\/2021\/05\/025821fea6b6fa480a72205ccb582c3b-110x73.jpg 110w, https:\/\/diarioelpopular.com\/wp-content\/uploads\/2021\/05\/025821fea6b6fa480a72205ccb582c3b.jpg 945w\" sizes=\"auto, (max-width: 636px) 100vw, 636px\" \/><\/h4>\n<p><em>Controles y estrictas restricciones a la circulaci\u00f3n en Buenos Aires<\/em><\/p>\n<h4><em><strong>M\u00e1s alto registro de ocupaci\u00f3n de UCI con 6.802 plazas<\/strong><\/em><\/h4>\n<p><em><strong>BUENOS AIRES 27 MAY &#8211;<\/strong><\/em> Argentina registr\u00f3 en las \u00faltimas 24 horas 41.080 nuevos contagios de coronavirus, el n\u00famero m\u00e1s alto para una jornada desde el inicio de la crisis sanitaria, seg\u00fan datos del ministerio de salud.<br \/>\nTambi\u00e9n se informaron 551 muertes, lo que eleva el total de decesos desde el comienzo de la pandemia a 76.135.<br \/>\nEl total de casos acumulaos asciende 3.663.215.<br \/>\nFueron realizados 121.115 testeos, con una positividad del 33,91%.<br \/>\nDe acuerdo al parte epidemiol\u00f3gico, de momento en Argentina hay 6.802 -r\u00e9cord de ocupaci\u00f3n- personas con coronavirus internadas en terapia intensiva.<br \/>\nEl porcentaje de ocupaci\u00f3n de camas a nivel nacional es del 76,2% y en el Area Metropolitana de Buenos Aires (AMBA) del 77,5%.<\/p>\n","protected":false},"excerpt":{"rendered":"<p>Controles y estrictas restricciones a la circulaci\u00f3n en Buenos Aires M\u00e1s alto registro de ocupaci\u00f3n de UCI con 6.802 plazas BUENOS AIRES 27 MAY &#8211;&hellip;<\/p>\n","protected":false},"author":99,"featured_media":497976,"comment_status":"open","ping_status":"open","sticky":false,"template":"","format":"standard","meta":{"footnotes":""},"categories":[23],"tags":[],"class_list":["post-497975","post","type-post","status-publish","format-standard","has-post-thumbnail","hentry","category-latinoamerica"],"_links":{"self":[{"href":"https:\/\/diarioelpopular.com\/index.php\/wp-json\/wp\/v2\/posts\/497975","targetHints":{"allow":["GET"]}}],"collection":[{"href":"https:\/\/diarioelpopular.com\/index.php\/wp-json\/wp\/v2\/posts"}],"about":[{"href":"https:\/\/diarioelpopular.com\/index.php\/wp-json\/wp\/v2\/types\/post"}],"author":[{"embeddable":true,"href":"https:\/\/diarioelpopular.com\/index.php\/wp-json\/wp\/v2\/users\/99"}],"replies":[{"embeddable":true,"href":"https:\/\/diarioelpopular.com\/index.php\/wp-json\/wp\/v2\/comments?post=497975"}],"version-history":[{"count":1,"href":"https:\/\/diarioelpopular.com\/index.php\/wp-json\/wp\/v2\/posts\/497975\/revisions"}],"predecessor-version":[{"id":497977,"href":"https:\/\/diarioelpopular.com\/index.php\/wp-json\/wp\/v2\/posts\/497975\/revisions\/497977"}],"wp:featuredmedia":[{"embeddable":true,"href":"https:\/\/diarioelpopular.com\/index.php\/wp-json\/wp\/v2\/media\/497976"}],"wp:attachment":[{"href":"https:\/\/diarioelpopular.com\/index.php\/wp-json\/wp\/v2\/media?parent=497975"}],"wp:term":[{"taxonomy":"category","embeddable":true,"href":"https:\/\/diarioelpopular.com\/index.php\/wp-json\/wp\/v2\/categories?post=497975"},{"taxonomy":"post_tag","embeddable":true,"href":"https:\/\/diarioelpopular.com\/index.php\/wp-json\/wp\/v2\/tags?post=497975"}],"curies":[{"name":"wp","href":"https:\/\/api.w.org\/{rel}","templated":true}]}}