{"id":497985,"date":"2021-05-28T21:12:51","date_gmt":"2021-05-29T01:12:51","guid":{"rendered":"https:\/\/diarioelpopular.com\/?p=497985"},"modified":"2021-05-28T21:12:51","modified_gmt":"2021-05-29T01:12:51","slug":"colombia-un-mes-de-paro-un-mes-de-tragedia","status":"publish","type":"post","link":"https:\/\/diarioelpopular.com\/index.php\/2021\/05\/28\/colombia-un-mes-de-paro-un-mes-de-tragedia\/","title":{"rendered":"Colombia: Un mes de paro, un mes de tragedia"},"content":{"rendered":"<h4><em><strong><img loading=\"lazy\" decoding=\"async\" class=\"alignnone size-custom-full-size wp-image-497986\" src=\"https:\/\/diarioelpopular.com\/wp-content\/uploads\/2021\/05\/6baa3664d888cdad79bd80b6a649161d-636x423.jpg\" alt=\"\" width=\"636\" height=\"423\" srcset=\"https:\/\/diarioelpopular.com\/wp-content\/uploads\/2021\/05\/6baa3664d888cdad79bd80b6a649161d-636x423.jpg 636w, https:\/\/diarioelpopular.com\/wp-content\/uploads\/2021\/05\/6baa3664d888cdad79bd80b6a649161d-300x200.jpg 300w, https:\/\/diarioelpopular.com\/wp-content\/uploads\/2021\/05\/6baa3664d888cdad79bd80b6a649161d-768x511.jpg 768w, https:\/\/diarioelpopular.com\/wp-content\/uploads\/2021\/05\/6baa3664d888cdad79bd80b6a649161d-110x73.jpg 110w, https:\/\/diarioelpopular.com\/wp-content\/uploads\/2021\/05\/6baa3664d888cdad79bd80b6a649161d.jpg 945w\" sizes=\"auto, (max-width: 636px) 100vw, 636px\" \/><\/strong><\/em><\/h4>\n<h5><em>La bronca sigue en las calles de Colombia (foto: EPA)<\/em><\/h5>\n<h4><em><strong><br \/>\nM\u00e1s de 40 muertos, 129 desaparecidos, cientos de heridos<\/strong><\/em><\/h4>\n<p><em><strong>BOGOTA 28 MAY &#8211;<\/strong> <\/em>El 28 de abril las calles de Colombia se rebozaron de manifestantes, principalmente j\u00f3venes, que reclamaban al gobierno retirar del Legislativo una reforma tributaria que cargaba de m\u00e1s impuestos a las clases trabajadoras. Un mes despu\u00e9s ya no hay proyecto, ni est\u00e1 el ministro de Hacienda que lo impuls\u00f3, pero s\u00ed se mantienen las protestas.<br \/>\nLo que empez\u00f3 como un reclamo puntual, pronto se transform\u00f3 en un pliego de reclamos sociales pret\u00e9ritos que revelaron los problemas estructurales del que es considerado el pa\u00eds m\u00e1s desigual de toda Latinoam\u00e9rica, seg\u00fan el Indice de Desarrollo Regional elaborado a finales del a\u00f1o pasado por ocho universidades y centros de estudio de esta parte del mundo, que llegaron a esa conclusi\u00f3n tras revisar el resultado de 25 variables.<br \/>\nPero las protestas iniciadas en abril no son un estallido del ahora, son solo el fuego encendido desde 2019 cuando las centrales obreras, los maestros agremiados y los estudiantes se opusieron en las calles al prop\u00f3sito del gobierno de Iv\u00e1n Duque de cerrar el fondo de pensiones estatal, aumentar los a\u00f1os para la jubilaci\u00f3n y reducir el salario de los j\u00f3venes, entre otras.<br \/>\nLa pandemia y la Navidad apagaron el fuego de esa llama que se volvi\u00f3 a encender en septiembre de 2020, tras el homicidio a manos de patrulleros del abogado Javier Ord\u00f3\u00f1ez, en Bogot\u00e1, lo que desat\u00f3 una noche de caos en la capital, que dej\u00f3 tras de s\u00ed una estela de 13 muertos y decenas de heridos.<br \/>\nEn aquel momento las redes sociales difundieron a la velocidad de la luz decenas de grabaciones hechas con celulares en las que evidenciaron las agresiones de la polic\u00eda.<br \/>\nDesde el 28 de abril hasta hoy esas mismas redes sociales han dado cuenta de la brutalidad policiaca, que alert\u00f3 a varias naciones conmovidas por las im\u00e1genes tomadas por ciudadanos.<br \/>\nEl gobierno y sus aliados pol\u00edticos han tratado de reducir esas denuncias a una suerte de confabulaci\u00f3n medi\u00e1tica internacional contra la administraci\u00f3n del presidente Duque, el mandatario m\u00e1s impopular en los \u00faltimos 30 a\u00f1os, de acuerdo con una reciente encuesta.<br \/>\nEn este mes de protestas 43 personas han muerto, seg\u00fan cifras de organismos gubernamentales y organizaciones sociales.<br \/>\nLa Fiscal\u00eda y la Defensor\u00eda del Pueblo se\u00f1alaron en un informe reciente que 43 personas han muerto, de ellas 17 est\u00e1n directamente relacionadas con las manifestaciones, otras siete son investigadas y sobre las 19 restantes no hay informaci\u00f3n plena. Ambos organismos, tambi\u00e9n precisaron que hay 129 personas desaparecidas.<br \/>\nMientras que la oeneg\u00e9 Temblores, dedicada a llevar un registro de la violencia policiaca, afirm\u00f3 que entre el 28 de abril y el 24 de mayo se registraron 3155 casos de violencia policiaca, 43 asesinatos atribuidos presuntamente a patrulleros, 1388 detenciones arbitrarias, 46 heridos oculares y 22 v\u00edctimas de violencia sexual.<br \/>\nEsas cifras no incluyen los fallecidos de los \u00faltimos d\u00edas.<br \/>\nIncluidos los tres de hoy, cuando se adelantan nuevas marchas en diferentes ciudades del pa\u00eds, en su mayor\u00eda movidas por la fuerza de la alegr\u00eda y los actos culturales juveniles.<br \/>\nLas v\u00edctimas de hoy se registraron en Cali (suroeste), la ciudad que m\u00e1s muertos ha puesto en este mes de manifestaciones.<br \/>\n&#8220;Tres personas desafortunadamente han muerto&#8221;, lament\u00f3 y conden\u00f3 el alcalde de Cali, Jorge Iv\u00e1n Ospina, quien explic\u00f3 que se trat\u00f3 de un altercado entre una persona que quer\u00eda pasar por una zona bloqueada y manifestantes.<br \/>\nEl fiscal general, Francisco Barbosa, confirm\u00f3 que una de las personas fallecidas era miembro del Cuerpo T\u00e9cnico de Investigaciones de esa entidad, quien dispar\u00f3 contra los manifestantes, asesin\u00f3 a dos j\u00f3venes y en consecuencia fue atacado por la turba enardecida.<br \/>\nDadas las circunstancias, la gobernadora del Valle del Cauca (suroeste y cuya capital es Cali), Clara Luz Rold\u00e1n, decret\u00f3 el toque de queda a partir de las 17 horas locales (22 GMT) y le pidi\u00f3 al presidente Duque desplegar &#8220;toda la capacidad&#8221; de la fuerza p\u00fablica para &#8220;retomar el control&#8221; en el departamento.<br \/>\nEl gobierno ha optado por un di\u00e1logo con la \u00fanica cara viable de las protestas, el Comit\u00e9 Nacional de Paro, integrado por sectores sindicales, pero las charlas cayeron esta semana en un limbo, del que no parece que saldr\u00e1 f\u00e1cilmente dado que el Ejecutivo reclama que los protestantes rechacen los cortes de v\u00edas, que es la gran preocupaci\u00f3n de la administraci\u00f3n de Duque.<br \/>\nPara las pr\u00f3ximas semanas se espera una visita al pa\u00eds de una delegaci\u00f3n de la Comisi\u00f3n Interamericana de Derechos Humanos (CIDH), a quien en principio el gobierno le neg\u00f3 el acceso, para verificar en terreno las denuncias sobre agresiones a los derechos humanos y elaborar una serie de recomendaciones al Estado.<\/p>\n","protected":false},"excerpt":{"rendered":"<p>La bronca sigue en las calles de Colombia (foto: EPA) M\u00e1s de 40 muertos, 129 desaparecidos, cientos de heridos BOGOTA 28 MAY &#8211; El 28&hellip;<\/p>\n","protected":false},"author":99,"featured_media":497986,"comment_status":"open","ping_status":"open","sticky":false,"template":"","format":"standard","meta":{"footnotes":""},"categories":[23],"tags":[],"class_list":["post-497985","post","type-post","status-publish","format-standard","has-post-thumbnail","hentry","category-latinoamerica"],"_links":{"self":[{"href":"https:\/\/diarioelpopular.com\/index.php\/wp-json\/wp\/v2\/posts\/497985","targetHints":{"allow":["GET"]}}],"collection":[{"href":"https:\/\/diarioelpopular.com\/index.php\/wp-json\/wp\/v2\/posts"}],"about":[{"href":"https:\/\/diarioelpopular.com\/index.php\/wp-json\/wp\/v2\/types\/post"}],"author":[{"embeddable":true,"href":"https:\/\/diarioelpopular.com\/index.php\/wp-json\/wp\/v2\/users\/99"}],"replies":[{"embeddable":true,"href":"https:\/\/diarioelpopular.com\/index.php\/wp-json\/wp\/v2\/comments?post=497985"}],"version-history":[{"count":1,"href":"https:\/\/diarioelpopular.com\/index.php\/wp-json\/wp\/v2\/posts\/497985\/revisions"}],"predecessor-version":[{"id":497987,"href":"https:\/\/diarioelpopular.com\/index.php\/wp-json\/wp\/v2\/posts\/497985\/revisions\/497987"}],"wp:featuredmedia":[{"embeddable":true,"href":"https:\/\/diarioelpopular.com\/index.php\/wp-json\/wp\/v2\/media\/497986"}],"wp:attachment":[{"href":"https:\/\/diarioelpopular.com\/index.php\/wp-json\/wp\/v2\/media?parent=497985"}],"wp:term":[{"taxonomy":"category","embeddable":true,"href":"https:\/\/diarioelpopular.com\/index.php\/wp-json\/wp\/v2\/categories?post=497985"},{"taxonomy":"post_tag","embeddable":true,"href":"https:\/\/diarioelpopular.com\/index.php\/wp-json\/wp\/v2\/tags?post=497985"}],"curies":[{"name":"wp","href":"https:\/\/api.w.org\/{rel}","templated":true}]}}