{"id":497991,"date":"2021-05-28T21:36:05","date_gmt":"2021-05-29T01:36:05","guid":{"rendered":"https:\/\/diarioelpopular.com\/?p=497991"},"modified":"2021-05-28T21:36:05","modified_gmt":"2021-05-29T01:36:05","slug":"colombia-duque-ordena-maximo-despliegue-militar-y-policial-en-cali","status":"publish","type":"post","link":"https:\/\/diarioelpopular.com\/index.php\/2021\/05\/28\/colombia-duque-ordena-maximo-despliegue-militar-y-policial-en-cali\/","title":{"rendered":"Colombia: Duque ordena m\u00e1ximo despliegue militar y policial en Cali"},"content":{"rendered":"<h4><\/h4>\n<h4><img loading=\"lazy\" decoding=\"async\" class=\"alignnone size-custom-full-size wp-image-497993\" src=\"https:\/\/diarioelpopular.com\/wp-content\/uploads\/2021\/05\/whatsapp-image-2021-05-28-at-19-22-03_37823250_20210528192449-1-636x400.jpg\" alt=\"\" width=\"636\" height=\"400\" srcset=\"https:\/\/diarioelpopular.com\/wp-content\/uploads\/2021\/05\/whatsapp-image-2021-05-28-at-19-22-03_37823250_20210528192449-1-636x400.jpg 636w, https:\/\/diarioelpopular.com\/wp-content\/uploads\/2021\/05\/whatsapp-image-2021-05-28-at-19-22-03_37823250_20210528192449-1-300x189.jpg 300w, https:\/\/diarioelpopular.com\/wp-content\/uploads\/2021\/05\/whatsapp-image-2021-05-28-at-19-22-03_37823250_20210528192449-1-768x483.jpg 768w, https:\/\/diarioelpopular.com\/wp-content\/uploads\/2021\/05\/whatsapp-image-2021-05-28-at-19-22-03_37823250_20210528192449-1-1200x755.jpg 1200w, https:\/\/diarioelpopular.com\/wp-content\/uploads\/2021\/05\/whatsapp-image-2021-05-28-at-19-22-03_37823250_20210528192449-1-116x73.jpg 116w, https:\/\/diarioelpopular.com\/wp-content\/uploads\/2021\/05\/whatsapp-image-2021-05-28-at-19-22-03_37823250_20210528192449-1.jpg 1024w\" sizes=\"auto, (max-width: 636px) 100vw, 636px\" \/><\/h4>\n<p><em>El presidente Duque viaj\u00f3 en la tarde de este viernes a Cali para realizar un consejo de seguridad y analizar la delicada situaci\u00f3n de orden p\u00fablico. <\/em><\/p>\n<h4 class=\"lead cita\"><em><strong>Junto a las autoridades locales evaluar\u00e1 si mantienen el toque de queda todo este fin de semana.<\/strong><\/em><\/h4>\n<p><em><strong>CALI. 28 MAY.-<\/strong><\/em> \u00a0Ante el panorama violento y los des\u00f3rdenes que se han presentado en la ciudad de Cali durante este 28 de mayo, el presidente Iv\u00e1n Duque viaj\u00f3 a la capital del Valle del Cauca para analizar la situaci\u00f3n en un consejo de seguridad y tomar medidas que frenen los desmanes suscitados en las \u00faltimas horas.<\/p>\n<p>La primera medida ordenada por el jefe del Estado colombiano es el despliegue m\u00e1ximo militar y policial en la ciudad, medida que se suma a la ya dictada desde la Alcald\u00eda de Cali, la cual consiste en un toque de queda para los cale\u00f1os a partir de las 7:00 de la noche.<\/p>\n<p>A su llegada a Cali en la tarde de este viernes, Duque se encontr\u00f3 con un panorama de caos y con las denuncias de cuatro muertos, uno de ellos integrante de la Fiscal\u00eda que dispar\u00f3 contra un grupo de manifestantes caus\u00e1ndoles la muerte a dos de ellos. El agente del CTI fue alcanzado por la turba y fue linchado, caus\u00e1ndole la muerte.<\/p>\n<p>Por eso, la conclusi\u00f3n del mandatario en su rueda de prensa fue que ma\u00f1ana en la ma\u00f1ana, con la Alcald\u00eda y la Gobernaci\u00f3n, evaluar\u00e1n si se implementa el toque de queda en ese departamento durante el fin de semana<\/p>\n<p><em><strong>\u00bfQu\u00e9 m\u00e1s dijo el presidente?<\/strong><\/em><\/p>\n<p>Acompa\u00f1ado de miembros de su gabinete, de quien se destaca el ministro del Interior, Daniel Palacios, el presidente Duque anunci\u00f3 una serie de medidas a aplicar desde esta misma noche.<\/p>\n<p>La primera es que se acelerar\u00e1n las \u00f3rdenes de captura por los hechos de violencia que han sucedido en Cali en las \u00faltimas horas. Y es que adem\u00e1s de las muertes, Clara Luz Rold\u00e1n, gobernadora del Valle, report\u00f3 que ha habido varias asonadas y saqueos en Cali.<\/p>\n<p>Otro de los puntos mencionados por Duque es que desbloquear\u00e1 todas las barricadas que haya, desplegando m\u00e1s de 7.000 hombres de las Fuerzas para esa labor en Cali y el Valle del Cauca, triplicando la capacidad militar en menos de 24 horas. A esta tarea se sumar\u00e1n miembros de la Armada Nacional, y ser\u00e1 liderada por altos miembros del Ej\u00e9rcito y la Polic\u00eda.<\/p>\n<p>\u201cSiempre he mantenido canales en el marco de la Constituci\u00f3n, pero no negociando los derechos de los ciudadanos, por eso, islas de anarqu\u00edas no pueden existir en nuestro pa\u00eds. Se debe mantener siempre el esp\u00edritu de entender el clamor de los ciudadanos, de interpretarlo y atenderlo, pero nunca con la violencia en la mitad, nunca atentando contra los ciudadanos\u201d, dijo Duque esta noche, tambi\u00e9n acompa\u00f1ado por la gobernadora Rold\u00e1n.<\/p>\n<p>Adem\u00e1s, recalc\u00f3 que ante actos vand\u00e1licos que amenacen a la poblaci\u00f3n, \u201cno se puede dejar de hacer ninguna intervenci\u00f3n por parte de la Fuerza P\u00fablica\u201d.<\/p>\n<p>Por \u00faltimo, indic\u00f3 que se trabajar\u00e1 en la protecci\u00f3n de todos los activos estrat\u00e9gicos de la naci\u00f3n y de la log\u00edstica en el Valle. \u201cSe va a desplegar un servicio de asistencia en materias de comunicaciones\u00a0donde diariamente quienes est\u00e1n al frente de esa operaci\u00f3n, informar\u00e1n de manera oportuna cada acci\u00f3n para que haya total transparencia frente al actuar de la Fuerza P\u00fablica\u201d, concluy\u00f3 Duque.<\/p>\n","protected":false},"excerpt":{"rendered":"<p>El presidente Duque viaj\u00f3 en la tarde de este viernes a Cali para realizar un consejo de seguridad y analizar la delicada situaci\u00f3n de orden&hellip;<\/p>\n","protected":false},"author":99,"featured_media":497993,"comment_status":"open","ping_status":"open","sticky":false,"template":"","format":"standard","meta":{"footnotes":""},"categories":[23],"tags":[],"class_list":["post-497991","post","type-post","status-publish","format-standard","has-post-thumbnail","hentry","category-latinoamerica"],"_links":{"self":[{"href":"https:\/\/diarioelpopular.com\/index.php\/wp-json\/wp\/v2\/posts\/497991","targetHints":{"allow":["GET"]}}],"collection":[{"href":"https:\/\/diarioelpopular.com\/index.php\/wp-json\/wp\/v2\/posts"}],"about":[{"href":"https:\/\/diarioelpopular.com\/index.php\/wp-json\/wp\/v2\/types\/post"}],"author":[{"embeddable":true,"href":"https:\/\/diarioelpopular.com\/index.php\/wp-json\/wp\/v2\/users\/99"}],"replies":[{"embeddable":true,"href":"https:\/\/diarioelpopular.com\/index.php\/wp-json\/wp\/v2\/comments?post=497991"}],"version-history":[{"count":1,"href":"https:\/\/diarioelpopular.com\/index.php\/wp-json\/wp\/v2\/posts\/497991\/revisions"}],"predecessor-version":[{"id":497994,"href":"https:\/\/diarioelpopular.com\/index.php\/wp-json\/wp\/v2\/posts\/497991\/revisions\/497994"}],"wp:featuredmedia":[{"embeddable":true,"href":"https:\/\/diarioelpopular.com\/index.php\/wp-json\/wp\/v2\/media\/497993"}],"wp:attachment":[{"href":"https:\/\/diarioelpopular.com\/index.php\/wp-json\/wp\/v2\/media?parent=497991"}],"wp:term":[{"taxonomy":"category","embeddable":true,"href":"https:\/\/diarioelpopular.com\/index.php\/wp-json\/wp\/v2\/categories?post=497991"},{"taxonomy":"post_tag","embeddable":true,"href":"https:\/\/diarioelpopular.com\/index.php\/wp-json\/wp\/v2\/tags?post=497991"}],"curies":[{"name":"wp","href":"https:\/\/api.w.org\/{rel}","templated":true}]}}