{"id":498010,"date":"2021-05-30T10:41:50","date_gmt":"2021-05-30T14:41:50","guid":{"rendered":"https:\/\/diarioelpopular.com\/?p=498010"},"modified":"2021-05-30T10:41:50","modified_gmt":"2021-05-30T14:41:50","slug":"mas-contagios-en-chile-con-cifras-de-alarma","status":"publish","type":"post","link":"https:\/\/diarioelpopular.com\/index.php\/2021\/05\/30\/mas-contagios-en-chile-con-cifras-de-alarma\/","title":{"rendered":"M\u00e1s contagios en Chile con cifras de alarma"},"content":{"rendered":"<h4><img loading=\"lazy\" decoding=\"async\" class=\"alignnone size-custom-full-size wp-image-498011\" src=\"https:\/\/diarioelpopular.com\/wp-content\/uploads\/2021\/05\/c3659be6c3ddd789f7eb1ad2c68852b0-636x423.jpg\" alt=\"\" width=\"636\" height=\"423\" srcset=\"https:\/\/diarioelpopular.com\/wp-content\/uploads\/2021\/05\/c3659be6c3ddd789f7eb1ad2c68852b0-636x423.jpg 636w, https:\/\/diarioelpopular.com\/wp-content\/uploads\/2021\/05\/c3659be6c3ddd789f7eb1ad2c68852b0-300x200.jpg 300w, https:\/\/diarioelpopular.com\/wp-content\/uploads\/2021\/05\/c3659be6c3ddd789f7eb1ad2c68852b0-768x511.jpg 768w, https:\/\/diarioelpopular.com\/wp-content\/uploads\/2021\/05\/c3659be6c3ddd789f7eb1ad2c68852b0-110x73.jpg 110w, https:\/\/diarioelpopular.com\/wp-content\/uploads\/2021\/05\/c3659be6c3ddd789f7eb1ad2c68852b0.jpg 945w\" sizes=\"auto, (max-width: 636px) 100vw, 636px\" \/><\/h4>\n<p><em>Chile acelera la vacunaci\u00f3n, pero los contagios siguen alt\u00edsimos y hay alarma<\/em><\/p>\n<h4><em><strong>Tercer d\u00eda m\u00e1s alto de contagios: 8.426 pacientes<\/strong><\/em><\/h4>\n<p><em><strong>SANTIAGO DE CHILE, 30 MAY &#8211;<\/strong><\/em> El ministro de Salud, Enrique Paris, asegur\u00f3 que el 80% de los nuevos casos de Covid-19 en Chile corresponde a pacientes que no han completado su esquema de vacunaci\u00f3n de dos dosis.<br \/>\nLa tercera cifra m\u00e1s alta de lo que va de la pandemia vivi\u00f3 hoy el pa\u00eds con 8.426 casos que se comparan con los 8.680 de ayer y el r\u00e9cord de 9.721 que se registr\u00f3 el 9 de abril pasado.<br \/>\nLa autoridad elude las repuestas ante las interrogantes por un proceso tan exitoso de vacunaci\u00f3n -10.470.868 con una dosis y 7.940.400 con dos dosis- y este repunte de contagios y muertes.<br \/>\nParis coment\u00f3 que no es una situaci\u00f3n exclusiva de Chile, sino todo el Cono Sur est\u00e1 viviendo esta alza de contagios. Pero tambi\u00e9n se le ha hecho ver que ninguno tiene a m\u00e1s del 50% de la poblaci\u00f3n vacunada con dos dosis ((52,2%) y con una dosis, el 68,9%.<br \/>\nLa cantidad de pacientes en etapa activa de la enfermedad subi\u00f3 de 43.793 a 44.186, lo m\u00e1s alto desde el 23 de abril (44.878).<br \/>\nEl subsecretario de Redes Asistenciales, Alberto Dougnac, llam\u00f3 a toda la poblaci\u00f3n a colaborar para &#8220;enfrentar juntos esta dif\u00edcil situaci\u00f3n&#8221; que recrudece a 14 meses de su inicio, &#8220;En primer lugar acudiendo a vacunarse cuando corresponda y en segundo lugar le pedimos a los usuarios que hagan buen uso de la red de salud acudiendo a consultorios antes de asistir a hospitales, para no saturar los servicios de urgencia&#8221;, se\u00f1al\u00f3.<br \/>\nEl Hospital Cl\u00ednico de la Universidad Cat\u00f3lica inform\u00f3 que no recibir\u00e1 casos urgentes, salvo en riesgo de muerte luego que las Unidades de Cuidados Intensivas (UCI) est\u00e9n a tope de su capacidad.<br \/>\nHay 3.092 pacientes hospitalizados en UCI, 2.575 de ellos conectados a ventilaci\u00f3n mec\u00e1nica. Por grupo etario, los mayores de 70 a\u00f1os representan solo el 5% mientras los menores de 50 a\u00f1os siguen incrementando llegando al77%.<br \/>\nSi se analiza la capacidad hospitalaria en el sistema integrado, Chile actualmente tiene 4.460 camas criticas disponibles, de las cuales hay 195 libres.<br \/>\nParis apunt\u00f3 a las medidas de precauci\u00f3n personales, la ventilaci\u00f3n, y asegur\u00f3 que el 80% de los casos de coronavirus de hoy son personas que no han recibido inmunizaci\u00f3n completa.<br \/>\nEl Departamento de Estad\u00edsticas e Informaci\u00f3n de Salud (DEIS) confirm\u00f3 119 muertes, con lo cual el total de defunciones asociadas a la pandemia lleg\u00f3 a 29.047.<br \/>\nEl Gobierno indic\u00f3 que en las \u00faltimas 24 horas se analizaron 74.580 test de PCR, lo que arroj\u00f3 una positividad del 10,09%. No obstante, esta marca se super\u00f3 en tres regiones: La Araucan\u00eda (13%), Metropolitana (12%) y Los R\u00edos (11%).<br \/>\nLa Metropolitana volvi\u00f3 a batir su r\u00e9cord diario de casos nuevos en lo que va de 2021, con 3.898 contagios confirmados.<br \/>\nLas cifras difieren del informe epidemiol\u00f3gico del Deis que no solo toma los casos confirmados sino tambi\u00e9n los sospechosos de Covid.19. El documento dio cuenta de 56.897 casos activos de Covid-19 a lo largo de Chile: 2.983 m\u00e1s que hace una semana.<br \/>\nLa regi\u00f3n Metropolitana lidera con 25.249 contagiados, un alza de 2.053 en relaci\u00f3n al reporte publicado hace siete d\u00edas, siendo Puente Alto (2.212), Maip\u00fa (1.342), La Florida (1.301), Santiago (1.241) y Pe\u00f1alol\u00e9n (1.100) las \u00fanicas cinco comunas sobre el millar a nivel nacional.<br \/>\nDurante el a\u00f1o y tres meses que lleva la epidemia en el pa\u00eds, ya se han contabilizado 1.621.748 casos acumulados de Covid-19 (1.361.381 con confirmaci\u00f3n de laboratorio y 260.367 probables), con una tasa de 8.334,5 por 100.000 habitantes, seg\u00fan el informe.<br \/>\nDe acuerdo a los datos de Epivigila, entre confirmados y probables, la mediana de edad de los contagiados a nivel nacional se mantiene en 38 a\u00f1os.<br \/>\nEl DEIS report\u00f3 29.047 casos de personas fallecidas por coronavirus en el pa\u00eds desde el comienzo de la pandemia. La cifra asciende a 37.244 si se suman los casos sospechosos o probables, seg\u00fan se\u00f1ala el organismo en el 50\u00ba Informe Semanal de Defunciones, con informaci\u00f3n al 27 de mayo.<br \/>\n&#8220;En las \u00faltimas dos semanas se han registrado un total de 1.604 defunciones por Covid-19 Total, con una tasa ajustada del 5,2 por 100.000 habitantes a nivel pa\u00eds&#8221;, agreg\u00f3 el organismo.<\/p>\n","protected":false},"excerpt":{"rendered":"<p>Chile acelera la vacunaci\u00f3n, pero los contagios siguen alt\u00edsimos y hay alarma Tercer d\u00eda m\u00e1s alto de contagios: 8.426 pacientes SANTIAGO DE CHILE, 30 MAY&hellip;<\/p>\n","protected":false},"author":99,"featured_media":498011,"comment_status":"open","ping_status":"open","sticky":false,"template":"","format":"standard","meta":{"footnotes":""},"categories":[23],"tags":[],"class_list":["post-498010","post","type-post","status-publish","format-standard","has-post-thumbnail","hentry","category-latinoamerica"],"_links":{"self":[{"href":"https:\/\/diarioelpopular.com\/index.php\/wp-json\/wp\/v2\/posts\/498010","targetHints":{"allow":["GET"]}}],"collection":[{"href":"https:\/\/diarioelpopular.com\/index.php\/wp-json\/wp\/v2\/posts"}],"about":[{"href":"https:\/\/diarioelpopular.com\/index.php\/wp-json\/wp\/v2\/types\/post"}],"author":[{"embeddable":true,"href":"https:\/\/diarioelpopular.com\/index.php\/wp-json\/wp\/v2\/users\/99"}],"replies":[{"embeddable":true,"href":"https:\/\/diarioelpopular.com\/index.php\/wp-json\/wp\/v2\/comments?post=498010"}],"version-history":[{"count":1,"href":"https:\/\/diarioelpopular.com\/index.php\/wp-json\/wp\/v2\/posts\/498010\/revisions"}],"predecessor-version":[{"id":498012,"href":"https:\/\/diarioelpopular.com\/index.php\/wp-json\/wp\/v2\/posts\/498010\/revisions\/498012"}],"wp:featuredmedia":[{"embeddable":true,"href":"https:\/\/diarioelpopular.com\/index.php\/wp-json\/wp\/v2\/media\/498011"}],"wp:attachment":[{"href":"https:\/\/diarioelpopular.com\/index.php\/wp-json\/wp\/v2\/media?parent=498010"}],"wp:term":[{"taxonomy":"category","embeddable":true,"href":"https:\/\/diarioelpopular.com\/index.php\/wp-json\/wp\/v2\/categories?post=498010"},{"taxonomy":"post_tag","embeddable":true,"href":"https:\/\/diarioelpopular.com\/index.php\/wp-json\/wp\/v2\/tags?post=498010"}],"curies":[{"name":"wp","href":"https:\/\/api.w.org\/{rel}","templated":true}]}}