{"id":498021,"date":"2021-05-31T11:41:32","date_gmt":"2021-05-31T15:41:32","guid":{"rendered":"https:\/\/diarioelpopular.com\/?p=498021"},"modified":"2021-05-31T11:41:32","modified_gmt":"2021-05-31T15:41:32","slug":"colombia-acuerdo-entre-gobierno-y-manifestantes-lejano","status":"publish","type":"post","link":"https:\/\/diarioelpopular.com\/index.php\/2021\/05\/31\/colombia-acuerdo-entre-gobierno-y-manifestantes-lejano\/","title":{"rendered":"Colombia: Acuerdo entre Gobierno y manifestantes, lejano"},"content":{"rendered":"<p><img loading=\"lazy\" decoding=\"async\" class=\"alignnone size-custom-full-size wp-image-498022\" src=\"https:\/\/diarioelpopular.com\/wp-content\/uploads\/2021\/05\/7fa1f9e7ecbb5585c23773846df9cd1c-636x426.jpg\" alt=\"\" width=\"636\" height=\"426\" srcset=\"https:\/\/diarioelpopular.com\/wp-content\/uploads\/2021\/05\/7fa1f9e7ecbb5585c23773846df9cd1c-636x426.jpg 636w, https:\/\/diarioelpopular.com\/wp-content\/uploads\/2021\/05\/7fa1f9e7ecbb5585c23773846df9cd1c-300x201.jpg 300w, https:\/\/diarioelpopular.com\/wp-content\/uploads\/2021\/05\/7fa1f9e7ecbb5585c23773846df9cd1c-768x514.jpg 768w, https:\/\/diarioelpopular.com\/wp-content\/uploads\/2021\/05\/7fa1f9e7ecbb5585c23773846df9cd1c-80x55.jpg 80w, https:\/\/diarioelpopular.com\/wp-content\/uploads\/2021\/05\/7fa1f9e7ecbb5585c23773846df9cd1c-109x73.jpg 109w, https:\/\/diarioelpopular.com\/wp-content\/uploads\/2021\/05\/7fa1f9e7ecbb5585c23773846df9cd1c.jpg 945w\" sizes=\"auto, (max-width: 636px) 100vw, 636px\" \/><\/p>\n<p><em>Colombia sigue sin acuerdos, m\u00e1s tensiones entre los n\u00facleos que protestan y el Gobierno <\/em><\/p>\n<p><em><strong>BOGOTA 31 MAY &#8211;<\/strong> <\/em>El gobierno colombiano y el Comit\u00e9 Nacional de Paro (CNP) cerraron el domingo una nueva jornada de conversaciones sin llegar a acuerdos, tan solo a reclamos y acusaciones mutuas que evidenciaron sus desacuerdos y distancias.<br \/>\nMientras el gobierno volvi\u00f3 a insistir en la necesidad de acabar con los cortes de v\u00edas, el \u00fanico tema que le interesa mencionar respecto de las protestas sociales, desde el CNP rechazaron la violencia policiaca, luego de lo ocurrido el viernes anterior en Cali (suroeste) donde murieron 14 personas y decenas mas fueron heridas.<br \/>\n&#8220;Hemos demandado que exista una condena absoluta a todos los bloqueos, no podemos permitir que en Colombia particulares, as\u00ed tengan la excusa de la protesta, as\u00ed est\u00e9n abusando del derechos a la protesta, pueden estar decidiendo por nosotros, qui\u00e9n pasa y qui\u00e9n no pasa&#8221;, afirm\u00f3 Emilio Archila, consejero presidencial de Estabilizaci\u00f3n y Consolidaci\u00f3n, y vocero oficial en las negociaciones.<br \/>\n&#8220;\u00a1Duque pare la masacre!&#8221;, exigieron los del Comit\u00e9 de Paro, en un mensaje al concluir la ronda de negociaciones.<br \/>\n&#8220;Ratificamos el rechazo al recrudecimiento de la violencia policial en los \u00faltimos d\u00edas y, en especial, en la ciudad de Cali y, por ello, seguiremos reclamando: \u00a1\u00a1\u00a1Duque pare la masacre!!!&#8221;, reclamaron en un comunicado.<br \/>\nArchila afirm\u00f3 que el gobierno lleg\u00f3 hoy a la mesa de negociaci\u00f3n con &#8220;nuestro documento de garant\u00edas&#8221;, lo que evidenci\u00f3 que el preacuerdo alcanzado durante la semana anterior fue modificado unilateralmente por la administraci\u00f3n de Iv\u00e1n Duque.<br \/>\nEl CNP avis\u00f3 que publicar\u00e1 el preacuerdo que hab\u00edan pactado el pasado 24 de mayo, en el que acordaban garant\u00edas de seguridad para la protesta social, ante la negativa oficial de ratificarlo.<br \/>\nTambi\u00e9n informaron de una &#8220;nueva propuesta&#8221; al gobierno &#8220;donde el tema central es insistir en la desmilitarizaci\u00f3n de la protesta social y el respeto de los derechos humanos&#8221;.<br \/>\nLos manifestantes y los voceros del gobierno informaron que el pr\u00f3ximo martes volver\u00e1n a reunirse. Para el mi\u00e9rcoles est\u00e1n citadas nuevas movilizaciones en el pa\u00eds.<\/p>\n","protected":false},"excerpt":{"rendered":"<p>Colombia sigue sin acuerdos, m\u00e1s tensiones entre los n\u00facleos que protestan y el Gobierno BOGOTA 31 MAY &#8211; El gobierno colombiano y el Comit\u00e9 Nacional&hellip;<\/p>\n","protected":false},"author":99,"featured_media":498022,"comment_status":"open","ping_status":"open","sticky":false,"template":"","format":"standard","meta":{"footnotes":""},"categories":[23],"tags":[],"class_list":["post-498021","post","type-post","status-publish","format-standard","has-post-thumbnail","hentry","category-latinoamerica"],"_links":{"self":[{"href":"https:\/\/diarioelpopular.com\/index.php\/wp-json\/wp\/v2\/posts\/498021","targetHints":{"allow":["GET"]}}],"collection":[{"href":"https:\/\/diarioelpopular.com\/index.php\/wp-json\/wp\/v2\/posts"}],"about":[{"href":"https:\/\/diarioelpopular.com\/index.php\/wp-json\/wp\/v2\/types\/post"}],"author":[{"embeddable":true,"href":"https:\/\/diarioelpopular.com\/index.php\/wp-json\/wp\/v2\/users\/99"}],"replies":[{"embeddable":true,"href":"https:\/\/diarioelpopular.com\/index.php\/wp-json\/wp\/v2\/comments?post=498021"}],"version-history":[{"count":1,"href":"https:\/\/diarioelpopular.com\/index.php\/wp-json\/wp\/v2\/posts\/498021\/revisions"}],"predecessor-version":[{"id":498023,"href":"https:\/\/diarioelpopular.com\/index.php\/wp-json\/wp\/v2\/posts\/498021\/revisions\/498023"}],"wp:featuredmedia":[{"embeddable":true,"href":"https:\/\/diarioelpopular.com\/index.php\/wp-json\/wp\/v2\/media\/498022"}],"wp:attachment":[{"href":"https:\/\/diarioelpopular.com\/index.php\/wp-json\/wp\/v2\/media?parent=498021"}],"wp:term":[{"taxonomy":"category","embeddable":true,"href":"https:\/\/diarioelpopular.com\/index.php\/wp-json\/wp\/v2\/categories?post=498021"},{"taxonomy":"post_tag","embeddable":true,"href":"https:\/\/diarioelpopular.com\/index.php\/wp-json\/wp\/v2\/tags?post=498021"}],"curies":[{"name":"wp","href":"https:\/\/api.w.org\/{rel}","templated":true}]}}