{"id":498044,"date":"2021-06-01T09:59:32","date_gmt":"2021-06-01T13:59:32","guid":{"rendered":"https:\/\/diarioelpopular.com\/?p=498044"},"modified":"2021-06-01T09:59:32","modified_gmt":"2021-06-01T13:59:32","slug":"peru-primero-mundial-en-muertes-por-millon-habitantes","status":"publish","type":"post","link":"https:\/\/diarioelpopular.com\/index.php\/2021\/06\/01\/peru-primero-mundial-en-muertes-por-millon-habitantes\/","title":{"rendered":"Per\u00fa primero mundial en muertes por mill\u00f3n habitantes"},"content":{"rendered":"<h4><\/h4>\n<p><img loading=\"lazy\" decoding=\"async\" class=\"alignnone size-custom-full-size wp-image-498045\" src=\"https:\/\/diarioelpopular.com\/wp-content\/uploads\/2021\/06\/39ac5d248ba49e1ac1bf4339967584bc-636x423.jpg\" alt=\"\" width=\"636\" height=\"423\" srcset=\"https:\/\/diarioelpopular.com\/wp-content\/uploads\/2021\/06\/39ac5d248ba49e1ac1bf4339967584bc-636x423.jpg 636w, https:\/\/diarioelpopular.com\/wp-content\/uploads\/2021\/06\/39ac5d248ba49e1ac1bf4339967584bc-300x200.jpg 300w, https:\/\/diarioelpopular.com\/wp-content\/uploads\/2021\/06\/39ac5d248ba49e1ac1bf4339967584bc-768x511.jpg 768w, https:\/\/diarioelpopular.com\/wp-content\/uploads\/2021\/06\/39ac5d248ba49e1ac1bf4339967584bc-110x73.jpg 110w, https:\/\/diarioelpopular.com\/wp-content\/uploads\/2021\/06\/39ac5d248ba49e1ac1bf4339967584bc.jpg 945w\" sizes=\"auto, (max-width: 636px) 100vw, 636px\" \/><\/p>\n<p><em>Camas de terapia intensiva ocupadas en un hospital nacional de Per\u00fa (foto: EPA)<\/em><\/p>\n<p><em><strong>LIMA, 1 JUN<\/strong>\u00a0<\/em>&#8211; Per\u00fa revis\u00f3 el n\u00famero de decesos por la pandemia, llevando el balance oficial a m\u00e1s del doble (180.000 frente a 69.000), lo que lo lleva al primer lugar del mundo en el n\u00famero de muertes por mill\u00f3n de habitantes.<br \/>\nEl pa\u00eds registra 5.484 muertes por mill\u00f3n de habitantes, seguido por Hungr\u00eda (3.077).<br \/>\nLos datos sobre las v\u00edctimas, dijo en Lima la presidenta del Consejo de Ministros, Violeta Berm\u00fadez, son revisados por un consejo t\u00e9cnico constituido en abril y compuesto por expertos independientes y organizaciones internacionales.<\/p>\n<p>Conforman el comit\u00e9 miembros de la sociedad civil y representantes de la Organizaci\u00f3n Panamericana de la Salud (OPS), as\u00ed como por funcionarios del Instituto Nacional de Salud (INS), del Centro Nacional de Epidemiolog\u00eda, Prevenci\u00f3n y Control de Enfermedades (CDC) del Minsa, y de la Presidencia del Consejo de Ministros (PCM).<\/p>\n<p>&#8220;La metodolog\u00eda actual presenta dos limitaciones que generan un subreporte en el n\u00famero de fallecidos por COVID-19. En primer lugar, existe un subreporte producido por la exclusi\u00f3n de defunciones en las que existe menor certeza diagn\u00f3stica&#8221;, afirmaron los expertos.<\/p>\n","protected":false},"excerpt":{"rendered":"<p>Camas de terapia intensiva ocupadas en un hospital nacional de Per\u00fa (foto: EPA) LIMA, 1 JUN\u00a0&#8211; Per\u00fa revis\u00f3 el n\u00famero de decesos por la pandemia,&hellip;<\/p>\n","protected":false},"author":99,"featured_media":498045,"comment_status":"open","ping_status":"open","sticky":false,"template":"","format":"standard","meta":{"footnotes":""},"categories":[23],"tags":[],"class_list":["post-498044","post","type-post","status-publish","format-standard","has-post-thumbnail","hentry","category-latinoamerica"],"_links":{"self":[{"href":"https:\/\/diarioelpopular.com\/index.php\/wp-json\/wp\/v2\/posts\/498044","targetHints":{"allow":["GET"]}}],"collection":[{"href":"https:\/\/diarioelpopular.com\/index.php\/wp-json\/wp\/v2\/posts"}],"about":[{"href":"https:\/\/diarioelpopular.com\/index.php\/wp-json\/wp\/v2\/types\/post"}],"author":[{"embeddable":true,"href":"https:\/\/diarioelpopular.com\/index.php\/wp-json\/wp\/v2\/users\/99"}],"replies":[{"embeddable":true,"href":"https:\/\/diarioelpopular.com\/index.php\/wp-json\/wp\/v2\/comments?post=498044"}],"version-history":[{"count":1,"href":"https:\/\/diarioelpopular.com\/index.php\/wp-json\/wp\/v2\/posts\/498044\/revisions"}],"predecessor-version":[{"id":498046,"href":"https:\/\/diarioelpopular.com\/index.php\/wp-json\/wp\/v2\/posts\/498044\/revisions\/498046"}],"wp:featuredmedia":[{"embeddable":true,"href":"https:\/\/diarioelpopular.com\/index.php\/wp-json\/wp\/v2\/media\/498045"}],"wp:attachment":[{"href":"https:\/\/diarioelpopular.com\/index.php\/wp-json\/wp\/v2\/media?parent=498044"}],"wp:term":[{"taxonomy":"category","embeddable":true,"href":"https:\/\/diarioelpopular.com\/index.php\/wp-json\/wp\/v2\/categories?post=498044"},{"taxonomy":"post_tag","embeddable":true,"href":"https:\/\/diarioelpopular.com\/index.php\/wp-json\/wp\/v2\/tags?post=498044"}],"curies":[{"name":"wp","href":"https:\/\/api.w.org\/{rel}","templated":true}]}}