{"id":498081,"date":"2021-06-04T10:56:20","date_gmt":"2021-06-04T14:56:20","guid":{"rendered":"https:\/\/diarioelpopular.com\/?p=498081"},"modified":"2021-06-04T10:56:20","modified_gmt":"2021-06-04T14:56:20","slug":"chile-cada-vez-mas-complicado","status":"publish","type":"post","link":"https:\/\/diarioelpopular.com\/index.php\/2021\/06\/04\/chile-cada-vez-mas-complicado\/","title":{"rendered":"Chile, cada vez m\u00e1s complicado"},"content":{"rendered":"<h4><img loading=\"lazy\" decoding=\"async\" class=\"alignnone size-custom-full-size wp-image-498082\" src=\"https:\/\/diarioelpopular.com\/wp-content\/uploads\/2021\/06\/d12637f09db5c6b3483a70d6228501ff-636x423.jpg\" alt=\"\" width=\"636\" height=\"423\" srcset=\"https:\/\/diarioelpopular.com\/wp-content\/uploads\/2021\/06\/d12637f09db5c6b3483a70d6228501ff-636x423.jpg 636w, https:\/\/diarioelpopular.com\/wp-content\/uploads\/2021\/06\/d12637f09db5c6b3483a70d6228501ff-300x200.jpg 300w, https:\/\/diarioelpopular.com\/wp-content\/uploads\/2021\/06\/d12637f09db5c6b3483a70d6228501ff-768x511.jpg 768w, https:\/\/diarioelpopular.com\/wp-content\/uploads\/2021\/06\/d12637f09db5c6b3483a70d6228501ff-110x73.jpg 110w, https:\/\/diarioelpopular.com\/wp-content\/uploads\/2021\/06\/d12637f09db5c6b3483a70d6228501ff.jpg 945w\" sizes=\"auto, (max-width: 636px) 100vw, 636px\" \/><\/h4>\n<p><em>La estructura sanitaria de Chile, al l\u00edmite (foto: ANSA)<\/em><\/p>\n<h4><em><strong>Ministro sostiene que decesos son menos que en primera ola<\/strong><\/em><\/h4>\n<p><em><strong>SANTIAGO DE CHILE, 04 JUN &#8211;<\/strong> <\/em>Chile registr\u00f3 213 fallecimientos por causas asociadas al Covid-19 en una jornada en que se vuelve a informar de m\u00e1s de 8.000 contagios diarios que tienen colapsado al sistema de camas cr\u00edticas.<br \/>\nAunque la cifra de decesos incluye a parte de los ocurridos el fin de semana, el ministro de Salud, Enrique Paris, rechaz\u00f3 revocar el pol\u00e9mico Pase de Movilidad.<br \/>\nParis sostuvo que el &#8216;carnet verde&#8217; &#8220;ha tenido efectos positivos&#8221; porque ha permitido &#8220;dar m\u00e1s libertad a los adultos mayores&#8221; e incentivar la vacunaci\u00f3n entre los m\u00e1s j\u00f3venes.<br \/>\nEl ministro neg\u00f3 que el alza sostenida de casos pueda atribuirse al Pase por cuanto s\u00f3lo se implement\u00f3 hace una semana.<br \/>\n&#8220;Este pase de movilidad ha permitido darle m\u00e1s libertad a los adultos mayores, quienes estuvieron con restricciones muy estrictas en el pasado&#8221;, expuso Paris. &#8220;Junto a esto, en estos \u00faltimos 7 d\u00edas hemos visto un gran aumento en la cantidad de personas que han asistido a vacunarse, especialmente j\u00f3venes&#8221;, asever\u00f3.<br \/>\nSin embargo, anunci\u00f3 algunos ajustes, como el hecho de que &#8220;las personas en comunas en cuarentena podr\u00e1n usar su pase de movilidad solo dentro de su propia comuna, no podr\u00e1n trasladarse a otras comunas y el incumplimiento de esta ordenanza tendr\u00e1 sanciones. Tampoco pueden trasladarse a otras regiones mientras su comuna est\u00e9 en cuarentena&#8221;, dijo.<br \/>\n&#8220;En las personas que viven en comunas en tr\u00e1nsito (sin cuarentena de lunes a viernes) no pueden movilizarse a comunas en cuarentena, pero s\u00ed podr\u00e1n disponer de su pase para ir a comunas en Transici\u00f3n y para el traslado interregional&#8221;, a\u00f1adi\u00f3.<br \/>\nLa m\u00e1xima autoridad sanitaria insisti\u00f3 que la adopci\u00f3n del Pase &#8220;nosotros no consideramos que fue un error&#8221;.<br \/>\nLos cambios comenzar\u00e1n a regir a partir de ma\u00f1ana mismo.<br \/>\nConsultado por el alto n\u00famero de muertes, Paris entreg\u00f3 una confusa explicaci\u00f3n, se\u00f1alando que &#8220;teniendo hoy m\u00e1s cantidad de pacientes infectados y detectados, la cantidad de fallecidos es menor&#8221;.<br \/>\nRecord\u00f3 que en la primera ola de la pandemia, el a\u00f1o pasado, las defunciones en relaci\u00f3n al n\u00famero de contagios &#8220;llegaron casi a 200 fallecidos en la media de siete d\u00edas&#8221;. En cambio hoy, indic\u00f3, est\u00e1n en rangos de 100 a 120, mencion\u00f3.<br \/>\n&#8220;Vemos que en la primera ola, que fue en mayo, junio, del a\u00f1o pasado, la cantidad de fallecidos en relaci\u00f3n a la cantidad de casos era muy importante en la media de siete d\u00edas, llegaron casi a 200 fallecidos en la media de siete d\u00edas&#8221;, explic\u00f3.<br \/>\n&#8220;En cambio en el per\u00edodo actual, con muchos m\u00e1s casos positivos, cercanos a los 7 mil casos en la media m\u00f3vil semana, los fallecidos est\u00e1n en rangos de 100 a 120 en la media de siete d\u00edas nacional&#8221;, subray\u00f3.<br \/>\nEl ministro expres\u00f3 que &#8220;esto para descartar que hayamos tenido m\u00e1s cantidad de fallecidos; por el contrario, teniendo m\u00e1s cantidad de pacientes infectados y detectados hoy, la cantidad de fallecidos es menor&#8221;.<br \/>\n&#8220;Eso hay que destacarlo, porque nos llama la atenci\u00f3n que se diga que tenemos m\u00e1s fallecidos que antes, y eso no es as\u00ed&#8221;, asegurando que esta disminuci\u00f3n en la relaci\u00f3n casos-defunciones &#8220;se debe a que se ha mejorado mucho en tratamiento, se han incorporado t\u00e9cnicas nuevas y tenemos sobre todo vacunados&#8221;.<br \/>\nEn su interpretaci\u00f3n, con el proceso de vacunaci\u00f3n masiva que comenz\u00f3 el 3 de febrero, &#8220;hoy, cumplimos cuatro meses de vacunaci\u00f3n masiva y se observa claramente una disminuci\u00f3n en comparaci\u00f3n al per\u00edodo anterior, cuando no ten\u00edamos vacunados en Chile&#8221;, insisti\u00f3.<br \/>\nHoy se reportaron 8.150 nuevos contagios de Covid-19 mientras los casos activos llegaron a 44.913 versus los 40.510 de la semana pasada. Desde el inicio de la pandemia en Chile, en marzo del a\u00f1o pasado, el Minsal ha reportado el contagio de 1.403.101 personas en total.<br \/>\nA la fecha, hay 3.219 personas hospitalizadas en Unidades de Cuidados Intensivos (el jueves pasado se contabilizaban 3.014), llegando a una ocupaci\u00f3n de camas UCI del 97%. De ellas, 2.724 est\u00e1n con apoyo de ventilaci\u00f3n mec\u00e1nica versus las 2.518 de hace siete d\u00edas. En el sistema integrado hay 149 camas cr\u00edticas disponibles, el jueves de la semana pasada hab\u00eda 217.<br \/>\nLos laboratorios informaron los resultados de 73.435 PCR, lo que arroj\u00f3 una positividad nacional en las \u00faltimas 24 horas del 9,69% (10,19% hace siete d\u00edas), y 11% en la Regi\u00f3n Metropolitana.<\/p>\n","protected":false},"excerpt":{"rendered":"<p>La estructura sanitaria de Chile, al l\u00edmite (foto: ANSA) Ministro sostiene que decesos son menos que en primera ola SANTIAGO DE CHILE, 04 JUN &#8211;&hellip;<\/p>\n","protected":false},"author":99,"featured_media":498082,"comment_status":"open","ping_status":"open","sticky":false,"template":"","format":"standard","meta":{"footnotes":""},"categories":[23],"tags":[],"class_list":["post-498081","post","type-post","status-publish","format-standard","has-post-thumbnail","hentry","category-latinoamerica"],"_links":{"self":[{"href":"https:\/\/diarioelpopular.com\/index.php\/wp-json\/wp\/v2\/posts\/498081","targetHints":{"allow":["GET"]}}],"collection":[{"href":"https:\/\/diarioelpopular.com\/index.php\/wp-json\/wp\/v2\/posts"}],"about":[{"href":"https:\/\/diarioelpopular.com\/index.php\/wp-json\/wp\/v2\/types\/post"}],"author":[{"embeddable":true,"href":"https:\/\/diarioelpopular.com\/index.php\/wp-json\/wp\/v2\/users\/99"}],"replies":[{"embeddable":true,"href":"https:\/\/diarioelpopular.com\/index.php\/wp-json\/wp\/v2\/comments?post=498081"}],"version-history":[{"count":1,"href":"https:\/\/diarioelpopular.com\/index.php\/wp-json\/wp\/v2\/posts\/498081\/revisions"}],"predecessor-version":[{"id":498083,"href":"https:\/\/diarioelpopular.com\/index.php\/wp-json\/wp\/v2\/posts\/498081\/revisions\/498083"}],"wp:featuredmedia":[{"embeddable":true,"href":"https:\/\/diarioelpopular.com\/index.php\/wp-json\/wp\/v2\/media\/498082"}],"wp:attachment":[{"href":"https:\/\/diarioelpopular.com\/index.php\/wp-json\/wp\/v2\/media?parent=498081"}],"wp:term":[{"taxonomy":"category","embeddable":true,"href":"https:\/\/diarioelpopular.com\/index.php\/wp-json\/wp\/v2\/categories?post=498081"},{"taxonomy":"post_tag","embeddable":true,"href":"https:\/\/diarioelpopular.com\/index.php\/wp-json\/wp\/v2\/tags?post=498081"}],"curies":[{"name":"wp","href":"https:\/\/api.w.org\/{rel}","templated":true}]}}