{"id":498119,"date":"2021-06-05T12:49:51","date_gmt":"2021-06-05T16:49:51","guid":{"rendered":"https:\/\/diarioelpopular.com\/?p=498119"},"modified":"2021-06-05T12:49:51","modified_gmt":"2021-06-05T16:49:51","slug":"duro-mensaje-de-trudeau-a-la-iglesia","status":"publish","type":"post","link":"https:\/\/diarioelpopular.com\/index.php\/2021\/06\/05\/duro-mensaje-de-trudeau-a-la-iglesia\/","title":{"rendered":"Duro mensaje de Trudeau a la Iglesia"},"content":{"rendered":"<h4><img loading=\"lazy\" decoding=\"async\" class=\"alignnone size-custom-full-size wp-image-498120\" src=\"https:\/\/diarioelpopular.com\/wp-content\/uploads\/2021\/06\/25395130_web1_20210604120628-60ba5550a0c44fa489ef12f3jpeg-1024x682-636x424.jpg\" alt=\"\" width=\"636\" height=\"424\" srcset=\"https:\/\/diarioelpopular.com\/wp-content\/uploads\/2021\/06\/25395130_web1_20210604120628-60ba5550a0c44fa489ef12f3jpeg-1024x682-636x424.jpg 636w, https:\/\/diarioelpopular.com\/wp-content\/uploads\/2021\/06\/25395130_web1_20210604120628-60ba5550a0c44fa489ef12f3jpeg-1024x682-300x200.jpg 300w, https:\/\/diarioelpopular.com\/wp-content\/uploads\/2021\/06\/25395130_web1_20210604120628-60ba5550a0c44fa489ef12f3jpeg-1024x682-768x512.jpg 768w, https:\/\/diarioelpopular.com\/wp-content\/uploads\/2021\/06\/25395130_web1_20210604120628-60ba5550a0c44fa489ef12f3jpeg-1024x682-110x73.jpg 110w, https:\/\/diarioelpopular.com\/wp-content\/uploads\/2021\/06\/25395130_web1_20210604120628-60ba5550a0c44fa489ef12f3jpeg-1024x682.jpg 1024w\" sizes=\"auto, (max-width: 636px) 100vw, 636px\" \/><\/h4>\n<h4><em><strong>Esclarecer muertes y maltrato de ni\u00f1os ind\u00edgenas en escuelas<\/strong><\/em><\/h4>\n<p>&nbsp;<\/p>\n<p><em><strong>OTTAWA, 05 JUN<\/strong>\u00a0<\/em>&#8211; El primer ministro, Justin Trudeau, inst\u00f3 a la Iglesia cat\u00f3lica a &#8220;asumir la responsabilidad&#8221; y publicar documentos sobre las escuelas residenciales ind\u00edgenas bajo su direcci\u00f3n, tras el descubrimiento de los restos de 215 ni\u00f1os en tumbas sin nombre.<br \/>\nTrudeau tambi\u00e9n advirti\u00f3 que su gobierno est\u00e1 dispuesto a tomar &#8220;medidas duras&#8221;, incluida cualquier acci\u00f3n legal, para obtener los documentos requeridos de las familias de las v\u00edctimas si la iglesia no cumple.<br \/>\nEl descubrimiento de los restos en la Kamloops Indian Residential School en Columbia Brit\u00e1nica provoc\u00f3 una ola de conmoci\u00f3n e indignaci\u00f3n en Canad\u00e1.<br \/>\nLa escuela fue una de las muchas universidades establecidas hace un siglo para asimilar por la fuerza a los pueblos ind\u00edgenas del pa\u00eds y &#8220;readaptarlos&#8221; a los usos y costumbres occidentales.<br \/>\n&#8220;Como cat\u00f3lico, estoy profundamente decepcionado con la posici\u00f3n que ha tomado la Iglesia cat\u00f3lica ahora y en los \u00faltimos a\u00f1os&#8221;, dijo Trudeau en una conferencia de prensa.<br \/>\nEl primer ministro tambi\u00e9n record\u00f3 un viaje al Vaticano en mayo de 2017 durante el cual le pidi\u00f3 al papa Francisco una disculpa formal por el abuso de los estudiantes, as\u00ed como el acceso a los registros de la iglesia para ayudar a dar cuenta de m\u00e1s de 4.100 estudiantes que se cree que murieron debido a enfermedades o desnutrici\u00f3n.<br \/>\n&#8220;Todav\u00eda estamos viendo la resistencia de la Iglesia&#8221; a transparentar esos hechos, dijo Trudeau.<br \/>\nLa escuela de Kamloops, donde se descubrieron las tumbas an\u00f3nimas la semana pasada, estuvo a cargo de la Iglesia cat\u00f3lica en nombre del gobierno de 1890 a 1969. Aproximadamente 150.000 j\u00f3venes nativos en total, incluidos inuit y metis, se matricularon en 139 de estas escuelas residenciales, donde los estudiantes han sido abusados ;;f\u00edsicamente por directores y maestros que los han privado de su cultura e idioma. El portavoz del Vaticano no respondi\u00f3 esta semana a las peticiones para que hiciera comentarios sobre las exigencias de una disculpa formal de parte del papa.<br \/>\nLa Conferencia Episcopal Canadiense anunci\u00f3 en 2018 que el Papa no pod\u00eda disculparse personalmente a nombre de los internados, aunque no ha rehuido el reconocer las injusticias enfrentadas por los pueblos ind\u00edgenas en el mundo. En cambio, el arzobispo de Vancouver ofreci\u00f3 el mi\u00e9rcoles sus disculpas.<br \/>\nEn tanto, el papa Francisco recibi\u00f3 hoy en dos audiencias separadas en el Palacio Apost\u00f3lico del Vaticano a los dos cardenales canadienses que trabajan en \u00e1reas de la Santa Sede, para analizar la controversia y el desconcierto por el descubrimiento de los restos de 215 ni\u00f1os ind\u00edgenas.<br \/>\nEl Papa conoci\u00f3 hoy al cardenal Michael Czerny, jesuita, subsecretario de la Secci\u00f3n de Migrantes y Refugiados del Dicasterio para la Promoci\u00f3n del Desarrollo Humano Integral, e inmediatamente despu\u00e9s del cardenal Marc Ouellet, prefecto de la Congregaci\u00f3n para los Obispos.<br \/>\nTambi\u00e9n hoy el Pont\u00edfice nombr\u00f3 al Arzobispo Ivan Jurkovic como nuevo nuncio apost\u00f3lico en Canad\u00e1, hasta ahora observador permanente de la Santa Sede en la Oficina de las Naciones Unidas e Instituciones Especializadas en Ginebra y en la Organizaci\u00f3n Mundial del Comercio, y representante de la Santa Sede en la Organizaci\u00f3n Internacional para la Migraci\u00f3n.<\/p>\n<p>&nbsp;<\/p>\n<h4><em><strong>Ontario reporta 744 casos de COVID-19, 24 muertes; casi 173.000 vacunas m\u00e1s administradas<\/strong><\/em><\/h4>\n<p><em>Actualizado s\u00e1bado 5 de junio de 2021 12:32 p.m.<\/em><\/p>\n<p><em><strong>TORONTO.-<\/strong> <\/em>Ontario report\u00f3 744 casos de COVID-19 el s\u00e1bado, lo que eleva el n\u00famero total de casos en la provincia a 535,419.<\/p>\n<p>\u201cA nivel local, hay 181 casos nuevos en Toronto, 123 en Peel, 61 en Hamilton, 51 en la regi\u00f3n de Waterloo, 48 en la regi\u00f3n de York y 48 en la regi\u00f3n de la Unidad de Salud Porcupine\u201d, dijo la ministra de Salud Christine Elliott.<\/p>\n<p>A modo de comparaci\u00f3n, el s\u00e1bado pasado se reportaron 1.057 casos.<\/p>\n<p>Tambi\u00e9n se anunciaron veinticuatro nuevas muertes el 5 de junio, con lo que la cifra provincial de muertos asciende a 8.844.<\/p>\n<p>Un total de 517.638 casos de coronavirus se consideran resueltos, lo que representa un aumento de 1.242 y es el 96,7 por ciento de todos los casos confirmados.<\/p>\n<p>Se completaron poco m\u00e1s de 27.800 pruebas adicionales. Ontario ha completado un total de 15,369,037 pruebas y 12,320 siguen bajo investigaci\u00f3n.<\/p>\n<p>La provincia indic\u00f3 que la tasa de positividad para el \u00faltimo d\u00eda fue del 3,1%, que es superior al informe del viernes, cuando fue del 2,8%, y por debajo del informe del s\u00e1bado pasado, cuando fue del 3,6%.<\/p>\n<p>Ha habido 131,123 casos confirmados de la variante B.1.1.7, descubierta por primera vez en el Reino Unido (un aumento de 1316), as\u00ed como 1,035 de la variante B.1.351 que se descubri\u00f3 en Sud\u00e1frica (un aumento de 63) y 3263 casos de la variante P.1, encontrados por primera vez en Brasil (hasta 296).<\/p>\n<p>Las cifras provinciales mostraron que hay 625 personas hospitalizadas con el virus (una disminuci\u00f3n de 62), con 516 en cuidados intensivos debido a COVID-19 (una disminuci\u00f3n de seis), 362 de las cuales est\u00e1n en un ventilador (un aumento de cinco).<\/p>\n<p>La provincia tambi\u00e9n se\u00f1ala que la cantidad de casos notificados p\u00fablicamente cada d\u00eda puede no coincidir con los recuentos de casos notificados por las unidades de salud p\u00fablica locales en un d\u00eda determinado. Las unidades de salud p\u00fablica locales informan cu\u00e1ndo se les notific\u00f3 por primera vez de un caso, que puede actualizarse y cambiarse a medida que la informaci\u00f3n est\u00e9 disponible. Los datos tambi\u00e9n se pueden extraer en diferentes momentos.<\/p>\n<p>Hasta el viernes por la noche, se hab\u00edan administrado 9,834,182 dosis de la vacuna COVID-19 en Ontario, lo que marca un aumento de 172,855 en 24 horas. De ellos, 67.192 fueron segundas dosis.<\/p>\n<p>Hasta el momento, 963,257 personas en la provincia est\u00e1n completamente vacunadas.<\/p>\n","protected":false},"excerpt":{"rendered":"<p>Esclarecer muertes y maltrato de ni\u00f1os ind\u00edgenas en escuelas &nbsp; OTTAWA, 05 JUN\u00a0&#8211; El primer ministro, Justin Trudeau, inst\u00f3 a la Iglesia cat\u00f3lica a &#8220;asumir&hellip;<\/p>\n","protected":false},"author":99,"featured_media":498120,"comment_status":"open","ping_status":"open","sticky":false,"template":"","format":"standard","meta":{"footnotes":""},"categories":[21,11191],"tags":[],"class_list":["post-498119","post","type-post","status-publish","format-standard","has-post-thumbnail","hentry","category-canada","category-top-news"],"_links":{"self":[{"href":"https:\/\/diarioelpopular.com\/index.php\/wp-json\/wp\/v2\/posts\/498119","targetHints":{"allow":["GET"]}}],"collection":[{"href":"https:\/\/diarioelpopular.com\/index.php\/wp-json\/wp\/v2\/posts"}],"about":[{"href":"https:\/\/diarioelpopular.com\/index.php\/wp-json\/wp\/v2\/types\/post"}],"author":[{"embeddable":true,"href":"https:\/\/diarioelpopular.com\/index.php\/wp-json\/wp\/v2\/users\/99"}],"replies":[{"embeddable":true,"href":"https:\/\/diarioelpopular.com\/index.php\/wp-json\/wp\/v2\/comments?post=498119"}],"version-history":[{"count":1,"href":"https:\/\/diarioelpopular.com\/index.php\/wp-json\/wp\/v2\/posts\/498119\/revisions"}],"predecessor-version":[{"id":498121,"href":"https:\/\/diarioelpopular.com\/index.php\/wp-json\/wp\/v2\/posts\/498119\/revisions\/498121"}],"wp:featuredmedia":[{"embeddable":true,"href":"https:\/\/diarioelpopular.com\/index.php\/wp-json\/wp\/v2\/media\/498120"}],"wp:attachment":[{"href":"https:\/\/diarioelpopular.com\/index.php\/wp-json\/wp\/v2\/media?parent=498119"}],"wp:term":[{"taxonomy":"category","embeddable":true,"href":"https:\/\/diarioelpopular.com\/index.php\/wp-json\/wp\/v2\/categories?post=498119"},{"taxonomy":"post_tag","embeddable":true,"href":"https:\/\/diarioelpopular.com\/index.php\/wp-json\/wp\/v2\/tags?post=498119"}],"curies":[{"name":"wp","href":"https:\/\/api.w.org\/{rel}","templated":true}]}}