{"id":498133,"date":"2021-06-07T10:29:01","date_gmt":"2021-06-07T14:29:01","guid":{"rendered":"https:\/\/diarioelpopular.com\/?p=498133"},"modified":"2021-06-07T10:29:01","modified_gmt":"2021-06-07T14:29:01","slug":"habitantes-de-ontario-pueden-reservar-una-segunda-vacuna-a-traves-del-sistema-provincial","status":"publish","type":"post","link":"https:\/\/diarioelpopular.com\/index.php\/2021\/06\/07\/habitantes-de-ontario-pueden-reservar-una-segunda-vacuna-a-traves-del-sistema-provincial\/","title":{"rendered":"Habitantes de Ontario pueden reservar una segunda vacuna a trav\u00e9s del sistema provincial"},"content":{"rendered":"<p><img loading=\"lazy\" decoding=\"async\" class=\"alignnone size-custom-full-size wp-image-498134\" src=\"https:\/\/diarioelpopular.com\/wp-content\/uploads\/2021\/06\/Screen-Shot-2021-06-07-at-10.21.59-AM-636x317.png\" alt=\"\" width=\"636\" height=\"317\" srcset=\"https:\/\/diarioelpopular.com\/wp-content\/uploads\/2021\/06\/Screen-Shot-2021-06-07-at-10.21.59-AM-636x317.png 636w, https:\/\/diarioelpopular.com\/wp-content\/uploads\/2021\/06\/Screen-Shot-2021-06-07-at-10.21.59-AM-300x150.png 300w, https:\/\/diarioelpopular.com\/wp-content\/uploads\/2021\/06\/Screen-Shot-2021-06-07-at-10.21.59-AM-768x383.png 768w, https:\/\/diarioelpopular.com\/wp-content\/uploads\/2021\/06\/Screen-Shot-2021-06-07-at-10.21.59-AM-146x73.png 146w, https:\/\/diarioelpopular.com\/wp-content\/uploads\/2021\/06\/Screen-Shot-2021-06-07-at-10.21.59-AM.png 1024w\" sizes=\"auto, (max-width: 636px) 100vw, 636px\" \/><\/p>\n<h4>\u00a0&#8211;\u00a0<em><strong>A partir de este lunes, m\u00e1s habitantes de Ontario son elegibles para reservar su segunda dosis de una vacuna COVID-19 a trav\u00e9s del sistema provincial.<\/strong><\/em><\/h4>\n<h4><em><strong>&#8211; Ontario reporta 525 nuevos casos de COVID-19, 15 nuevas muertes<\/strong><\/em><\/h4>\n<p><em><strong>TORONTO &#8211;<\/strong><\/em>Las personas de 70 a\u00f1os o m\u00e1s, as\u00ed como las personas que recibieron su primera dosis de una vacuna de ARNm el 18 de abril o antes, ahora pueden reservar su segunda inyecci\u00f3n en el sitio web de la provincia oa trav\u00e9s de su l\u00ednea telef\u00f3nica.<\/p>\n<p>La expansi\u00f3n se produce cuando Ontario se acerca a un hito en la vacunaci\u00f3n: se administran 10 millones de dosis.<\/p>\n<p>El domingo, la provincia inform\u00f3 que hab\u00eda distribuido m\u00e1s de 9.992.000 dosis, con m\u00e1s de un mill\u00f3n de habitantes de Ontario completamente vacunados.<\/p>\n<p>Tambi\u00e9n hoy, el director m\u00e9dico entrante de salud de la provincia comienza su transici\u00f3n al nuevo cargo.<\/p>\n<p>El Dr. Kieran Moore comenzar\u00e1 a trabajar con el principal funcionario de salud p\u00fablica actual, el Dr. David Williams, antes de asumir el cargo en unas pocas semanas.<\/p>\n<p>&nbsp;<\/p>\n<h4><em><strong>Ontario reporta 525 nuevos casos de COVID-19, 15 nuevas muertes<\/strong><\/em><\/h4>\n<p>Actualizado lunes 7 de junio de 2021 10:22 a.m.<\/p>\n<p><em><strong>TORONTO-<\/strong> <\/em>Ontario report\u00f3 525 nuevos casos de COVID-19 este lunes, ya que los recuentos de casos contin\u00faan con una tendencia a la baja, marcando el octavo d\u00eda consecutivo por debajo de los 1,000. El total provincial asciende ahora a 536.607.<\/p>\n<p>El recuento de casos es inferior al 663 del domingo y marca el recuento de casos diario m\u00e1s bajo desde finales de septiembre. El s\u00e1bado se registraron 744 casos nuevos, 914 el viernes y 870 el jueves.<\/p>\n<p>Seg\u00fan el informe, se registraron 114 casos en Toronto, 95 en la regi\u00f3n de Peel, 51 en Waterloo y 40 en la regi\u00f3n de Durham.<\/p>\n<p>Todas las dem\u00e1s unidades de salud p\u00fablica locales notificaron menos de 40 casos nuevos en el informe provincial.<\/p>\n<p>El n\u00famero de muertos en la provincia ha aumentado a 8.869, ya que se registraron 15 muertes m\u00e1s.<\/p>\n<p>A partir de las 8 p.m. el domingo, se administraron m\u00e1s de 10 millones de dosis totales de vacuna COVID-19. Eso marc\u00f3 un aumento de 116,829 vacunas (61,544 para una primera inyecci\u00f3n y 55,285 para una segunda inyecci\u00f3n) en el \u00faltimo d\u00eda. En la actualidad hay m\u00e1s de un mill\u00f3n de personas completamente vacunadas con dos dosis.<\/p>\n<p>Mientras tanto, se inform\u00f3 que 519,801 residentes de Ontario se hab\u00edan recuperado del COVID-19, que es aproximadamente el 97 por ciento de los casos conocidos. Los casos resueltos aumentaron en 941 desde el d\u00eda anterior.<\/p>\n<p>Hubo m\u00e1s casos resueltos que casos nuevos el lunes.<\/p>\n<p>Los casos activos en Ontario ahora ascienden a 7,937, por debajo del d\u00eda anterior cuando estaba en 8,368, y est\u00e1 por debajo del 31 de mayo cuando estaba en 12,567. En el pico de la oleada de coronavirus de la segunda ola en enero, los casos activos llegaron a poco m\u00e1s de 30.000. En la tercera ola de abril, los casos activos superaron los 43.000.<\/p>\n<p>El gobierno dijo que se procesaron 15.177 pruebas en las \u00faltimas 24 horas. Actualmente hay una acumulaci\u00f3n de 5.724 pruebas en espera de resultados. Se han completado un total de 15,406,849 pruebas desde el inicio de la pandemia.<\/p>\n<p>La positividad de la prueba del lunes fue del 3,6 por ciento. Esa cifra es superior al 2,8% del domingo y al 3,1% del s\u00e1bado. Tambi\u00e9n est\u00e1 por debajo de la semana pasada cuando fue del 4,3 por ciento.<\/p>\n<p>Ontario inform\u00f3 que 547 personas est\u00e1n hospitalizadas con COVID-19 (dos m\u00e1s que el d\u00eda anterior) con 497 pacientes en unidades de cuidados intensivos (13 menos) y 339 pacientes en UCI con ventilador (cinco menos). En general, las hospitalizaciones han ido disminuyendo desde el pico de la tercera ola en abril.<\/p>\n<p><em><strong>Variantes preocupantes en Ontario<\/strong><\/em><\/p>\n<p>Los funcionarios han enumerado datos desglosados \u200b\u200bpara los nuevos COV (variantes de inter\u00e9s) detectados hasta ahora en la provincia que consisten en el B.1.1.7 (ahora denominado por la OMS como \u201cAlfa\u201d y se detect\u00f3 por primera vez en el Reino Unido), B. 1.351 (ahora nombrada por la OMS como \u201cBeta\u201d y se detect\u00f3 por primera vez en Sud\u00e1frica) y P.1 (ahora nombrada por la OMS como \u201cGamma\u201d y se detect\u00f3 por primera vez en Brasil).<\/p>\n","protected":false},"excerpt":{"rendered":"<p>\u00a0&#8211;\u00a0A partir de este lunes, m\u00e1s habitantes de Ontario son elegibles para reservar su segunda dosis de una vacuna COVID-19 a trav\u00e9s del sistema provincial.&hellip;<\/p>\n","protected":false},"author":99,"featured_media":498134,"comment_status":"open","ping_status":"open","sticky":false,"template":"","format":"standard","meta":{"footnotes":""},"categories":[21,11191],"tags":[],"class_list":["post-498133","post","type-post","status-publish","format-standard","has-post-thumbnail","hentry","category-canada","category-top-news"],"_links":{"self":[{"href":"https:\/\/diarioelpopular.com\/index.php\/wp-json\/wp\/v2\/posts\/498133","targetHints":{"allow":["GET"]}}],"collection":[{"href":"https:\/\/diarioelpopular.com\/index.php\/wp-json\/wp\/v2\/posts"}],"about":[{"href":"https:\/\/diarioelpopular.com\/index.php\/wp-json\/wp\/v2\/types\/post"}],"author":[{"embeddable":true,"href":"https:\/\/diarioelpopular.com\/index.php\/wp-json\/wp\/v2\/users\/99"}],"replies":[{"embeddable":true,"href":"https:\/\/diarioelpopular.com\/index.php\/wp-json\/wp\/v2\/comments?post=498133"}],"version-history":[{"count":1,"href":"https:\/\/diarioelpopular.com\/index.php\/wp-json\/wp\/v2\/posts\/498133\/revisions"}],"predecessor-version":[{"id":498135,"href":"https:\/\/diarioelpopular.com\/index.php\/wp-json\/wp\/v2\/posts\/498133\/revisions\/498135"}],"wp:featuredmedia":[{"embeddable":true,"href":"https:\/\/diarioelpopular.com\/index.php\/wp-json\/wp\/v2\/media\/498134"}],"wp:attachment":[{"href":"https:\/\/diarioelpopular.com\/index.php\/wp-json\/wp\/v2\/media?parent=498133"}],"wp:term":[{"taxonomy":"category","embeddable":true,"href":"https:\/\/diarioelpopular.com\/index.php\/wp-json\/wp\/v2\/categories?post=498133"},{"taxonomy":"post_tag","embeddable":true,"href":"https:\/\/diarioelpopular.com\/index.php\/wp-json\/wp\/v2\/tags?post=498133"}],"curies":[{"name":"wp","href":"https:\/\/api.w.org\/{rel}","templated":true}]}}