{"id":498143,"date":"2021-06-07T10:41:02","date_gmt":"2021-06-07T14:41:02","guid":{"rendered":"https:\/\/diarioelpopular.com\/?p=498143"},"modified":"2021-06-07T10:41:02","modified_gmt":"2021-06-07T14:41:02","slug":"colombia-el-dialogo-esta-roto","status":"publish","type":"post","link":"https:\/\/diarioelpopular.com\/index.php\/2021\/06\/07\/colombia-el-dialogo-esta-roto\/","title":{"rendered":"Colombia: El di\u00e1logo est\u00e1 roto"},"content":{"rendered":"<p><img loading=\"lazy\" decoding=\"async\" class=\"alignnone size-custom-full-size wp-image-498144\" src=\"https:\/\/diarioelpopular.com\/wp-content\/uploads\/2021\/06\/465f966d29a4bf8a89e1f25197b73df6-636x423.jpg\" alt=\"\" width=\"636\" height=\"423\" srcset=\"https:\/\/diarioelpopular.com\/wp-content\/uploads\/2021\/06\/465f966d29a4bf8a89e1f25197b73df6-636x423.jpg 636w, https:\/\/diarioelpopular.com\/wp-content\/uploads\/2021\/06\/465f966d29a4bf8a89e1f25197b73df6-300x200.jpg 300w, https:\/\/diarioelpopular.com\/wp-content\/uploads\/2021\/06\/465f966d29a4bf8a89e1f25197b73df6-768x511.jpg 768w, https:\/\/diarioelpopular.com\/wp-content\/uploads\/2021\/06\/465f966d29a4bf8a89e1f25197b73df6-110x73.jpg 110w, https:\/\/diarioelpopular.com\/wp-content\/uploads\/2021\/06\/465f966d29a4bf8a89e1f25197b73df6.jpg 945w\" sizes=\"auto, (max-width: 636px) 100vw, 636px\" \/><\/p>\n<p><em>Emblem\u00e1tico cartel contra el gobierno de Iv\u00e1n Duque (foto: ANSA)<\/em><\/p>\n<p><em><strong>BOGOTA 7 JUN &#8211;<\/strong><\/em> El Comit\u00e9 Nacional de Paro (CNP) suspendi\u00f3 anoche (domingo) las negociaciones con el gobierno y puso en duda volver a la mesa, al denunciar que la administraci\u00f3n de Iv\u00e1n Duque insiste en dilatar las conversaciones y se niega a acordar garant\u00edas de seguridad para las marchas sociales.<br \/>\n&#8220;Esta actitud del gobierno nos lleva a suspender la negociaci\u00f3n y evaluar la continuidad de las conversaciones adelantadas con el gobierno. Como parte de ese proceso, entregaremos a la Comisi\u00f3n Interamericana de Derechos Humanos, CIDH, el preacuerdo del 24 de mayo sobre los m\u00ednimos para garantizar el ejercicio de la protesta social pac\u00edfica&#8221;, dijo al CPN en un comunicado.<br \/>\nEl Comit\u00e9 accedi\u00f3 a dialogar con el gobierno sobre la base de una serie de temas que son partes de las causas del estallido social, pero exigi\u00f3 que antes se pactaran unas reglas de seguridad para los manifestantes, a ra\u00edz de la respuesta violenta de la polic\u00eda frente a las protestas.<br \/>\nEl gobierno insiste al CNP la condena y el levantamiento de los bloqueos de v\u00edas como condici\u00f3n para dialogar.<br \/>\nLos voceros de un sector de los manifestantes respondieron d\u00edas atr\u00e1s al gobierno con un comunicado en el que condenaban la violencia desatada en las protestas y los cortes. Adem\u00e1s intermedi\u00f3 para lograr el levantamiento de algunos cortes.<br \/>\nLa administraci\u00f3n Duque asegur\u00f3 que el Comit\u00e9 desech\u00f3 los puntos acordados hasta ahora para establecer los protocolos de seguridad y lo acus\u00f3 de dejar &#8220;al pa\u00eds en mora de soluciones&#8221; y de no &#8220;haber condenado los bloqueos&#8221;, que es el tema en el que centra sus preocupaciones la administraci\u00f3n Duque, respecto del inconformidad social llevada a las calles.<\/p>\n","protected":false},"excerpt":{"rendered":"<p>Emblem\u00e1tico cartel contra el gobierno de Iv\u00e1n Duque (foto: ANSA) BOGOTA 7 JUN &#8211; El Comit\u00e9 Nacional de Paro (CNP) suspendi\u00f3 anoche (domingo) las negociaciones&hellip;<\/p>\n","protected":false},"author":99,"featured_media":498144,"comment_status":"open","ping_status":"open","sticky":false,"template":"","format":"standard","meta":{"footnotes":""},"categories":[23],"tags":[],"class_list":["post-498143","post","type-post","status-publish","format-standard","has-post-thumbnail","hentry","category-latinoamerica"],"_links":{"self":[{"href":"https:\/\/diarioelpopular.com\/index.php\/wp-json\/wp\/v2\/posts\/498143","targetHints":{"allow":["GET"]}}],"collection":[{"href":"https:\/\/diarioelpopular.com\/index.php\/wp-json\/wp\/v2\/posts"}],"about":[{"href":"https:\/\/diarioelpopular.com\/index.php\/wp-json\/wp\/v2\/types\/post"}],"author":[{"embeddable":true,"href":"https:\/\/diarioelpopular.com\/index.php\/wp-json\/wp\/v2\/users\/99"}],"replies":[{"embeddable":true,"href":"https:\/\/diarioelpopular.com\/index.php\/wp-json\/wp\/v2\/comments?post=498143"}],"version-history":[{"count":1,"href":"https:\/\/diarioelpopular.com\/index.php\/wp-json\/wp\/v2\/posts\/498143\/revisions"}],"predecessor-version":[{"id":498145,"href":"https:\/\/diarioelpopular.com\/index.php\/wp-json\/wp\/v2\/posts\/498143\/revisions\/498145"}],"wp:featuredmedia":[{"embeddable":true,"href":"https:\/\/diarioelpopular.com\/index.php\/wp-json\/wp\/v2\/media\/498144"}],"wp:attachment":[{"href":"https:\/\/diarioelpopular.com\/index.php\/wp-json\/wp\/v2\/media?parent=498143"}],"wp:term":[{"taxonomy":"category","embeddable":true,"href":"https:\/\/diarioelpopular.com\/index.php\/wp-json\/wp\/v2\/categories?post=498143"},{"taxonomy":"post_tag","embeddable":true,"href":"https:\/\/diarioelpopular.com\/index.php\/wp-json\/wp\/v2\/tags?post=498143"}],"curies":[{"name":"wp","href":"https:\/\/api.w.org\/{rel}","templated":true}]}}