{"id":498146,"date":"2021-06-07T10:43:55","date_gmt":"2021-06-07T14:43:55","guid":{"rendered":"https:\/\/diarioelpopular.com\/?p=498146"},"modified":"2021-06-07T10:43:55","modified_gmt":"2021-06-07T14:43:55","slug":"mexico-morena-pierde-mayoria-confirman-escrutinios","status":"publish","type":"post","link":"https:\/\/diarioelpopular.com\/index.php\/2021\/06\/07\/mexico-morena-pierde-mayoria-confirman-escrutinios\/","title":{"rendered":"M\u00e9xico: Morena pierde mayor\u00eda, confirman escrutinios"},"content":{"rendered":"<p><img loading=\"lazy\" decoding=\"async\" class=\"alignnone size-custom-full-size wp-image-498147\" src=\"https:\/\/diarioelpopular.com\/wp-content\/uploads\/2021\/06\/7ac3bbfd26905e6ee63ed446c2024aa9-636x423.jpg\" alt=\"\" width=\"636\" height=\"423\" srcset=\"https:\/\/diarioelpopular.com\/wp-content\/uploads\/2021\/06\/7ac3bbfd26905e6ee63ed446c2024aa9-636x423.jpg 636w, https:\/\/diarioelpopular.com\/wp-content\/uploads\/2021\/06\/7ac3bbfd26905e6ee63ed446c2024aa9-300x200.jpg 300w, https:\/\/diarioelpopular.com\/wp-content\/uploads\/2021\/06\/7ac3bbfd26905e6ee63ed446c2024aa9-768x511.jpg 768w, https:\/\/diarioelpopular.com\/wp-content\/uploads\/2021\/06\/7ac3bbfd26905e6ee63ed446c2024aa9-110x73.jpg 110w, https:\/\/diarioelpopular.com\/wp-content\/uploads\/2021\/06\/7ac3bbfd26905e6ee63ed446c2024aa9.jpg 945w\" sizes=\"auto, (max-width: 636px) 100vw, 636px\" \/><\/p>\n<p><em>Recuento de votos en Ciudad de M\u00e9xico <\/em><\/p>\n<h4><em><strong>Obtiene mayor\u00eda de gobernaciones pero sufre debacle en capital<\/strong><\/em><\/h4>\n<p><em><strong>CIUDAD DE MEXICO, 07 JUN &#8211;<\/strong><\/em> El gobernante Movimiento de Regeneraci\u00f3n Nacional (Morena, centroizquierda), que llev\u00f3 al poder hace m\u00e1s de 2 a\u00f1os al presidente Andr\u00e9s L\u00f3pez Obrador, perdi\u00f3 la mayor\u00eda calificada en la C\u00e1mara de Diputados, que le impedir\u00e1 promover reformas constitucionales.<br \/>\nAs\u00ed lo confirman los resultados del conteo r\u00e1pido del Instituto Nacional Electoral (INE), en los cuales se establece que contar\u00e1 reducir\u00e1 su cuota de legisladores de 332 a 281 de un total de 500, contando los de sus aliados de los partidos Verde y del Trabajo.<br \/>\nMientras tanto, los cuatro principales partidos de la oposici\u00f3n que establecieron alianzas en varias elecciones regionales y locales aumentaron su presencia de 168 a 219.<br \/>\nAdem\u00e1s, la poderosa formaci\u00f3n pol\u00edtica sufri\u00f3 su peor debacle en la Ciudad de M\u00e9xico, basti\u00f3n de la izquierda nacional desde 1997, donde s\u00f3lo gan\u00f3 6 de 16 alcald\u00edas en disputa, lo que significa que perdi\u00f3 5 intendencias.<br \/>\nTambi\u00e9n en el Congreso de la capital perdi\u00f3 en 12 distritos de y se quedar\u00e1 con 14 de un total de 36.<br \/>\nEl resultado en la capital podr\u00eda atribuirse, de acuerdo con opiniones de los expertos, a la costosa factura que tuvo que pagar la popular jefa de gobierno Claudia Sheinbaum por el accidente en la l\u00ednea 12 del Metro, del 3 de mayo pasado, que arroj\u00f3 26 muertos y 65 heridos cuando dos furgones cayeron al colapsarse un travesa\u00f1o.<br \/>\nSin embargo, los resultados para el partido en el poder fueron agridulces por cuanto Morena se adjudic\u00f3 10 de las 15 gobernaciones en disputa, lo que hizo expandir su poder regional, a pesar de haber perdido la &#8220;joya de la corona&#8221; que era la C\u00e1mara de Diputados.<br \/>\nLa situaci\u00f3n de Morena se ve comprometida todav\u00eda m\u00e1s por cuanto su principal socio en la coalici\u00f3n que le permite controlar la C\u00e1mara Baja, el Partido Verde Ecologista de M\u00e9xico (PVEM), result\u00f3 uno de los grandes ganadores de la contienda del domingo y dej\u00f3 dudas de si quiere seguir apoyando al partido gobernante.<br \/>\nEl senador Manuel Velasco, ex gobernador del estado sure\u00f1o de Chiapas, que pertenece a esta formaci\u00f3n pol\u00edtica, se\u00f1al\u00f3 que eval\u00faa si mantener la alianza, que ya mantuvo antes con el ahora opositor Partido Revolucionario Institucional (PRI, centro) o con el Partido Acci\u00f3n Nacional (PAN, derecha).<br \/>\n&#8220;Tendr\u00edamos que hacer una valoraci\u00f3n (de esa alianza).<br \/>\nEstoy convencido de que el pa\u00eds no puede seguir en este clima de crispaci\u00f3n social y de divisi\u00f3n que hemos tenido en este tiempo reciente y lo que necesitamos es escuchar todas las voces, hacer un replanteamiento y construir entre todos&#8221;, se\u00f1al\u00f3.<br \/>\nEl PVEM cuadruplicar\u00e1 su cuota de esca\u00f1os en la C\u00e1mara Baja, al pasar de 11 a 44, con lo que se convirti\u00f3 en el &#8220;objeto del deseo&#8221; para cualquier nueva alianza futura, por lo que se convertir\u00e1 en &#8220;visagra&#8221; y en aliado estrat\u00e9gico del gobierno.<br \/>\nOtra de las novedades de los resultados fue que dos de los 3 partidos nuevos, Fuerza por M\u00e9xico y Redes Sociales Progresistas, no alcanzaron el 3% de la votaci\u00f3n para mantener su registro, y solo el evang\u00e9lico Partido Encuentro Solidario (PES) lo lograr\u00eda, de acuerdo con el c\u00f3mputo del escrutinio oficial.<br \/>\nEl presidente Andr\u00e9s L\u00f3pez Obrador celebr\u00f3 los resultados de la elecci\u00f3n hist\u00f3rica, donde hubo una participaci\u00f3n del 52%, una de las m\u00e1s altas de las \u00faltimas d\u00e9cadas, y dijo que comicios de ayer fueron libres pues, &#8220;a diferencia de otros tiempos, no intervino el Estado, aunque s\u00ed hubo injerencia de autoridades locales&#8221;.<br \/>\nEl mandatario minimiz\u00f3 la ca\u00edda de las votaciones a favor de su coalici\u00f3n en la C\u00e1mara de Diputados e indic\u00f3 que con este desenlace, el gobierno a su cargo &#8220;tendr\u00e1 mayor\u00eda para garantizar el presupuesto para los pobres&#8221;.<br \/>\nAdem\u00e1s, festej\u00f3 que las votaciones, para elegir 500 diputados, 15 de las 32 gobernaciones y el 60% de los municipios, y a las que fueron convocadas 94 millones de personas, de las cuales sufragaron m\u00e1s de 50 millones, hayan sido pac\u00edficas a pesar de amenazas del crimen organizado.<br \/>\n&#8220;La gente se port\u00f3 muy bien. Los que pertenecen a la delincuencia organizada en general bien. Muy pocos actos de violencia de estos grupos. Se port\u00f3 creo que m\u00e1s mal la delincuencia de cuello blanco, pero no se pasaron de la raya y tampoco alteraron en lo fundamental los resultados&#8221;, se\u00f1al\u00f3 L\u00f3pez Obrador.<\/p>\n","protected":false},"excerpt":{"rendered":"<p>Recuento de votos en Ciudad de M\u00e9xico Obtiene mayor\u00eda de gobernaciones pero sufre debacle en capital CIUDAD DE MEXICO, 07 JUN &#8211; El gobernante Movimiento&hellip;<\/p>\n","protected":false},"author":99,"featured_media":498147,"comment_status":"open","ping_status":"open","sticky":false,"template":"","format":"standard","meta":{"footnotes":""},"categories":[23],"tags":[],"class_list":["post-498146","post","type-post","status-publish","format-standard","has-post-thumbnail","hentry","category-latinoamerica"],"_links":{"self":[{"href":"https:\/\/diarioelpopular.com\/index.php\/wp-json\/wp\/v2\/posts\/498146","targetHints":{"allow":["GET"]}}],"collection":[{"href":"https:\/\/diarioelpopular.com\/index.php\/wp-json\/wp\/v2\/posts"}],"about":[{"href":"https:\/\/diarioelpopular.com\/index.php\/wp-json\/wp\/v2\/types\/post"}],"author":[{"embeddable":true,"href":"https:\/\/diarioelpopular.com\/index.php\/wp-json\/wp\/v2\/users\/99"}],"replies":[{"embeddable":true,"href":"https:\/\/diarioelpopular.com\/index.php\/wp-json\/wp\/v2\/comments?post=498146"}],"version-history":[{"count":1,"href":"https:\/\/diarioelpopular.com\/index.php\/wp-json\/wp\/v2\/posts\/498146\/revisions"}],"predecessor-version":[{"id":498148,"href":"https:\/\/diarioelpopular.com\/index.php\/wp-json\/wp\/v2\/posts\/498146\/revisions\/498148"}],"wp:featuredmedia":[{"embeddable":true,"href":"https:\/\/diarioelpopular.com\/index.php\/wp-json\/wp\/v2\/media\/498147"}],"wp:attachment":[{"href":"https:\/\/diarioelpopular.com\/index.php\/wp-json\/wp\/v2\/media?parent=498146"}],"wp:term":[{"taxonomy":"category","embeddable":true,"href":"https:\/\/diarioelpopular.com\/index.php\/wp-json\/wp\/v2\/categories?post=498146"},{"taxonomy":"post_tag","embeddable":true,"href":"https:\/\/diarioelpopular.com\/index.php\/wp-json\/wp\/v2\/tags?post=498146"}],"curies":[{"name":"wp","href":"https:\/\/api.w.org\/{rel}","templated":true}]}}