{"id":498176,"date":"2021-06-09T09:47:37","date_gmt":"2021-06-09T13:47:37","guid":{"rendered":"https:\/\/diarioelpopular.com\/?p=498176"},"modified":"2021-06-09T09:47:37","modified_gmt":"2021-06-09T13:47:37","slug":"mexico-kamala-y-obrador-acuerdan-frenar-migracion","status":"publish","type":"post","link":"https:\/\/diarioelpopular.com\/index.php\/2021\/06\/09\/mexico-kamala-y-obrador-acuerdan-frenar-migracion\/","title":{"rendered":"M\u00e9xico: Kamala y Obrador acuerdan frenar migraci\u00f3n"},"content":{"rendered":"<h4><img loading=\"lazy\" decoding=\"async\" class=\"alignnone size-custom-full-size wp-image-498177\" src=\"https:\/\/diarioelpopular.com\/wp-content\/uploads\/2021\/06\/b2905d079d5b8e35116f8603a75e6883-636x905.jpg\" alt=\"\" width=\"636\" height=\"905\" srcset=\"https:\/\/diarioelpopular.com\/wp-content\/uploads\/2021\/06\/b2905d079d5b8e35116f8603a75e6883-636x905.jpg 636w, https:\/\/diarioelpopular.com\/wp-content\/uploads\/2021\/06\/b2905d079d5b8e35116f8603a75e6883-211x300.jpg 211w, https:\/\/diarioelpopular.com\/wp-content\/uploads\/2021\/06\/b2905d079d5b8e35116f8603a75e6883-768x1092.jpg 768w, https:\/\/diarioelpopular.com\/wp-content\/uploads\/2021\/06\/b2905d079d5b8e35116f8603a75e6883-51x73.jpg 51w, https:\/\/diarioelpopular.com\/wp-content\/uploads\/2021\/06\/b2905d079d5b8e35116f8603a75e6883.jpg 720w\" sizes=\"auto, (max-width: 636px) 100vw, 636px\" \/><\/h4>\n<p><em>Kamala y Obrador acuerdan frenar migraci\u00f3n (foto: EPA)<\/em><\/p>\n<h4><em><strong>Pactan desmantelar redes de contrabando y tr\u00e1fico personas<\/strong><\/em><\/h4>\n<p><em><strong>CIUDAD DE MEXICO, 09 JUN &#8211;<\/strong><\/em>\u00a0 La vicepresidenta de Estados Unidos, Kamala Harris, y el presidente de M\u00e9xico, Andr\u00e9s L\u00f3pez Obrador, acordaron este martes medidas para frenar la migraci\u00f3n mediante el apoyo al desarrollo de Centroam\u00e9rica, pero tambi\u00e9n el de las redes de contrabando y trata de personas.<br \/>\nAl cabo de un encuentro de unas dos horas, enmarcado en una visita oficial de Harris a M\u00e9xico, los dos gobiernos anunciaron que dar\u00e1n &#8220;prioridad a la protecci\u00f3n de los derechos humanos&#8221;.<br \/>\nLa vicepresidenta y el mandatario mexicano firmaron un acuerdo para frenar la migraci\u00f3n y promover el desarrollo en Centroam\u00e9rica, el primer instrumento bilateral entre el gobierno mexicano y la nueva administraci\u00f3n del presidente Joe Biden.<br \/>\nEl convenio fue suscrito por el canciller mexicano, Marcelo Ebrard, y el encargado de negocios de la Embajada de Estados Unidos, John S. Creamer. Tras la cita bilateral, donde participaron las comitivas de Harris y el mandatario mexicano, se acord\u00f3 establecer &#8220;un grupo operativo especializado en combatir el tr\u00e1fico y la trata de personas, a trav\u00e9s de una metodolog\u00eda que busca compartir informaci\u00f3n e inteligencia&#8221;, se\u00f1al\u00f3 un comunicado oficial del gobierno mexicano.<br \/>\nEl objetivo es &#8220;identificar, interrumpir y desmantelar redes de contrabando de personas en M\u00e9xico&#8221;, expuso. &#8220;Hoy es un gran d\u00eda para la relaci\u00f3n bilateral, que cada d\u00eda es m\u00e1s productiva&#8221;, se\u00f1al\u00f3 el canciller Ebrard.<br \/>\n&#8220;Nos da mucho gusto que nos visite&#8221;, indic\u00f3 a su vez L\u00f3pez Obrador, quien mostr\u00f3 a la vicepresidenta los murales de Diego Rivera, el padre del muralismo mexicano, en las paredes del Palacio Nacional durante un recorrido previo a la entrevista.<br \/>\nPosteriormente, durante la reuni\u00f3n con Harris y ambas comitivas, que dur\u00f3 unas dos horas, L\u00f3pez Obrador subray\u00f3 que &#8220;nos interesa mantener una buena relaci\u00f3n con el gobierno de Estados Unidos&#8221;.<br \/>\nEbrard se\u00f1al\u00f3 que se trat\u00f3 de una entrevista &#8220;muy exitosa&#8221; durante el cual se abordaron temas como &#8220;la econom\u00eda y el di\u00e1logo de alto nivel, la cooperaci\u00f3n para la seguridad y el desarrollo en el sur de M\u00e9xico y Centroam\u00e9rica&#8221;.<br \/>\nLa vicepresidenta estadounidense arrib\u00f3, en medio de fuertes medidas de seguridad, a las 10 horas locales (15 GMT) a Palacio Nacional, en el centro hist\u00f3rico de la capital, para reunirse con L\u00f3pez Obrador.<br \/>\nEbrard inform\u00f3 que el memor\u00e1ndum es un instrumento para intercambiar informaci\u00f3n, pero &#8220;no implica un compromiso presupuestal, aun cuando la intenci\u00f3n es que Estados Unidos pueda realizar inversiones en el sureste de M\u00e9xico y pa\u00edses de Centroam\u00e9rica como Guatemala, Honduras y El Salvador&#8221;.<br \/>\nLa idea es &#8220;promover y fomentar diversas alternativas de desarrollo en los pa\u00edses expulsores de migrantes&#8221;, explic\u00f3, y dijo que el viaje de Kamala Harris es &#8220;exploratorio y de acercamiento para que busquemos llegar a un programa com\u00fan si es posible para esos tres pa\u00edses en el corto plazo&#8221;.<br \/>\nPor parte de M\u00e9xico participaron en la reuni\u00f3n una comitiva de siete funcionarios, entre ellos las ministras de Gobernaci\u00f3n, Olga S\u00e1nchez, del Medio Ambiente, Luisa Albores, y de Econom\u00eda, Tatiana Clouthier.<br \/>\nKamala Harris estuvo acompa\u00f1ada a su vez por Nancy McEldowney, asistente de seguridad para el Gobierno, Ricardo Z\u00fa\u00f1iga, enviado especial de la Casa Blanca para el Tri\u00e1ngulo Norte de Centroam\u00e9rica, y Juan Gonz\u00e1lez, asistente especial y director de Hemisferio Occidental, entre otros.<br \/>\nHarris, quien lleg\u00f3 cerca de la medianoche local a la Ciudad de M\u00e9xico, procedente de Guatemala, y fue recibida por el canciller Ebrard, se\u00f1al\u00f3 en un mensaje previo a su llegada a trav\u00e9s de Twitter que &#8220;nuestras econom\u00edas est\u00e1n atadas y nuestra seguridad depende una de la otra&#8221; y que &#8220;Estados Unidos y M\u00e9xico comparten historia y familia&#8221;.<br \/>\nDebido al desacuerdo entre las principales fuerzas pol\u00edticas del pa\u00eds por las elecciones intermedias del domingo, la posible asistencia de la vicepresidenta al Senado sufri\u00f3 una cancelaci\u00f3n de \u00faltimo momento.<br \/>\nSin embargo, la presidenta de la Comisi\u00f3n de Derechos Humanos de este \u00f3rgano legislativo, Kenia L\u00f3pez, del opositor Partido Acci\u00f3n Nacional (PAN, derecha) le envi\u00f3 una carta en la que le pidi\u00f3 &#8220;fortalecer las relaciones y la cooperaci\u00f3n internacional para garantizar la protecci\u00f3n de los derechos humanos&#8221; en ambos pa\u00edses.<\/p>\n","protected":false},"excerpt":{"rendered":"<p>Kamala y Obrador acuerdan frenar migraci\u00f3n (foto: EPA) Pactan desmantelar redes de contrabando y tr\u00e1fico personas CIUDAD DE MEXICO, 09 JUN &#8211;\u00a0 La vicepresidenta de&hellip;<\/p>\n","protected":false},"author":99,"featured_media":498177,"comment_status":"open","ping_status":"open","sticky":false,"template":"","format":"standard","meta":{"footnotes":""},"categories":[23],"tags":[],"class_list":["post-498176","post","type-post","status-publish","format-standard","has-post-thumbnail","hentry","category-latinoamerica"],"_links":{"self":[{"href":"https:\/\/diarioelpopular.com\/index.php\/wp-json\/wp\/v2\/posts\/498176","targetHints":{"allow":["GET"]}}],"collection":[{"href":"https:\/\/diarioelpopular.com\/index.php\/wp-json\/wp\/v2\/posts"}],"about":[{"href":"https:\/\/diarioelpopular.com\/index.php\/wp-json\/wp\/v2\/types\/post"}],"author":[{"embeddable":true,"href":"https:\/\/diarioelpopular.com\/index.php\/wp-json\/wp\/v2\/users\/99"}],"replies":[{"embeddable":true,"href":"https:\/\/diarioelpopular.com\/index.php\/wp-json\/wp\/v2\/comments?post=498176"}],"version-history":[{"count":1,"href":"https:\/\/diarioelpopular.com\/index.php\/wp-json\/wp\/v2\/posts\/498176\/revisions"}],"predecessor-version":[{"id":498178,"href":"https:\/\/diarioelpopular.com\/index.php\/wp-json\/wp\/v2\/posts\/498176\/revisions\/498178"}],"wp:featuredmedia":[{"embeddable":true,"href":"https:\/\/diarioelpopular.com\/index.php\/wp-json\/wp\/v2\/media\/498177"}],"wp:attachment":[{"href":"https:\/\/diarioelpopular.com\/index.php\/wp-json\/wp\/v2\/media?parent=498176"}],"wp:term":[{"taxonomy":"category","embeddable":true,"href":"https:\/\/diarioelpopular.com\/index.php\/wp-json\/wp\/v2\/categories?post=498176"},{"taxonomy":"post_tag","embeddable":true,"href":"https:\/\/diarioelpopular.com\/index.php\/wp-json\/wp\/v2\/tags?post=498176"}],"curies":[{"name":"wp","href":"https:\/\/api.w.org\/{rel}","templated":true}]}}