{"id":498209,"date":"2021-06-10T11:54:44","date_gmt":"2021-06-10T15:54:44","guid":{"rendered":"https:\/\/diarioelpopular.com\/?p=498209"},"modified":"2021-06-10T11:54:44","modified_gmt":"2021-06-10T15:54:44","slug":"colombia-hrw-apunta-contra-policia-y-autoridades","status":"publish","type":"post","link":"https:\/\/diarioelpopular.com\/index.php\/2021\/06\/10\/colombia-hrw-apunta-contra-policia-y-autoridades\/","title":{"rendered":"Colombia, HRW apunta contra polic\u00eda y autoridades"},"content":{"rendered":"<p><img loading=\"lazy\" decoding=\"async\" class=\"alignnone size-custom-full-size wp-image-498210\" src=\"https:\/\/diarioelpopular.com\/wp-content\/uploads\/2021\/06\/462657e6da1410d6bb20538f82bae4bf-636x406.jpg\" alt=\"\" width=\"636\" height=\"406\" srcset=\"https:\/\/diarioelpopular.com\/wp-content\/uploads\/2021\/06\/462657e6da1410d6bb20538f82bae4bf-636x406.jpg 636w, https:\/\/diarioelpopular.com\/wp-content\/uploads\/2021\/06\/462657e6da1410d6bb20538f82bae4bf-300x191.jpg 300w, https:\/\/diarioelpopular.com\/wp-content\/uploads\/2021\/06\/462657e6da1410d6bb20538f82bae4bf-768x490.jpg 768w, https:\/\/diarioelpopular.com\/wp-content\/uploads\/2021\/06\/462657e6da1410d6bb20538f82bae4bf-85x55.jpg 85w, https:\/\/diarioelpopular.com\/wp-content\/uploads\/2021\/06\/462657e6da1410d6bb20538f82bae4bf-114x73.jpg 114w, https:\/\/diarioelpopular.com\/wp-content\/uploads\/2021\/06\/462657e6da1410d6bb20538f82bae4bf.jpg 945w\" sizes=\"auto, (max-width: 636px) 100vw, 636px\" \/><\/p>\n<p><em>Protestas contra el gobierno de Iv\u00e1n Duque en Colombia<\/em><\/p>\n<p><em>(foto: EPA)<\/em><\/p>\n<p>Human Rights Watch (HRW) present\u00f3 este mi\u00e9rcoles un informe sobre las protestas sociales en Colombia en el que se\u00f1al\u00f3 a la polic\u00eda local de ejercer actos violentos y desmesurados sobre los manifestantes, al tiempo que cuestion\u00f3 la labor del gobierno y de las autoridades.<\/p>\n<p>&#8220;Las violaciones a los derechos humanos cometidas por la polic\u00eda en Colombia no son incidentes aislados de agentes indisciplinados, sino el resultado de fallas estructurales profundas&#8221;, afirm\u00f3 Jos\u00e9 Miguel Vivanco, director para las Am\u00e9ricas de HRW, durante la presentaci\u00f3n del informe en Washington. Pero al mismo tiempo omiti\u00f3 hablar del da\u00f1o causado a la propiedad y muertes de polic\u00eda a manos de los saqueadores y agitadores venidos locales y otros venidos de otros pa\u00edses para intentar desestabilizar el gobierno.<\/p>\n<p>Vivanco reclam\u00f3 una &#8220;reforma seria&#8221; de esa instituci\u00f3n que la separe del control del ministerio de Defensa al ministerio del Interior, con el fin de que se torne en una autoridad de orden civil, lo que le permitir\u00eda, entre otras, tener una mejor y adecuada supervisi\u00f3n de sus actuaciones.<\/p>\n<p>La oeneg\u00e9 afincada en la capital estadounidense elabor\u00f3 su informe con base en una extensa recopilaci\u00f3n de datos, tanto oficiales como obtenidos de manos de organizaciones civiles locales, y a partir de entrevistas con apenas 150 personas en 25 ciudades colombianas.<\/p>\n<p>El resultado de esa investigaci\u00f3n es un panorama oscuro que dej\u00f3 en evidencia que la respuesta del gobierno al paro nacional que inici\u00f3 el 28 de abril, luego de la presentaci\u00f3n del Ejecutivo de una desacertada reforma tributaria, fue desacertada y brill\u00f3 la brutalidad policiaca.<\/p>\n<p>HRW asegur\u00f3 tener &#8220;denuncias cre\u00edbles&#8221; de 68 muertes desde el inicio de las protestas, de las cuales 34 ocurrieron en el &#8220;contexto&#8221; del paro nacional.<\/p>\n<p>Al menos 20 de las personas fueron asesinadas presuntamente por miembros de la polic\u00eda.<\/p>\n<p>En ese contexto, la organizaci\u00f3n no gubernamental reclam\u00f3 de las autoridades &#8220;investigaciones prontas, independientes y rigurosas&#8221; sobre el &#8220;abuso policial&#8221; y otros &#8220;hechos de violencia&#8221;, incluida la desidia de los uniformados frente a los ataques con armas de fuego de civiles contra manifestantes.<\/p>\n<p>En su listado de males, HRW resalt\u00f3 que los 1.100 civiles heridos reportados por el ministerio de Defensa podr\u00edan ser muchos m\u00e1s, puesto que no hubo de denuncias de otra cantidad importante de agresiones.<\/p>\n<p>Dijo tener documentaci\u00f3n de al menos nueve personas con &#8220;lesiones oculares graves&#8221; por disparos de la polic\u00eda.<\/p>\n<p>A esos datos se suman dos casos de violaci\u00f3n sexual, 11 agresiones sexuales y 71 actos de violencia basada en g\u00e9nero, todos atribuidos a patrulleros, adem\u00e1s de 17 golpistas violentas por parte de uniformados a manifestantes, una de las cuales llev\u00f3 a la muerte a un joven de 24 a\u00f1os.<\/p>\n<p>En las protestas tambi\u00e9n resultaron heridos m\u00e1s de 1.200 uniformados, dos polic\u00edas murieron y una patrullera fue violada, hechos que Vivanco tambi\u00e9n rechaz\u00f3 y critic\u00f3.<\/p>\n<p>&#8220;La violencia contra polic\u00edas y los bloqueos que impidan el acceso a alimentos o servicios de salud son absolutamente injustificables, pero no pueden ser un pretexto para la brutalidad policial&#8221;, recalc\u00f3 el director para las Am\u00e9ricas de HRW, citado en el informe.<\/p>\n<p>La oeneg\u00e9 record\u00f3 que el pasado 6 de junio el presidente Iv\u00e1n Duque anunci\u00f3 una reforma a la polic\u00eda, de la cual exalt\u00f3 los cambios al sistema disciplinario con la advertencia de que podr\u00edan &#8220;prevenir y sancionar&#8221; a miembros de la polic\u00eda abusivos, al tiempo que calific\u00f3 de &#8220;cosm\u00e9ticas&#8221; varias de los otras enmiendas.<\/p>\n<p>HRW critic\u00f3 el uso indebido de armas letales y de dispersi\u00f3n por parte de la polic\u00eda, incluido el sistema Venom que dispara hasta 30 gases lacrim\u00f3genos, de humo y aturdidoras no solo en forma parab\u00f3lica, sino con \u00e1ngulos menores lo que pone en riesgo a los manifestantes.<\/p>\n<p>Sobre la labor de las autoridades frente a los abusos policiales, la organizaci\u00f3n afirm\u00f3 que hasta el 4 de junio la Fiscal\u00eda solo hab\u00eda acusado a un polic\u00eda , mientras que la justicia penal militar adelantaba 34 investigaciones a uniformados y al interior de esa fuerza se abrieron 117 indagaciones disciplinarias, entre otros datos.<\/p>\n<p>HRW critic\u00f3 la desmesura de las acusaciones por &#8220;terrorismo&#8221; contra manifestantes por parte de fiscales, basados en testimonios y dichos de polic\u00edas, sin pruebas concretas de esas acusaciones. Aunque agitadores extranjeros han sido detenidos por la fuerza p\u00fablica.<\/p>\n<p>Finalmente, la oeneg\u00e9 list\u00f3 una serie de recomendaciones dirigidas al gobierno, al Congreso, a organismos de control y juzgamiento, adem\u00e1s de la Defensor\u00eda del Pueblo.<\/p>\n<p>A la administraci\u00f3n de Duque le pidi\u00f3 en concreto condenar de &#8220;forma inequ\u00edvoca&#8221; las &#8220;violaciones de derechos humanos&#8221; por parte de la polic\u00eda, incluido el &#8220;uso excesivo de la fuerza y la violencia sexual&#8221;.<\/p>\n<p>Tambi\u00e9n le exigi\u00f3 al gobierno &#8220;una disculpa, en nombre del Estado colombiano, por abusos policiales cometidos durante las protestas&#8221; y lo conmin\u00f3 a abandonar el lenguaje &#8220;estigmatizante&#8221; del que han hecho uso algunos de sus funcionarios para referirse a los manifestante, entre otras sugerencias.<\/p>\n","protected":false},"excerpt":{"rendered":"<p>Protestas contra el gobierno de Iv\u00e1n Duque en Colombia (foto: EPA) Human Rights Watch (HRW) present\u00f3 este mi\u00e9rcoles un informe sobre las protestas sociales en&hellip;<\/p>\n","protected":false},"author":99,"featured_media":498210,"comment_status":"open","ping_status":"open","sticky":false,"template":"","format":"standard","meta":{"footnotes":""},"categories":[23],"tags":[],"class_list":["post-498209","post","type-post","status-publish","format-standard","has-post-thumbnail","hentry","category-latinoamerica"],"_links":{"self":[{"href":"https:\/\/diarioelpopular.com\/index.php\/wp-json\/wp\/v2\/posts\/498209","targetHints":{"allow":["GET"]}}],"collection":[{"href":"https:\/\/diarioelpopular.com\/index.php\/wp-json\/wp\/v2\/posts"}],"about":[{"href":"https:\/\/diarioelpopular.com\/index.php\/wp-json\/wp\/v2\/types\/post"}],"author":[{"embeddable":true,"href":"https:\/\/diarioelpopular.com\/index.php\/wp-json\/wp\/v2\/users\/99"}],"replies":[{"embeddable":true,"href":"https:\/\/diarioelpopular.com\/index.php\/wp-json\/wp\/v2\/comments?post=498209"}],"version-history":[{"count":1,"href":"https:\/\/diarioelpopular.com\/index.php\/wp-json\/wp\/v2\/posts\/498209\/revisions"}],"predecessor-version":[{"id":498211,"href":"https:\/\/diarioelpopular.com\/index.php\/wp-json\/wp\/v2\/posts\/498209\/revisions\/498211"}],"wp:featuredmedia":[{"embeddable":true,"href":"https:\/\/diarioelpopular.com\/index.php\/wp-json\/wp\/v2\/media\/498210"}],"wp:attachment":[{"href":"https:\/\/diarioelpopular.com\/index.php\/wp-json\/wp\/v2\/media?parent=498209"}],"wp:term":[{"taxonomy":"category","embeddable":true,"href":"https:\/\/diarioelpopular.com\/index.php\/wp-json\/wp\/v2\/categories?post=498209"},{"taxonomy":"post_tag","embeddable":true,"href":"https:\/\/diarioelpopular.com\/index.php\/wp-json\/wp\/v2\/tags?post=498209"}],"curies":[{"name":"wp","href":"https:\/\/api.w.org\/{rel}","templated":true}]}}