{"id":498212,"date":"2021-06-10T11:57:40","date_gmt":"2021-06-10T15:57:40","guid":{"rendered":"https:\/\/diarioelpopular.com\/?p=498212"},"modified":"2021-06-10T11:57:40","modified_gmt":"2021-06-10T15:57:40","slug":"en-chile-desastre-sanitario","status":"publish","type":"post","link":"https:\/\/diarioelpopular.com\/index.php\/2021\/06\/10\/en-chile-desastre-sanitario\/","title":{"rendered":"En Chile, &#8220;desastre sanitario&#8221;"},"content":{"rendered":"<h4><img loading=\"lazy\" decoding=\"async\" class=\"alignnone size-custom-full-size wp-image-498213\" src=\"https:\/\/diarioelpopular.com\/wp-content\/uploads\/2021\/06\/977dbc5a421ca04f362eee6c616821b3-636x423.jpg\" alt=\"\" width=\"636\" height=\"423\" srcset=\"https:\/\/diarioelpopular.com\/wp-content\/uploads\/2021\/06\/977dbc5a421ca04f362eee6c616821b3-636x423.jpg 636w, https:\/\/diarioelpopular.com\/wp-content\/uploads\/2021\/06\/977dbc5a421ca04f362eee6c616821b3-300x200.jpg 300w, https:\/\/diarioelpopular.com\/wp-content\/uploads\/2021\/06\/977dbc5a421ca04f362eee6c616821b3-768x511.jpg 768w, https:\/\/diarioelpopular.com\/wp-content\/uploads\/2021\/06\/977dbc5a421ca04f362eee6c616821b3-110x73.jpg 110w, https:\/\/diarioelpopular.com\/wp-content\/uploads\/2021\/06\/977dbc5a421ca04f362eee6c616821b3.jpg 945w\" sizes=\"auto, (max-width: 636px) 100vw, 636px\" \/><\/h4>\n<p><em>En Chile, &#8220;desastre sanitario&#8221; (foto: ANSA)<\/em><\/p>\n<h4><em><strong>Sistema colapsado, insisten m\u00e9dicos y trabajadores de la salud<\/strong><\/em><\/h4>\n<p><em><strong>SANTIAGO DE CHILE, 10 JUN-<\/strong><\/em> Chile vive un &#8220;desastre sanitario&#8221;, dijeron hoy diversos m\u00e9dicos y trabajadores del sector salud, mientras las cifras de contagio por Covid-19 contin\u00faan muy altas, baten r\u00e9cords de positividad y el uso de camas cr\u00edticas bordea el 98% y 99% en muchos hospitales y cl\u00ednicas.<br \/>\nLas autoridades sanitarias chilenas reportaron hoy 5.369 nuevos casos de coronavirus con una alta tasa de positividad de los ex\u00e1menes PCR que alcanz\u00f3 al 11% y que en Santiago super\u00f3 el 13%.<br \/>\nSeg\u00fan el informe diario del Departamento de Estad\u00edsticas e Informaci\u00f3n de Salud, la ocupaci\u00f3n de camas cr\u00edticas complet\u00f3 cinco d\u00edas en alza.<br \/>\nLa informaci\u00f3n oficial indic\u00f3 que el sistema de camas cr\u00edticas cuenta con 4.498 unidades de las cuales 149 est\u00e1n libres, pero numerosos voceros m\u00e9dicos ponen en duda esta \u00faltima cifra.<br \/>\n&#8220;La poblaci\u00f3n ya no soporta m\u00e1s muertes. Ya tenemos camas de urgencia convertidas en camas cr\u00edticas. La semana pasada en Santiago debieron cerrarse ocho establecimientos de urgencia. En varios centros de atenci\u00f3n primaria de salud las camillas se convirtieron en camas de hospitalizados&#8221;, declar\u00f3 el m\u00e9dico de urgencia del hospital cl\u00ednico de la Universidad de Chile, Yuc Ram\u00f3n Kong.<br \/>\n&#8220;Con cifras muy altas, enorme positividad y falta de camas cr\u00edticas, Chile vive un desastre sanitario&#8221;, afirm\u00f3 Kong en declaraciones a Chilevisi\u00f3n.<br \/>\nEl m\u00e9dico inst\u00f3 al gobierno a &#8220;poner el acento en evitar los contagios&#8221; y puso como ejemplo que para hacer frente a la variante Delta (ex India) &#8220;no se saca nada con mantener las fronteras cerradas mientras sigue abierto el aeropuerto&#8221;.<br \/>\nLa presidenta de la Confederaci\u00f3n Nacional de Trabajadores de la Salud, Patricia Valderas, reiter\u00f3 el llamado a las autoridades sanitarias a retirar el reci\u00e9n creado Pase de Movilidad &#8220;porque no es el momento adecuado para dar rienda suelta al desplazamiento de la gente ni tampoco a los aforos&#8221;.<br \/>\nSubray\u00f3 que el sistema de salud &#8220;est\u00e1 colapsado y no al 100% sino al 300%. Que no lo quieran admitir es una falta de responsabilidad tremenda, porque el Estado est\u00e1 incumpliendo su deber de velar por la integridad de la gente&#8221;.<br \/>\nLa dirigente gremial se\u00f1al\u00f3 a radio B\u00edo B\u00edo que &#8220;el peor de los escenarios de la pandemia lleg\u00f3, ya no quedan camas en la regi\u00f3n Metropolitana y en varias regiones. Ya no tenemos como atender ninguna patolog\u00eda que requiera hospitalizaci\u00f3n&#8221;.<br \/>\nValderas cont\u00f3 que esta baja disponibilidad oblig\u00f3 a internar a pacientes de Covid-19 que las requieren al interior de los consultorios y otros centros de atenci\u00f3n primaria de salud &#8220;solo para mantenerlos con ox\u00edgeno y que no se mueran en su casa&#8221;.<br \/>\n&#8220;El ministro de Salud, Enrique Paris, est\u00e1 al tanto de nuestras denuncias, pero insiste en liberar la movilidad de la gente&#8221;, acot\u00f3.<br \/>\nSeg\u00fan Paris, &#8220;no se ha demostrado que el Pase de movilidad ha provocado un aumento de las cifras&#8221;.<br \/>\nEn su interpretaci\u00f3n, desde que se anunci\u00f3 el pase de movilidad se increment\u00f3 &#8220;de forma impresionante&#8221; la cantidad de personas que acuden a vacunarse porque ese permiso es &#8220;un est\u00edmulo muy poderoso para ir a vacunarse&#8221;.<br \/>\nEmpero admiti\u00f3 que &#8220;la red est\u00e1 muy tensionada y esperamos que esto se mantenga tensionado entre 10 y 15 d\u00edas m\u00e1s&#8221;.<br \/>\nLa doctora Carolina Asenjo estim\u00f3 hoy que la ocupaci\u00f3n de camas cr\u00edticas se sit\u00faa entre el 98% y el 99%.<br \/>\nEl presidente del Colegio M\u00e9dico de Valpara\u00edso, Luis Ignacio de la Torre, insisti\u00f3 en la necesidad de &#8220;cambiar la forma de enfrentar la pandemia&#8221;.<br \/>\nJuan Carlos Saieh, m\u00e9dico de la ciudad de Concepci\u00f3n, advirti\u00f3 que s\u00f3lo el 40% de los chilenos est\u00e1n vacunados con dos dosis y urgi\u00f3 a acelerar el procedimiento sobre todo entre los chilenos de menor edad.<br \/>\nEn su opini\u00f3n, el sistema sanitario chileno &#8220;est\u00e1 desbordado y las pr\u00f3ximas dos semanas van a ser mucho peores&#8221;.<br \/>\nTodas estas advertencias se formulan cuando en Chile hay un total de 44.757 casos de contagios activos, lo que significa que est\u00e1n en condiciones de transmitir el coronavirus a otras personas.<br \/>\nSeg\u00fan el centro de estudios Clapes de la Universidad Cat\u00f3lica, en Chile hay un nuevo m\u00e1ximo de aumento de casos semanales los cuales llegaron a 7.316 con un aumento semanal de 17%.<br \/>\nA la fecha, hay 3.279 pacientes contagiados internados en camas cr\u00edticas de los cuales un 85% requiere ventilaci\u00f3n mec\u00e1nica.<br \/>\nEn el plazo de un a\u00f1o, en Chile se pas\u00f3 de 1.500 camas cr\u00edticas a las actuales 4.500, pero es muy dif\u00edcil elevar ese n\u00famero hasta 5.000 no solo por problemas de infraestructura sino del personal que se requiere para manejar estas instancias de emergencia.<\/p>\n","protected":false},"excerpt":{"rendered":"<p>En Chile, &#8220;desastre sanitario&#8221; (foto: ANSA) Sistema colapsado, insisten m\u00e9dicos y trabajadores de la salud SANTIAGO DE CHILE, 10 JUN- Chile vive un &#8220;desastre sanitario&#8221;,&hellip;<\/p>\n","protected":false},"author":99,"featured_media":498213,"comment_status":"open","ping_status":"open","sticky":false,"template":"","format":"standard","meta":{"footnotes":""},"categories":[23],"tags":[],"class_list":["post-498212","post","type-post","status-publish","format-standard","has-post-thumbnail","hentry","category-latinoamerica"],"_links":{"self":[{"href":"https:\/\/diarioelpopular.com\/index.php\/wp-json\/wp\/v2\/posts\/498212","targetHints":{"allow":["GET"]}}],"collection":[{"href":"https:\/\/diarioelpopular.com\/index.php\/wp-json\/wp\/v2\/posts"}],"about":[{"href":"https:\/\/diarioelpopular.com\/index.php\/wp-json\/wp\/v2\/types\/post"}],"author":[{"embeddable":true,"href":"https:\/\/diarioelpopular.com\/index.php\/wp-json\/wp\/v2\/users\/99"}],"replies":[{"embeddable":true,"href":"https:\/\/diarioelpopular.com\/index.php\/wp-json\/wp\/v2\/comments?post=498212"}],"version-history":[{"count":1,"href":"https:\/\/diarioelpopular.com\/index.php\/wp-json\/wp\/v2\/posts\/498212\/revisions"}],"predecessor-version":[{"id":498214,"href":"https:\/\/diarioelpopular.com\/index.php\/wp-json\/wp\/v2\/posts\/498212\/revisions\/498214"}],"wp:featuredmedia":[{"embeddable":true,"href":"https:\/\/diarioelpopular.com\/index.php\/wp-json\/wp\/v2\/media\/498213"}],"wp:attachment":[{"href":"https:\/\/diarioelpopular.com\/index.php\/wp-json\/wp\/v2\/media?parent=498212"}],"wp:term":[{"taxonomy":"category","embeddable":true,"href":"https:\/\/diarioelpopular.com\/index.php\/wp-json\/wp\/v2\/categories?post=498212"},{"taxonomy":"post_tag","embeddable":true,"href":"https:\/\/diarioelpopular.com\/index.php\/wp-json\/wp\/v2\/tags?post=498212"}],"curies":[{"name":"wp","href":"https:\/\/api.w.org\/{rel}","templated":true}]}}