{"id":498251,"date":"2021-06-12T11:46:27","date_gmt":"2021-06-12T15:46:27","guid":{"rendered":"https:\/\/diarioelpopular.com\/?p=498251"},"modified":"2021-06-12T11:46:27","modified_gmt":"2021-06-12T15:46:27","slug":"colombia-santos-pide-perdon-por-los-falsos-positivos","status":"publish","type":"post","link":"https:\/\/diarioelpopular.com\/index.php\/2021\/06\/12\/colombia-santos-pide-perdon-por-los-falsos-positivos\/","title":{"rendered":"Colombia: Santos pide perd\u00f3n por los &#8220;falsos positivos&#8221;"},"content":{"rendered":"<p><img loading=\"lazy\" decoding=\"async\" class=\"alignnone size-custom-full-size wp-image-498252\" src=\"https:\/\/diarioelpopular.com\/wp-content\/uploads\/2021\/06\/819c0eec5e1952faae519a9c0b613079-636x406.jpg\" alt=\"\" width=\"636\" height=\"406\" srcset=\"https:\/\/diarioelpopular.com\/wp-content\/uploads\/2021\/06\/819c0eec5e1952faae519a9c0b613079-636x406.jpg 636w, https:\/\/diarioelpopular.com\/wp-content\/uploads\/2021\/06\/819c0eec5e1952faae519a9c0b613079-300x191.jpg 300w, https:\/\/diarioelpopular.com\/wp-content\/uploads\/2021\/06\/819c0eec5e1952faae519a9c0b613079-768x490.jpg 768w, https:\/\/diarioelpopular.com\/wp-content\/uploads\/2021\/06\/819c0eec5e1952faae519a9c0b613079-85x55.jpg 85w, https:\/\/diarioelpopular.com\/wp-content\/uploads\/2021\/06\/819c0eec5e1952faae519a9c0b613079-114x73.jpg 114w, https:\/\/diarioelpopular.com\/wp-content\/uploads\/2021\/06\/819c0eec5e1952faae519a9c0b613079.jpg 945w\" sizes=\"auto, (max-width: 636px) 100vw, 636px\" \/><\/p>\n<p><em>Juan Manuel Santos, expresidente de Colombia<\/em><\/p>\n<p><em><strong>BOGOTA 12 JUN &#8211;<\/strong><\/em>\u00a0El expresidente colombiano y Nobel de Paz, Juan Manuel Santos, pidi\u00f3 &#8220;perd\u00f3n&#8221; a las madres de las v\u00edctimas de los cr\u00edmenes extrajudiciales cometidos por militares, cuando se desempe\u00f1\u00f3 como ministro de Defensa, durante el gobierno de Alvaro Uribe.<\/p>\n<p>Santos habl\u00f3 este viernes ante el pleno de la Comisi\u00f3n de la Verdad, organismo creado por el acuerdo de paz con las FARC que \u00e9l impuls\u00f3, en el marco de las indagaciones que se adelantan para conocer lo sucedido alrededor de estos cr\u00edmenes conocidos localmente como &#8220;falsos positivos&#8221;.<br \/>\n&#8220;Me queda el remordimiento, me queda el hondo pesar, que durante mi ministerio muchas madres, much\u00edsimas madres, incluidas las de Soacha, perdieron a sus hijos por esta pr\u00e1ctica tan despiadada&#8221;, afirm\u00f3 el exmandatario en audiencia p\u00fablica.<br \/>\n&#8220;Unos j\u00f3venes inocentes \u2014continu\u00f3 Santos\u2014 que hoy deber\u00edan estar vivos. Eso nunca ha debido pasar. Lo reconozco y les pido perd\u00f3n a todas las madres y a todas sus familias v\u00edctimas de este horror, desde lo mas profundo de mi alma. Que esto nunca, nunca, vuelva a pasar&#8221;, urgi\u00f3.<br \/>\nAl menos 6.402 personas fueron asesinadas entre 2002 y 2008 por parte de militares. Se trataba en su mayor\u00eda de delincuentes j\u00f3venes de barrios empobrecidos que enga\u00f1ados con ofertas de trabajo eran trasladados a sitios distintos a su residencia para asesinarlos y hacerlos pasar como supuestos guerrilleros muertos en combate. Un proceso que muchos denominaron como &#8220;limpieza social&#8221;.<br \/>\nLos militares acud\u00edan a estos cr\u00edmenes para presentar cifras de su supuesta lucha antisubversiva y a cambio los uniformados recib\u00edan est\u00edmulos y permisos.<br \/>\nEstos cr\u00edmenes ocurrieron durante el gobierno de Alvaro Uribe (2002-2008), del que Santos fue su ministro de Defensa entre 2006 y 2009.<br \/>\nEl expresidente atribuy\u00f3 estos asesinatos extrajudiciales a la presi\u00f3n entonces ejercida sobre las tropas para presentar bajas en combate, en plena lucha que el Estado adelantaba contras las entonces FARC, en un periodo en el que le propin\u00f3 sendos golpes militares.<br \/>\n&#8220;No me cabe duda que el pecado original, lo que dio pie a estas atrocidades, fue la presi\u00f3n para producir bajas y todo lo que se teji\u00f3 alrededor de lo que muchos han llamado la doctrina Vietnam&#8221;, argument\u00f3.<br \/>\nSantos hizo un recuento sobre la manera en la que al interior del ministerio de Defensa se descubrieron estos casos, que en principio \u00e9l crey\u00f3 que se trataba de rumores que hac\u00edan parte de una supuesta &#8220;guerra&#8221; jur\u00eddica para desprestigiar a las tropas en momentos en que arreciaban y propinaban derrotas a las FARC.<br \/>\nSin embargo, una serie de investigaciones promovidas al interior de la cartera de Defensa revelaron que lo que figuraba como un rumor se convirti\u00f3 en una realidad, que caus\u00f3 un enorme desprestigio a las fuerzas militares.<br \/>\nRecord\u00f3 que cuando las pruebas fueron irrefutables, se orden\u00f3 la destituci\u00f3n de 20 oficiales, incluidos varios generales, y siete suboficiales del Ej\u00e9rcito, y argument\u00f3 que el expresidente Uribe no se opuso a ninguno de las decisiones que tom\u00f3 frente a estos delitos.<br \/>\n&#8220;En honor de la verdad tengo que decir que el presidente Uribe no se opuso al cambio de esta nefasta doctrina que \u00e9l mismo hab\u00eda estimulado. Nunca recib\u00ed una contraorden, ni fui desautorizado&#8221;, afirm\u00f3.<br \/>\nSantos asegur\u00f3 en su intervenci\u00f3n que el Ej\u00e9rcito de su pa\u00eds, frente a la &#8220;responsabilidad moral&#8221; que le cabe por permitir que esto se diera, deber\u00eda &#8220;pedir perd\u00f3n&#8221; y estim\u00f3 que una decisi\u00f3n en ese sentido le &#8220;har\u00eda un gran bien&#8221; a esa instituci\u00f3n.<br \/>\nEl expresidente le dijo a los comisionados que esta era &#8220;su verdad&#8221;, apoyada con una serie de documentos que entreg\u00f3 a la Comisi\u00f3n, y les pidi\u00f3 que su versi\u00f3n fuera contrastada con otras fuentes para que &#8220;nunca m\u00e1s se repitan estos hechos atroces&#8221;.<\/p>\n","protected":false},"excerpt":{"rendered":"<p>Juan Manuel Santos, expresidente de Colombia BOGOTA 12 JUN &#8211;\u00a0El expresidente colombiano y Nobel de Paz, Juan Manuel Santos, pidi\u00f3 &#8220;perd\u00f3n&#8221; a las madres de&hellip;<\/p>\n","protected":false},"author":99,"featured_media":498252,"comment_status":"open","ping_status":"open","sticky":false,"template":"","format":"standard","meta":{"footnotes":""},"categories":[23],"tags":[],"class_list":["post-498251","post","type-post","status-publish","format-standard","has-post-thumbnail","hentry","category-latinoamerica"],"_links":{"self":[{"href":"https:\/\/diarioelpopular.com\/index.php\/wp-json\/wp\/v2\/posts\/498251","targetHints":{"allow":["GET"]}}],"collection":[{"href":"https:\/\/diarioelpopular.com\/index.php\/wp-json\/wp\/v2\/posts"}],"about":[{"href":"https:\/\/diarioelpopular.com\/index.php\/wp-json\/wp\/v2\/types\/post"}],"author":[{"embeddable":true,"href":"https:\/\/diarioelpopular.com\/index.php\/wp-json\/wp\/v2\/users\/99"}],"replies":[{"embeddable":true,"href":"https:\/\/diarioelpopular.com\/index.php\/wp-json\/wp\/v2\/comments?post=498251"}],"version-history":[{"count":1,"href":"https:\/\/diarioelpopular.com\/index.php\/wp-json\/wp\/v2\/posts\/498251\/revisions"}],"predecessor-version":[{"id":498253,"href":"https:\/\/diarioelpopular.com\/index.php\/wp-json\/wp\/v2\/posts\/498251\/revisions\/498253"}],"wp:featuredmedia":[{"embeddable":true,"href":"https:\/\/diarioelpopular.com\/index.php\/wp-json\/wp\/v2\/media\/498252"}],"wp:attachment":[{"href":"https:\/\/diarioelpopular.com\/index.php\/wp-json\/wp\/v2\/media?parent=498251"}],"wp:term":[{"taxonomy":"category","embeddable":true,"href":"https:\/\/diarioelpopular.com\/index.php\/wp-json\/wp\/v2\/categories?post=498251"},{"taxonomy":"post_tag","embeddable":true,"href":"https:\/\/diarioelpopular.com\/index.php\/wp-json\/wp\/v2\/tags?post=498251"}],"curies":[{"name":"wp","href":"https:\/\/api.w.org\/{rel}","templated":true}]}}