{"id":498254,"date":"2021-06-12T11:48:43","date_gmt":"2021-06-12T15:48:43","guid":{"rendered":"https:\/\/diarioelpopular.com\/?p=498254"},"modified":"2021-06-12T11:48:43","modified_gmt":"2021-06-12T15:48:43","slug":"chile-con-colapso-hospitalario","status":"publish","type":"post","link":"https:\/\/diarioelpopular.com\/index.php\/2021\/06\/12\/chile-con-colapso-hospitalario\/","title":{"rendered":"Chile con colapso hospitalario"},"content":{"rendered":"<h4><img loading=\"lazy\" decoding=\"async\" class=\"alignnone size-custom-full-size wp-image-498255\" src=\"https:\/\/diarioelpopular.com\/wp-content\/uploads\/2021\/06\/d12637f09db5c6b3483a70d6228501ff-1-636x423.jpg\" alt=\"\" width=\"636\" height=\"423\" srcset=\"https:\/\/diarioelpopular.com\/wp-content\/uploads\/2021\/06\/d12637f09db5c6b3483a70d6228501ff-1-636x423.jpg 636w, https:\/\/diarioelpopular.com\/wp-content\/uploads\/2021\/06\/d12637f09db5c6b3483a70d6228501ff-1-300x200.jpg 300w, https:\/\/diarioelpopular.com\/wp-content\/uploads\/2021\/06\/d12637f09db5c6b3483a70d6228501ff-1-768x511.jpg 768w, https:\/\/diarioelpopular.com\/wp-content\/uploads\/2021\/06\/d12637f09db5c6b3483a70d6228501ff-1-110x73.jpg 110w, https:\/\/diarioelpopular.com\/wp-content\/uploads\/2021\/06\/d12637f09db5c6b3483a70d6228501ff-1.jpg 945w\" sizes=\"auto, (max-width: 636px) 100vw, 636px\" \/><\/h4>\n<p><em>M\u00e1s y m\u00e1s casos de Covid, Santiago y su periferia al l\u00edmite sanitario <\/em><\/p>\n<h4><em><strong>Ocupaci\u00f3n de camas cr\u00edticas en nivel r\u00e9cord<\/strong><\/em><\/h4>\n<p><em><strong>SANTIAGO DE CHILE, 12 JUN &#8211;<\/strong><\/em> La cuarentena total que dispusieron las autoridades sanitarias para la regi\u00f3n Metropolitana a partir de ma\u00f1ana no tiene otro objetivo que desocupar las camas cr\u00edticas de hospitales y cl\u00ednicas que han debido cerrar sus servicios de urgencia por la incapacidad de poder recibir m\u00e1s pacientes.<br \/>\nEn un acto de indiferencia de lo que vive el sector salud, el sector oriente de la capital chilena vivi\u00f3 un d\u00eda de caos con gente yendo a los grandes centros comerciales para hacer sus \u00faltimas compras presenciales, ni siquiera de bienes esenciales, y el tr\u00e1fico vial se torn\u00f3 insoportable a toda hora del d\u00eda.<br \/>\nSeg\u00fan una versi\u00f3n del diario La Tercera, el confinamiento total ser\u00e1 por dos semanas para descomprimir a las Unidades de Cuidados Intensivos (UCI), pues la autoridad conf\u00eda que el avance de la vacunaci\u00f3n permitir\u00e1 concretar la ansiada inmunidad reba\u00f1o.<br \/>\n&#8220;Si todo sale bien, esta cuarentena podr\u00eda ser la \u00faltima.<br \/>\nEsa es la apuesta del gobierno frente a la decisi\u00f3n de hacer retroceder a la Regi\u00f3n Metropolitana, completa, a la fase de cuarentena&#8221;, se\u00f1al\u00f3 el portal del matutino.<br \/>\nEl Ministerio de Salud report\u00f3 hoy 7.972 casos nuevos de Covid-19 mientras los casos activos, el total de personas con capacidad de contagiar el virus lleg\u00f3 a 47.777, la tercera cifra m\u00e1s alta del mes.<br \/>\nEsta jornada se transform\u00f3 adem\u00e1s en la tercera de lo que va de junio en la cual el pa\u00eds suma m\u00e1s de 7 mil casos de la enfermedad (6 de junio 7.768 y 10 de junio 7.716), por debajo de los 8.867 del s\u00e1bado 5, los 8.273 del viernes 4 y los 8.150 del jueves 3.<br \/>\nEl Minsal confirm\u00f3 el alza en la cantidad de contagios en la regi\u00f3n Metropolitana, con 3.647 diagn\u00f3sticos, que sumado al de ayer de 3.738, difieren de los 2.750 y 2.598 casos del mi\u00e9rcoles 9 y martes 8.<br \/>\nEs decir, el 45,74% de los casos reportados este viernes proviene de la regi\u00f3n Metropolitana, donde la positividad de PCR lleg\u00f3 hoy al 11%, por sobre la cifra pa\u00eds (9,20%).<br \/>\nLa segunda regi\u00f3n con m\u00e1s contagios es la aleda\u00f1a Valpara\u00edso (719), seguida de la sure\u00f1a Biob\u00edo (564), ambas con 10% y 7% de positividad en test PCR, respectivamente.<br \/>\nDe acuerdo al Minsal, Chile volvi\u00f3 a superar los 3.300 pacientes internados con Covid-19 en UCI, con 3.312 personas en estado cr\u00edtico por el virus.<br \/>\nEl \u00faltimo d\u00eda que se registr\u00f3 una ocupaci\u00f3n por sobre esa barrera fue el 4 de abril (3.303), mientras el m\u00e1ximo hist\u00f3rico se produjo el 27 de abril (3.406 hospitalizados).<br \/>\nLos expertos advierten que el hemisferio sur tiene en contra la llegada del invierno, lo que implica una dificultad adicional para la contenci\u00f3n de los virus, pero en el gobierno colocan como ejemplo a la austral regi\u00f3n de Magallanes, donde, tras cruzarse el umbral del 80% de las personas vacunadas con una dosis, los contagios comenzaron r\u00e1pidamente a descender.<br \/>\nHasta ahora, en el pa\u00eds cerca de 14 millones de personas han recibido una primera dosis, mientras el 58,5% ya cuenta con las dos.<br \/>\n&#8220;Estas dos semanas ser\u00e1n clave. El invierno y el fr\u00edo juegan en contra, pero lo que estamos viendo en Magallanes es lo que esperamos se replique ac\u00e1. Estas semanas de apriete son por las camas cr\u00edticas, pero se ha dicho que el 70% de las personas que se est\u00e1n internando no est\u00e1n vacunadas, por lo que la idea es apurar el tranco, vacunar lo m\u00e1s que se pueda, tener una cuarentena corta, no m\u00e1s de dos semanas, y despu\u00e9s abrir paulatinamente&#8221;, se\u00f1al\u00f3 uno de los asistentes a las reuniones de salud de los d\u00edas jueves, seg\u00fan consign\u00f3 La Tercera.<br \/>\nSin embargo, el mismo medio advierte que si los n\u00fameros no ceden, el confinamiento se deber\u00e1 prolongar. &#8220;No se ponen plazos fijos, depende de la evoluci\u00f3n de la cuarentena, pero, claro, el ideal es que sean dos semanas. Siempre dijimos que quer\u00edamos cuarentenas cortas, eso desde hace meses, pero si la incidencia es muy alta o la comuna sigue subiendo contagios, se mantiene&#8221;.<br \/>\nLo ojos tambi\u00e9n est\u00e1n puestos en la poblaci\u00f3n m\u00e1s joven y adolescente, entre los 12 y 17 a\u00f1os, que el 21 de junio comenzara a inocularse, lo que deber\u00eda concluir a finales de julio. Si la adhesi\u00f3n es elevada, entre julio y agosto se podr\u00eda alcanzar al 70% de la poblaci\u00f3n total del pa\u00eds vacunada.<br \/>\nEl m\u00e9dico internista de la Cl\u00ednica Indisa, Sebasti\u00e1n Ugarte, comparti\u00f3 que para ser efectiva, la cuarentena requiere, al menos, dos semanas. &#8220;Reci\u00e9n al cabo de dos semanas se notan los primeros resultados de estas medidas&#8221;, dijo y que dependiendo de ello, &#8220;no es descartable que pudiera prolongarse un poco m\u00e1s all\u00e1 de esa fecha&#8221;. Adem\u00e1s, anot\u00f3, este encierro &#8220;debe ser bastante estricto, porque el efecto real que va a depender del cumplimiento de la disminuci\u00f3n de desplazamiento de la poblaci\u00f3n&#8221;.<\/p>\n","protected":false},"excerpt":{"rendered":"<p>M\u00e1s y m\u00e1s casos de Covid, Santiago y su periferia al l\u00edmite sanitario Ocupaci\u00f3n de camas cr\u00edticas en nivel r\u00e9cord SANTIAGO DE CHILE, 12 JUN&hellip;<\/p>\n","protected":false},"author":99,"featured_media":498255,"comment_status":"open","ping_status":"open","sticky":false,"template":"","format":"standard","meta":{"footnotes":""},"categories":[23],"tags":[],"class_list":["post-498254","post","type-post","status-publish","format-standard","has-post-thumbnail","hentry","category-latinoamerica"],"_links":{"self":[{"href":"https:\/\/diarioelpopular.com\/index.php\/wp-json\/wp\/v2\/posts\/498254","targetHints":{"allow":["GET"]}}],"collection":[{"href":"https:\/\/diarioelpopular.com\/index.php\/wp-json\/wp\/v2\/posts"}],"about":[{"href":"https:\/\/diarioelpopular.com\/index.php\/wp-json\/wp\/v2\/types\/post"}],"author":[{"embeddable":true,"href":"https:\/\/diarioelpopular.com\/index.php\/wp-json\/wp\/v2\/users\/99"}],"replies":[{"embeddable":true,"href":"https:\/\/diarioelpopular.com\/index.php\/wp-json\/wp\/v2\/comments?post=498254"}],"version-history":[{"count":1,"href":"https:\/\/diarioelpopular.com\/index.php\/wp-json\/wp\/v2\/posts\/498254\/revisions"}],"predecessor-version":[{"id":498256,"href":"https:\/\/diarioelpopular.com\/index.php\/wp-json\/wp\/v2\/posts\/498254\/revisions\/498256"}],"wp:featuredmedia":[{"embeddable":true,"href":"https:\/\/diarioelpopular.com\/index.php\/wp-json\/wp\/v2\/media\/498255"}],"wp:attachment":[{"href":"https:\/\/diarioelpopular.com\/index.php\/wp-json\/wp\/v2\/media?parent=498254"}],"wp:term":[{"taxonomy":"category","embeddable":true,"href":"https:\/\/diarioelpopular.com\/index.php\/wp-json\/wp\/v2\/categories?post=498254"},{"taxonomy":"post_tag","embeddable":true,"href":"https:\/\/diarioelpopular.com\/index.php\/wp-json\/wp\/v2\/tags?post=498254"}],"curies":[{"name":"wp","href":"https:\/\/api.w.org\/{rel}","templated":true}]}}