{"id":498269,"date":"2021-06-13T11:16:42","date_gmt":"2021-06-13T15:16:42","guid":{"rendered":"https:\/\/diarioelpopular.com\/?p=498269"},"modified":"2021-06-13T11:16:42","modified_gmt":"2021-06-13T15:16:42","slug":"cuba-con-cifras-epidemiologicas-extremas","status":"publish","type":"post","link":"https:\/\/diarioelpopular.com\/index.php\/2021\/06\/13\/cuba-con-cifras-epidemiologicas-extremas\/","title":{"rendered":"Cuba con cifras epidemiol\u00f3gicas &#8220;extremas&#8221;"},"content":{"rendered":"<div id=\"attachment_498270\" style=\"width: 646px\" class=\"wp-caption alignnone\"><img loading=\"lazy\" decoding=\"async\" aria-describedby=\"caption-attachment-498270\" class=\"size-custom-full-size wp-image-498270\" src=\"https:\/\/diarioelpopular.com\/wp-content\/uploads\/2021\/06\/ab1a67b7a50410a7d05888fb1dbefe78-636x418.jpg\" alt=\"\" width=\"636\" height=\"418\" srcset=\"https:\/\/diarioelpopular.com\/wp-content\/uploads\/2021\/06\/ab1a67b7a50410a7d05888fb1dbefe78-636x418.jpg 636w, https:\/\/diarioelpopular.com\/wp-content\/uploads\/2021\/06\/ab1a67b7a50410a7d05888fb1dbefe78-300x197.jpg 300w, https:\/\/diarioelpopular.com\/wp-content\/uploads\/2021\/06\/ab1a67b7a50410a7d05888fb1dbefe78-768x505.jpg 768w, https:\/\/diarioelpopular.com\/wp-content\/uploads\/2021\/06\/ab1a67b7a50410a7d05888fb1dbefe78-85x55.jpg 85w, https:\/\/diarioelpopular.com\/wp-content\/uploads\/2021\/06\/ab1a67b7a50410a7d05888fb1dbefe78-111x73.jpg 111w, https:\/\/diarioelpopular.com\/wp-content\/uploads\/2021\/06\/ab1a67b7a50410a7d05888fb1dbefe78.jpg 945w\" sizes=\"auto, (max-width: 636px) 100vw, 636px\" \/><p id=\"caption-attachment-498270\" class=\"wp-caption-text\">epa08654837 Women carry sunflowers to the church of Our Lady of Charity of El Cobre, in Havana, Cuba, 08 September 2020. A controversial comment by Deputy Mariela Castro, daughter of Raul Castro, and the call for a symbolic protest by the dissidents have politicized the celebration of Our Lady of Charity of El Cobre, patron saint of Cuba and one of the few symbols of union among Cubans. EPA\/Ernesto Mastrascusa<\/p><\/div>\n<p><em><strong>LA HABANA, 13 JUN &#8211;<\/strong> <\/em>Las estad\u00edsticas de la Covid-19 en Cuba son hoy &#8220;extremas&#8221; en especial los 30.444 hospitalizados y 6.806 casos activos actuales en todo el pa\u00eds, adem\u00e1s de 12 nuevos decesos.<br \/>\n&#8220;Son estad\u00edsticas extremas desde que comenz\u00f3 la pandemia&#8221;, coment\u00f3 una autoridad sanitaria nacional en la televisi\u00f3n nacional.<br \/>\nOtro r\u00e9cord divulgado el domingo y ocurrido el s\u00e1bado es el surgimiento de 1.470 casos en un solo d\u00eda, la m\u00e1s alta de la pandemia desde que surgi\u00f3 en la isla, que tiene poco m\u00e1s de 11 millones de habitantes.<br \/>\nLa propagaci\u00f3n es particularmente severa en el oeste del pa\u00eds, lista que encabeza La Habana con 422 nuevos casos, y 192 en Matanzas, demarcaci\u00f3n provincial tambi\u00e9n situada en el occidente.<br \/>\nEn el centro cubano se mantienen cifras estableces pero altas especialmente en Camag\u00fcey con 115 nuevos contagiados.<br \/>\nEn el este, en Santiago de Cuba, segunda provincia y ciudad de Cuba a m\u00e1s de 900 kil\u00f3metros al este de La Habana, surgieron 182 nuevos enfermos.<br \/>\nLas cuarentenas en toda la naci\u00f3n aumentaron hasta 427.<br \/>\nJunio report\u00f3 ya en sus primeros 12 d\u00edas 14,385 contagios y 122 muertes.<br \/>\nUn consejo sanitario hecho a la poblaci\u00f3n fue hoy mantener una conducta &#8220;responsable&#8221;.<br \/>\nUna especialista atribuy\u00f3 durante la rueda de prensa informativa televisada de esta ma\u00f1ana a tensas respuestas psicol\u00f3gicas y a condiciones habitacionales limitadas la indisciplina en el seno familiar.<br \/>\n&#8220;Incertidumbres, temor al contagio y dificultades para la alimentaci\u00f3n&#8221;, fueron considerados por la experta como factores negativos.<br \/>\nComo positivos subray\u00f3 &#8220;las seguridades sociales que ofrece el sistema cubano&#8221;.<br \/>\nReconoci\u00f3 que en el pa\u00eds se vive un &#8220;agotamiento pand\u00e9mico&#8221; por la prolongaci\u00f3n de la epidemia que causa &#8220;determinados conflictos en las relaciones familiares.<br \/>\nDesde el inicio de la pandemia en marzo resultaron infestados en Cuba 157,798 personas con 1,087 fallecimientos.<br \/>\nUn severo lapso de la epidemia ocurre en la naci\u00f3n desde el inicio de 2021 cuando el mes de m\u00e1s gravedad ha sido mayo con 35,701 contagios con 311 muertes.<\/p>\n","protected":false},"excerpt":{"rendered":"<p>LA HABANA, 13 JUN &#8211; Las estad\u00edsticas de la Covid-19 en Cuba son hoy &#8220;extremas&#8221; en especial los 30.444 hospitalizados y 6.806 casos activos actuales&hellip;<\/p>\n","protected":false},"author":99,"featured_media":498270,"comment_status":"open","ping_status":"open","sticky":false,"template":"","format":"standard","meta":{"footnotes":""},"categories":[23],"tags":[],"class_list":["post-498269","post","type-post","status-publish","format-standard","has-post-thumbnail","hentry","category-latinoamerica"],"_links":{"self":[{"href":"https:\/\/diarioelpopular.com\/index.php\/wp-json\/wp\/v2\/posts\/498269","targetHints":{"allow":["GET"]}}],"collection":[{"href":"https:\/\/diarioelpopular.com\/index.php\/wp-json\/wp\/v2\/posts"}],"about":[{"href":"https:\/\/diarioelpopular.com\/index.php\/wp-json\/wp\/v2\/types\/post"}],"author":[{"embeddable":true,"href":"https:\/\/diarioelpopular.com\/index.php\/wp-json\/wp\/v2\/users\/99"}],"replies":[{"embeddable":true,"href":"https:\/\/diarioelpopular.com\/index.php\/wp-json\/wp\/v2\/comments?post=498269"}],"version-history":[{"count":1,"href":"https:\/\/diarioelpopular.com\/index.php\/wp-json\/wp\/v2\/posts\/498269\/revisions"}],"predecessor-version":[{"id":498271,"href":"https:\/\/diarioelpopular.com\/index.php\/wp-json\/wp\/v2\/posts\/498269\/revisions\/498271"}],"wp:featuredmedia":[{"embeddable":true,"href":"https:\/\/diarioelpopular.com\/index.php\/wp-json\/wp\/v2\/media\/498270"}],"wp:attachment":[{"href":"https:\/\/diarioelpopular.com\/index.php\/wp-json\/wp\/v2\/media?parent=498269"}],"wp:term":[{"taxonomy":"category","embeddable":true,"href":"https:\/\/diarioelpopular.com\/index.php\/wp-json\/wp\/v2\/categories?post=498269"},{"taxonomy":"post_tag","embeddable":true,"href":"https:\/\/diarioelpopular.com\/index.php\/wp-json\/wp\/v2\/tags?post=498269"}],"curies":[{"name":"wp","href":"https:\/\/api.w.org\/{rel}","templated":true}]}}