{"id":498273,"date":"2021-06-13T11:47:31","date_gmt":"2021-06-13T15:47:31","guid":{"rendered":"https:\/\/diarioelpopular.com\/?p=498273"},"modified":"2021-06-13T11:47:31","modified_gmt":"2021-06-13T15:47:31","slug":"piden-mayores-derechos-para-los-trabajadores-migrantes-en-medio-de-muertes-en-el-trabajo-en-canada","status":"publish","type":"post","link":"https:\/\/diarioelpopular.com\/index.php\/2021\/06\/13\/piden-mayores-derechos-para-los-trabajadores-migrantes-en-medio-de-muertes-en-el-trabajo-en-canada\/","title":{"rendered":"Piden mayores derechos para los trabajadores migrantes en medio de muertes en el trabajo en Canad\u00e1"},"content":{"rendered":"<p><img loading=\"lazy\" decoding=\"async\" class=\"alignnone size-custom-full-size wp-image-498275\" src=\"https:\/\/diarioelpopular.com\/wp-content\/uploads\/2021\/06\/d532cdb665bc7905f79a958c7be5a0a1-636x434.jpg\" alt=\"\" width=\"636\" height=\"434\" srcset=\"https:\/\/diarioelpopular.com\/wp-content\/uploads\/2021\/06\/d532cdb665bc7905f79a958c7be5a0a1-636x434.jpg 636w, https:\/\/diarioelpopular.com\/wp-content\/uploads\/2021\/06\/d532cdb665bc7905f79a958c7be5a0a1-300x205.jpg 300w, https:\/\/diarioelpopular.com\/wp-content\/uploads\/2021\/06\/d532cdb665bc7905f79a958c7be5a0a1-768x524.jpg 768w, https:\/\/diarioelpopular.com\/wp-content\/uploads\/2021\/06\/d532cdb665bc7905f79a958c7be5a0a1-80x55.jpg 80w, https:\/\/diarioelpopular.com\/wp-content\/uploads\/2021\/06\/d532cdb665bc7905f79a958c7be5a0a1-107x73.jpg 107w, https:\/\/diarioelpopular.com\/wp-content\/uploads\/2021\/06\/d532cdb665bc7905f79a958c7be5a0a1.jpg 800w\" sizes=\"auto, (max-width: 636px) 100vw, 636px\" \/><\/p>\n<h4><em><strong>&#8211; Amanece en Batangas, una ciudad a m\u00e1s de cien kil\u00f3metros al norte de Manila, la capital de Filipinas, cuando Eric Guti\u00e9rrez recuerda los recuerdos de su mejor amigo de la universidad, Efren Reyes.<\/strong><\/em><\/h4>\n<h4><em><strong>&#8211; Ontario informa 530 nuevos casos de COVID-19, 7 muertes; 186K m\u00e1s vacunas administradas<\/strong><\/em><\/h4>\n<p><strong><em>EDMONTON.-<\/em> <\/strong>Reyes era inteligente y sin pretensiones, y jugaban al billar, com\u00edan comida r\u00e1pida y pasaban el rato a principios de la d\u00e9cada de 2000. Guti\u00e9rrez dice en broma que sin Reyes, probablemente habr\u00eda reprobado todos sus cursos.<\/p>\n<p>La \u00faltima vez que hablaron hace tres a\u00f1os, Reyes acababa de llegar a Canad\u00e1 y le cont\u00f3 sobre su nuevo trabajo como recolector de pollos y su esperanza de hacer del pa\u00eds un hogar permanente para su familia.<\/p>\n<p>Pero el 26 de mayo, mientras trabajaba en una granja av\u00edcola en Wetaskiwin, Alta., Reyes fue atropellado por una m\u00e1quina Bobcat y muri\u00f3 en el acto.<\/p>\n<p>\u201cHay mucha gente mala en el mundo\u201d, dice Guti\u00e9rrez en filipino. &#8220;\u00bfPor qu\u00e9 tiene que ser \u00e9l?&#8221;<\/p>\n<p>Reyes no fue el primer trabajador migrante en sufrir esta suerte.<\/p>\n<p>Seg\u00fan Syed Hussan, director ejecutivo de Migrant Workers Alliance for Change, no ha habido una evaluaci\u00f3n nacional sobre el n\u00famero de trabajadores migrantes que han muerto en el trabajo en Canad\u00e1. Sin embargo, a la sombra de la pandemia, estas muertes y los derechos de los migrantes han encontrado su camino a los debates p\u00fablicos.<\/p>\n<p>Migrant Workers Alliance dice que cuatro trabajadores migrantes han muerto de COVID-19 desde que comenz\u00f3 la pandemia en Canad\u00e1 el a\u00f1o pasado.<\/p>\n<p>Hussan dijo que solo en 2021, ha habido al menos 10 trabajadores migrantes que murieron por diversas causas en las granjas. Uno de ellos, el migrante mexicano Fausto Ramirez Plazas, muri\u00f3 de COVID-19.<\/p>\n<p>Ram\u00edrez Plazas lleg\u00f3 a Canad\u00e1 poco despu\u00e9s de que el primer ministro Justin Trudeau anunciara una cuarentena obligatoria de 14 d\u00edas para las llegadas internacionales. Cinco trabajadores, incluido Ram\u00edrez Plazas, murieron mientras estaban en cuarentena, pero no se ha realizado una evaluaci\u00f3n de las causas de muerte de los otros cuatro migrantes, dijo Hussan.<\/p>\n<p>Dijo que, sobre la base de las familias que solicitan asistencia a la organizaci\u00f3n y de los casos de los que se entera, el n\u00famero de muertes de trabajadores migrantes en los lugares de trabajo est\u00e1 muy poco informado. Los empleadores tienen m\u00e1s probabilidades de violar los derechos de estos trabajadores debido a su condici\u00f3n temporal y no reportan accidentes, dijo.<\/p>\n<p>En algunos casos, dijo, los trabajadores migrantes fueron enviados de regreso a su pa\u00eds de origen y terminaron muriendo fuera de Canad\u00e1. En otros casos, cuando los trabajadores migrantes desarrollan enfermedades, como c\u00e1ncer debido a a\u00f1os de exposici\u00f3n a pesticidas, son enviados de regreso a su pa\u00eds y no son invitados a regresar, dijo.<\/p>\n<p>&#8220;Es muy dif\u00edcil contar a todas las personas que han muerto como resultado directo de trabajar en Canad\u00e1&#8221;, dijo Hussan, pero cree que las cifras son &#8220;bastante asombrosas&#8221;.<\/p>\n<p>Cuando un trabajador migrante se lesiona, normalmente se supone que deben presentar un reclamo junto con su empleador a la junta de compensaci\u00f3n para trabajadores de su provincia. Sin embargo, Hussan dijo que hay poca o ninguna informaci\u00f3n en lo que respecta a los trabajadores migrantes lesionados o uno que d\u00e9 cuenta del n\u00famero de muertes.<\/p>\n<p>El gobierno federal, por otro lado, solo regula una serie de industrias, como los asistentes de l\u00edneas a\u00e9reas, los conductores de camiones interprovinciales y los empleados federales.<\/p>\n<p>Chris Ramsaroop es un organizador del grupo de defensa Justicia para los trabajadores migrantes. Dijo que en algunos casos, cuando un trabajador muere en el trabajo, la compensaci\u00f3n para trabajadores brinda apoyo a la familia.<\/p>\n<p>Dependiendo de la cantidad de a\u00f1os que la persona haya estado trabajando en Canad\u00e1, su familia tambi\u00e9n podr\u00eda obtener beneficios de sobrevivientes del plan de pensiones canadiense.<\/p>\n<p>&#8220;Tambi\u00e9n le corresponde al Ministerio de Trabajo provincial enjuiciar y responsabilizar a los empleadores&#8221;, agreg\u00f3 Ramsaroop.<\/p>\n<p>En el caso de Reyes, su familia recibir\u00e1 beneficios de su seguro de empleo y de la Overseas Workers Welfare Administration, de la que es miembro activo.<\/p>\n<p>Todos los trabajadores extranjeros temporales filipinos deben registrarse en OWWA antes de trabajar fuera de Filipinas para garantizar la cobertura en caso de fallecimiento. Tambi\u00e9n coordina la repatriaci\u00f3n de restos.<\/p>\n<p>El Consulado General de Filipinas en Calgary, Zaldy Patron, dijo que su oficina, junto con OWWA, est\u00e1 en contacto con el lugar de trabajo de Reyes, Elite Poultry Services, con respecto al apoyo a la familia de Reyes y a encontrar una funeraria para depositar su cuerpo antes de la repatriaci\u00f3n a Filipinas.<\/p>\n<p>En un comunicado, Elite Poultry Services dice que todav\u00eda est\u00e1 investigando el accidente y cooperando plenamente con las autoridades.<\/p>\n<p>\u201cNos entristece la p\u00e9rdida de uno de los miembros de nuestro equipo\u201d, se lee. \u201cNuestras condolencias y condolencias est\u00e1n con la familia y los involucrados en el incidente\u201d.<\/p>\n<p>Hussan dice que es necesario un mayor impulso para mejorar las vidas de los trabajadores migrantes en Canad\u00e1.<\/p>\n<p>\u201cTenemos un gobierno federal que sabe muy bien qu\u00e9 es la crisis y cu\u00e1les son las soluciones\u201d, dijo Hussan. &#8220;La mayor\u00eda de la gente le dir\u00e1 que no tener la residencia permanente es la raz\u00f3n por la que las personas no tienen todos los derechos&#8221;.<\/p>\n<p>&#8220;La pregunta que debemos hacernos es&#8221;, agreg\u00f3 Hussan, &#8220;\u00bfqu\u00e9 impide pol\u00edticamente que los responsables de la toma de decisiones hagan lo correcto?&#8221;<\/p>\n<p>Cuando se le pregunt\u00f3 qui\u00e9n asume la responsabilidad de la muerte de los trabajadores migrantes en Canad\u00e1, respondi\u00f3: \u201cNadie asume la responsabilidad. Ese es el problema.&#8221;<\/p>\n<p>&#8220;Es por eso que nuestra gente sigue muriendo, y todo lo que obtienes son lugares comunes&#8221;.<\/p>\n<p>Inmigraci\u00f3n, Refugiados y Ciudadan\u00eda de Canad\u00e1, as\u00ed como Empleo y Desarrollo Social de Canad\u00e1, no respondieron a tiempo para su publicaci\u00f3n a las solicitudes de comentarios sobre el papel del gobierno federal cuando un trabajador migrante se lesiona o muere en el trabajo.<\/p>\n<p>Guti\u00e9rrez recuerda que Reyes le dijo lo dif\u00edcil que era su trabajo como cazador de pollos. Al agarrar pollos para procesarlos, sosten\u00eda cinco de ellos en su mano derecha y cuatro en la izquierda.<\/p>\n<p>\u201cDijo que se sent\u00eda tres veces m\u00e1s exhausto en su nuevo trabajo en comparaci\u00f3n con el anterior\u201d, recuerda Guti\u00e9rrez. &#8220;Pero dijo que vali\u00f3 la pena para su familia&#8221;.<\/p>\n<p>Quiere que Reyes sea recordado como un amable amigo que ten\u00eda grandes sue\u00f1os no solo para \u00e9l sino tambi\u00e9n para su familia.<\/p>\n<p>&nbsp;<\/p>\n<h4><em><strong>Ontario informa 530 nuevos casos de COVID-19, 7 muertes; 186K m\u00e1s vacunas administradas<\/strong><\/em><\/h4>\n<p><img loading=\"lazy\" decoding=\"async\" class=\"alignnone size-custom-full-size wp-image-498274\" src=\"https:\/\/diarioelpopular.com\/wp-content\/uploads\/2021\/06\/Screen-Shot-2021-06-13-at-11.18.29-AM-636x288.png\" alt=\"\" width=\"636\" height=\"288\" srcset=\"https:\/\/diarioelpopular.com\/wp-content\/uploads\/2021\/06\/Screen-Shot-2021-06-13-at-11.18.29-AM-636x288.png 636w, https:\/\/diarioelpopular.com\/wp-content\/uploads\/2021\/06\/Screen-Shot-2021-06-13-at-11.18.29-AM-300x136.png 300w, https:\/\/diarioelpopular.com\/wp-content\/uploads\/2021\/06\/Screen-Shot-2021-06-13-at-11.18.29-AM-768x348.png 768w, https:\/\/diarioelpopular.com\/wp-content\/uploads\/2021\/06\/Screen-Shot-2021-06-13-at-11.18.29-AM-146x66.png 146w, https:\/\/diarioelpopular.com\/wp-content\/uploads\/2021\/06\/Screen-Shot-2021-06-13-at-11.18.29-AM.png 1024w\" sizes=\"auto, (max-width: 636px) 100vw, 636px\" \/><\/p>\n<p>Actualizado domingo 13 de junio de 2021 11:46 a.m.<\/p>\n<p>Ontario report\u00f3 530 casos de COVID-19 este domingo, lo que eleva el n\u00famero total de casos en la provincia a 539,683.<\/p>\n<p>\u201cA nivel local, hay 102 casos nuevos en Toronto, 97 en Waterloo, 81 en Peel, 68 en Porcupine, 24 en Hamilton y 24 en Ottawa\u201d, dijo la ministra de Salud Christine Elliott.<\/p>\n<p>A modo de comparaci\u00f3n, el domingo pasado se notificaron 663 casos.<\/p>\n<p>Tambi\u00e9n se anunciaron siete nuevas muertes el 13 de junio, con lo que la cifra provincial de muertos asciende a 8,957.<\/p>\n<p>Un total de 525,125 casos de coronavirus se consideran resueltos, lo que representa un aumento de 763 y es el 97,3 por ciento de todos los casos confirmados.<\/p>\n<p>Se completaron m\u00e1s de 20.700 pruebas adicionales. Ontario ha completado un total de 15,560,092 pruebas y 5,846 siguen bajo investigaci\u00f3n.<\/p>\n<p>La provincia indic\u00f3 que la tasa de positividad para el \u00faltimo d\u00eda fue del 2,6 por ciento, que es superior al informe del s\u00e1bado, cuando fue del 2,1 por ciento, y por debajo del informe del domingo pasado, cuando fue del 2,8 por ciento.<\/p>\n<p>Las cifras provinciales mostraron que hay 426 personas en cuidados intensivos debido a COVID-19 (un aumento de cuatro), 273 de las cuales est\u00e1n en un ventilador (una disminuci\u00f3n de cuatro).<\/p>\n<p>La provincia tambi\u00e9n se\u00f1ala que la cantidad de casos notificados p\u00fablicamente cada d\u00eda puede no coincidir con los recuentos de casos notificados por las unidades de salud p\u00fablica locales en un d\u00eda determinado. Las unidades de salud p\u00fablica locales informan cu\u00e1ndo se les notific\u00f3 por primera vez de un caso, que puede actualizarse y cambiarse a medida que la informaci\u00f3n est\u00e9 disponible. Los datos tambi\u00e9n se pueden extraer en diferentes momentos.<\/p>\n<p>Hasta el s\u00e1bado por la noche, se hab\u00edan administrado 11,208,867 dosis de la vacuna COVID-19 en Ontario, lo que representa un aumento de 186,415. De ellos, 129,021 fueron segundas dosis.<\/p>\n<p>Hasta el momento, se considera que 1.796.782 personas en la provincia est\u00e1n completamente vacunadas.<\/p>\n","protected":false},"excerpt":{"rendered":"<p>&#8211; Amanece en Batangas, una ciudad a m\u00e1s de cien kil\u00f3metros al norte de Manila, la capital de Filipinas, cuando Eric Guti\u00e9rrez recuerda los recuerdos&hellip;<\/p>\n","protected":false},"author":99,"featured_media":498275,"comment_status":"open","ping_status":"open","sticky":false,"template":"","format":"standard","meta":{"footnotes":""},"categories":[21,11191],"tags":[],"class_list":["post-498273","post","type-post","status-publish","format-standard","has-post-thumbnail","hentry","category-canada","category-top-news"],"_links":{"self":[{"href":"https:\/\/diarioelpopular.com\/index.php\/wp-json\/wp\/v2\/posts\/498273","targetHints":{"allow":["GET"]}}],"collection":[{"href":"https:\/\/diarioelpopular.com\/index.php\/wp-json\/wp\/v2\/posts"}],"about":[{"href":"https:\/\/diarioelpopular.com\/index.php\/wp-json\/wp\/v2\/types\/post"}],"author":[{"embeddable":true,"href":"https:\/\/diarioelpopular.com\/index.php\/wp-json\/wp\/v2\/users\/99"}],"replies":[{"embeddable":true,"href":"https:\/\/diarioelpopular.com\/index.php\/wp-json\/wp\/v2\/comments?post=498273"}],"version-history":[{"count":1,"href":"https:\/\/diarioelpopular.com\/index.php\/wp-json\/wp\/v2\/posts\/498273\/revisions"}],"predecessor-version":[{"id":498276,"href":"https:\/\/diarioelpopular.com\/index.php\/wp-json\/wp\/v2\/posts\/498273\/revisions\/498276"}],"wp:featuredmedia":[{"embeddable":true,"href":"https:\/\/diarioelpopular.com\/index.php\/wp-json\/wp\/v2\/media\/498275"}],"wp:attachment":[{"href":"https:\/\/diarioelpopular.com\/index.php\/wp-json\/wp\/v2\/media?parent=498273"}],"wp:term":[{"taxonomy":"category","embeddable":true,"href":"https:\/\/diarioelpopular.com\/index.php\/wp-json\/wp\/v2\/categories?post=498273"},{"taxonomy":"post_tag","embeddable":true,"href":"https:\/\/diarioelpopular.com\/index.php\/wp-json\/wp\/v2\/tags?post=498273"}],"curies":[{"name":"wp","href":"https:\/\/api.w.org\/{rel}","templated":true}]}}