{"id":498285,"date":"2021-06-14T11:19:02","date_gmt":"2021-06-14T15:19:02","guid":{"rendered":"https:\/\/diarioelpopular.com\/?p=498285"},"modified":"2021-06-14T11:19:02","modified_gmt":"2021-06-14T15:19:02","slug":"crece-otra-vez-el-numero-de-muertos-en-chile","status":"publish","type":"post","link":"https:\/\/diarioelpopular.com\/index.php\/2021\/06\/14\/crece-otra-vez-el-numero-de-muertos-en-chile\/","title":{"rendered":"Crece otra vez el n\u00famero de muertos en Chile"},"content":{"rendered":"<h4><img loading=\"lazy\" decoding=\"async\" class=\"alignnone size-custom-full-size wp-image-498286\" src=\"https:\/\/diarioelpopular.com\/wp-content\/uploads\/2021\/06\/d12637f09db5c6b3483a70d6228501ff-2-636x423.jpg\" alt=\"\" width=\"636\" height=\"423\" srcset=\"https:\/\/diarioelpopular.com\/wp-content\/uploads\/2021\/06\/d12637f09db5c6b3483a70d6228501ff-2-636x423.jpg 636w, https:\/\/diarioelpopular.com\/wp-content\/uploads\/2021\/06\/d12637f09db5c6b3483a70d6228501ff-2-300x200.jpg 300w, https:\/\/diarioelpopular.com\/wp-content\/uploads\/2021\/06\/d12637f09db5c6b3483a70d6228501ff-2-768x511.jpg 768w, https:\/\/diarioelpopular.com\/wp-content\/uploads\/2021\/06\/d12637f09db5c6b3483a70d6228501ff-2-110x73.jpg 110w, https:\/\/diarioelpopular.com\/wp-content\/uploads\/2021\/06\/d12637f09db5c6b3483a70d6228501ff-2.jpg 945w\" sizes=\"auto, (max-width: 636px) 100vw, 636px\" \/><\/h4>\n<p><em>Crece otra vez el n\u00famero de muertos en Chile <\/em><\/p>\n<h4><em><strong>M\u00e1s de 7000 casos por cuarto d\u00eda y alt\u00edsima ocupaci\u00f3n en UCI<\/strong><\/em><\/h4>\n<p><em><strong>SANTIAGO DE CHILE, 14 JUN. &#8211;<\/strong><\/em> Chile report\u00f3 nuevamente m\u00e1s de un centenar de fallecidos por causa del Covid-19, al confirmarse 128 decesos, con lo cual el n\u00famero de v\u00edctimas de la pandemia se elev\u00f3 a 30.707 personas.<br \/>\nDe acuerdo al informe oficial, el 61,59% de las muertes corresponden a pacientes de m\u00e1s de 70 a\u00f1os; el 20,70% entre 60 y 69; el 10,94% entre 50 y 59; el 4,17% entre 40 y 49; y el 2,60% a menores de 39 a\u00f1os.<br \/>\nHoy se inform\u00f3 de 7.529 nuevos contagios, convirti\u00e9ndose en la cuarta jornada consecutiva con m\u00e1s de 7.000 casos, y la quinta en todo lo que va de junio.<br \/>\nEl total de infectados en 15 meses sum\u00f3 1.476.473, de los cuales 45.506 se encuentran en etapa activa del virus, bajando de los 46.337 que se report\u00f3 el s\u00e1bado.<br \/>\n&#8220;La variaci\u00f3n de nuevos casos confirmados a nivel nacional es -4% y 9% en los \u00faltimos siete y 14 d\u00edas, respectivamente&#8221;, detall\u00f3 el Ministerio de Salud (Minsal) a trav\u00e9s de un comunicado.<br \/>\nEn el mismo escrito a\u00f1adieron que &#8220;13 regiones han disminuido sus casos en los \u00faltimos siete d\u00edas, mientras que siete lo han hecho en los \u00faltimos 14&#8221;.<br \/>\nEn tanto, la ocupaci\u00f3n de camas cr\u00edticas sigue subiendo, de acuerdo al Departamento de Estad\u00edsticas e Informaci\u00f3n de Salud (DEIS), Chile actualmente tiene 4.522 camas cr\u00edticas disponibles en la red integrada por la pandemia. De ellas solo hay 180 libres y 3.292 -el s\u00e1bado fueron 3.287)- est\u00e1n ocupadas con pacientes contagiados con coronavirus, de los cuales 2.828 est\u00e1n sometidos a ventilaci\u00f3n mec\u00e1nica.<br \/>\nEsas cifras dan como resultado una ocupaci\u00f3n del 96,02% en las Unidades de Cuidados Intensivos (UCI), la que est\u00e1 cerca del pico hist\u00f3rico del 27 de abril, con 3.406 hospitalizados con Covid-19 graves.<br \/>\nDel total de ingresados en las UCI, el 23,34% corresponde a personas de 50 a 59 a\u00f1os, seguidos de los pacientes menores de 39 a\u00f1os.<br \/>\nEn la \u00faltima jornada se realizaron 80.575 test de PCR informados en las \u00faltimas 24 horas por parte de 168 laboratorios, la positividad del d\u00eda lleg\u00f3 al 8,32%.<br \/>\nNo obstante, la positividad fue mayor en las regiones de Los R\u00edos (12%), Atacama (11%), O&#8217;Higgins (10%), La Araucan\u00eda (10%), Metropolitana (9%) y Ays\u00e9n (9%).<\/p>\n","protected":false},"excerpt":{"rendered":"<p>Crece otra vez el n\u00famero de muertos en Chile M\u00e1s de 7000 casos por cuarto d\u00eda y alt\u00edsima ocupaci\u00f3n en UCI SANTIAGO DE CHILE, 14&hellip;<\/p>\n","protected":false},"author":99,"featured_media":498286,"comment_status":"open","ping_status":"open","sticky":false,"template":"","format":"standard","meta":{"footnotes":""},"categories":[23],"tags":[],"class_list":["post-498285","post","type-post","status-publish","format-standard","has-post-thumbnail","hentry","category-latinoamerica"],"_links":{"self":[{"href":"https:\/\/diarioelpopular.com\/index.php\/wp-json\/wp\/v2\/posts\/498285","targetHints":{"allow":["GET"]}}],"collection":[{"href":"https:\/\/diarioelpopular.com\/index.php\/wp-json\/wp\/v2\/posts"}],"about":[{"href":"https:\/\/diarioelpopular.com\/index.php\/wp-json\/wp\/v2\/types\/post"}],"author":[{"embeddable":true,"href":"https:\/\/diarioelpopular.com\/index.php\/wp-json\/wp\/v2\/users\/99"}],"replies":[{"embeddable":true,"href":"https:\/\/diarioelpopular.com\/index.php\/wp-json\/wp\/v2\/comments?post=498285"}],"version-history":[{"count":1,"href":"https:\/\/diarioelpopular.com\/index.php\/wp-json\/wp\/v2\/posts\/498285\/revisions"}],"predecessor-version":[{"id":498287,"href":"https:\/\/diarioelpopular.com\/index.php\/wp-json\/wp\/v2\/posts\/498285\/revisions\/498287"}],"wp:featuredmedia":[{"embeddable":true,"href":"https:\/\/diarioelpopular.com\/index.php\/wp-json\/wp\/v2\/media\/498286"}],"wp:attachment":[{"href":"https:\/\/diarioelpopular.com\/index.php\/wp-json\/wp\/v2\/media?parent=498285"}],"wp:term":[{"taxonomy":"category","embeddable":true,"href":"https:\/\/diarioelpopular.com\/index.php\/wp-json\/wp\/v2\/categories?post=498285"},{"taxonomy":"post_tag","embeddable":true,"href":"https:\/\/diarioelpopular.com\/index.php\/wp-json\/wp\/v2\/tags?post=498285"}],"curies":[{"name":"wp","href":"https:\/\/api.w.org\/{rel}","templated":true}]}}