{"id":498293,"date":"2021-06-15T11:28:09","date_gmt":"2021-06-15T15:28:09","guid":{"rendered":"https:\/\/diarioelpopular.com\/?p=498293"},"modified":"2021-06-15T11:28:09","modified_gmt":"2021-06-15T15:28:09","slug":"casi-el-90-de-los-canadienses-estan-dispuestos-a-vacunarse","status":"publish","type":"post","link":"https:\/\/diarioelpopular.com\/index.php\/2021\/06\/15\/casi-el-90-de-los-canadienses-estan-dispuestos-a-vacunarse\/","title":{"rendered":"Casi el 90% de los canadienses est\u00e1n dispuestos a vacunarse"},"content":{"rendered":"<p><img loading=\"lazy\" decoding=\"async\" class=\"alignnone size-custom-full-size wp-image-498295\" src=\"https:\/\/diarioelpopular.com\/wp-content\/uploads\/2021\/06\/MicrosoftTeams-image-e1619115102757-636x358.jpg\" alt=\"\" width=\"636\" height=\"358\" srcset=\"https:\/\/diarioelpopular.com\/wp-content\/uploads\/2021\/06\/MicrosoftTeams-image-e1619115102757-636x358.jpg 636w, https:\/\/diarioelpopular.com\/wp-content\/uploads\/2021\/06\/MicrosoftTeams-image-e1619115102757-300x169.jpg 300w, https:\/\/diarioelpopular.com\/wp-content\/uploads\/2021\/06\/MicrosoftTeams-image-e1619115102757-768x432.jpg 768w, https:\/\/diarioelpopular.com\/wp-content\/uploads\/2021\/06\/MicrosoftTeams-image-e1619115102757-1990x1119.jpg 1990w, https:\/\/diarioelpopular.com\/wp-content\/uploads\/2021\/06\/MicrosoftTeams-image-e1619115102757-1200x675.jpg 1200w, https:\/\/diarioelpopular.com\/wp-content\/uploads\/2021\/06\/MicrosoftTeams-image-e1619115102757-130x73.jpg 130w, https:\/\/diarioelpopular.com\/wp-content\/uploads\/2021\/06\/MicrosoftTeams-image-e1619115102757.jpg 1024w\" sizes=\"auto, (max-width: 636px) 100vw, 636px\" \/><\/p>\n<h4><em><strong>&#8211; Muchos habitantes de Ontario expresaron su frustraci\u00f3n por su incapacidad para reservar las vacunas este lunes despu\u00e9s de que la provincia aceler\u00f3 las segundas dosis en \u00e1reas donde se est\u00e1 extendiendo la variante Delta.<\/strong><\/em><\/h4>\n<h4><em><strong>&#8211; Ontario reporta 296 nuevos casos de COVID-19, el recuento diario m\u00e1s bajo en 9 meses<\/strong><\/em><\/h4>\n<p>&nbsp;<\/p>\n<p><em><strong>OTTAWA.-<\/strong> <\/em>Una nueva encuesta sugiere que existe una aparente alta demanda de una inyecci\u00f3n de COVID-19 en todo el pa\u00eds.<\/p>\n<p>Los nuevos datos del Instituto Angus Reid sugieren que casi 9 de cada 10 canadienses est\u00e1n ahora vacunados o dispuestos a ser vacunados.<\/p>\n<p>La cantidad de personas que no est\u00e1n seguras de recibir una vacuna, o que dijeron que quieren esperar, ha ca\u00eddo al punto m\u00e1s bajo desde que Angus Reid comenz\u00f3 a realizar un seguimiento de los datos el verano pasado. Solo el 9 por ciento de los canadienses todav\u00eda dicen que no recibir\u00e1n la vacuna bajo ninguna circunstancia.<\/p>\n<p>La incertidumbre sobre las vacunas sigue siendo la m\u00e1s alta en Alberta y Saskatchewan, las dos provincias de las praderas tienen una tasa de vacilaci\u00f3n (18%) que es casi el doble del resto de la naci\u00f3n.<\/p>\n<p>Canad\u00e1 ahora lidera a todas las naciones de la OCDE en porcentaje de la poblaci\u00f3n con una primera dosis, pero el pa\u00eds cae hasta el puesto 31 en lo que respecta a la cobertura de dos dosis.<\/p>\n<p>M\u00e1s de la mitad de los canadienses (57%) cree que ahora se deber\u00eda dar la misma prioridad a la primera y segunda dosis. Aproximadamente una cuarta parte de los encuestados cree que su provincia deber\u00eda seguir dando prioridad a las primeras dosis; el 16% dice que las segundas dosis deber\u00edan convertirse en el centro de atenci\u00f3n.<\/p>\n<p>Casi dos de cada tres canadienses ahora tienen una dosis de vacuna, pero un poco m\u00e1s de uno de cada 10 tienen ambas dosis.<\/p>\n<p>Sin embargo, Canad\u00e1 est\u00e1 cambiando r\u00e1pidamente a segundas dosis, con 1,2 millones de personas que se unieron al grupo completamente vacunado solo en los \u00faltimos cuatro d\u00edas.<\/p>\n<p>El lanzamiento de la vacuna en el pa\u00eds se enfrent\u00f3 a un intenso escrutinio en los primeros d\u00edas, pero ahora m\u00e1s de la mitad de los encuestados cree que el gobierno federal ha hecho un buen trabajo asegurando las dosis de la vacuna. Poco m\u00e1s de una cuarta parte de los encuestados opin\u00f3 lo mismo cuando se les pregunt\u00f3 a principios de marzo.<\/p>\n<p>El pa\u00eds est\u00e1 preparado para recibir m\u00e1s de 8 millones de dosis de la vacuna COVID-19 esta semana gracias a una infusi\u00f3n masiva de inyecciones de Moderna y un calendario de entrega revisado.<\/p>\n<p>El gobierno federal dice que la empresa farmac\u00e9utica con sede en Massachusetts entregar\u00e1 un total de 5,8 millones de golpes en dos env\u00edos separados esta semana.<\/p>\n<p>&nbsp;<\/p>\n<h4><em><strong>Ontario reporta 296 nuevos casos de COVID-19, el recuento diario m\u00e1s bajo en 9 meses<\/strong><\/em><\/h4>\n<p><img loading=\"lazy\" decoding=\"async\" class=\"alignnone size-custom-full-size wp-image-498294\" src=\"https:\/\/diarioelpopular.com\/wp-content\/uploads\/2021\/06\/Screen-Shot-2021-06-15-at-11.19.48-AM-636x338.png\" alt=\"\" width=\"636\" height=\"338\" srcset=\"https:\/\/diarioelpopular.com\/wp-content\/uploads\/2021\/06\/Screen-Shot-2021-06-15-at-11.19.48-AM-636x338.png 636w, https:\/\/diarioelpopular.com\/wp-content\/uploads\/2021\/06\/Screen-Shot-2021-06-15-at-11.19.48-AM-300x159.png 300w, https:\/\/diarioelpopular.com\/wp-content\/uploads\/2021\/06\/Screen-Shot-2021-06-15-at-11.19.48-AM-768x408.png 768w, https:\/\/diarioelpopular.com\/wp-content\/uploads\/2021\/06\/Screen-Shot-2021-06-15-at-11.19.48-AM-137x73.png 137w, https:\/\/diarioelpopular.com\/wp-content\/uploads\/2021\/06\/Screen-Shot-2021-06-15-at-11.19.48-AM.png 1024w\" sizes=\"auto, (max-width: 636px) 100vw, 636px\" \/><\/p>\n<p>Actualizado martes 15 de junio de 2021 11:28 a.m.<\/p>\n<p>TORONTO.- La provincia report\u00f3 296 nuevos casos de COVID-19 este martes, el recuento diario m\u00e1s bajo registrado desde mediados de septiembre. El total provincial asciende ahora a 540.426.<\/p>\n<p>El recuento de casos es el aumento m\u00e1s peque\u00f1o de casos nuevos desde el 17 de septiembre, cuando se registraron 293 casos nuevos. Tambi\u00e9n es el noveno d\u00eda consecutivo en que los casos est\u00e1n por debajo de 600.<\/p>\n<p>El lunes hubo 447 casos nuevos, 530 el domingo y 502 el s\u00e1bado.<\/p>\n<p>Seg\u00fan el informe, se registraron 60 casos en Toronto, 62 en la regi\u00f3n de Peel y 15 en la regi\u00f3n de York.<\/p>\n<p>Todas las dem\u00e1s unidades de salud p\u00fablica locales notificaron menos de 15 casos nuevos en el informe provincial.<\/p>\n<p>El n\u00famero de muertos en la provincia ha aumentado a 8,974, ya que se registraron 13 muertes m\u00e1s.<\/p>\n<p>A partir de las 8 p.m. el lunes, se administraron m\u00e1s de 11,5 millones de dosis totales de vacuna COVID-19. Eso marc\u00f3 un aumento de 184,989 vacunas (41,558 para una primera inyecci\u00f3n y 143,431 para una segunda inyecci\u00f3n) en el \u00faltimo d\u00eda. Hay m\u00e1s de 2 millones de personas completamente vacunadas con dos dosis.<\/p>\n<p>Mientras tanto, se inform\u00f3 que 526,440 residentes de Ontario se hab\u00edan recuperado del COVID-19, que es aproximadamente el 97 por ciento de los casos conocidos. Los casos resueltos aumentaron en 645 con respecto al d\u00eda anterior.<\/p>\n<p>Hubo m\u00e1s casos resueltos que casos nuevos el martes.<\/p>\n<p>Los casos activos en Ontario ahora ascienden a 5.012, por debajo del d\u00eda anterior cuando estaba en 5.374, y est\u00e1 por debajo del 8 de junio cuando estaba en 7.378. En el pico de la oleada de coronavirus de la segunda ola en enero, los casos activos llegaron a poco m\u00e1s de 30.000. En la tercera ola de abril, los casos activos superaron los 43.000.<\/p>\n<p>El promedio de siete d\u00edas ha llegado ahora a 479, que es inferior al de ayer en 503, y est\u00e1 por debajo de la semana pasada en 703. Hace un mes, el promedio de siete d\u00edas era de alrededor de 2.400.<\/p>\n<p>El gobierno dijo que se procesaron 17.162 pruebas en las \u00faltimas 24 horas. Actualmente hay una acumulaci\u00f3n de 14.236 pruebas en espera de resultados. Se han completado un total de 15,590,842 pruebas desde el inicio de la pandemia.<\/p>\n<p>La positividad de la prueba del martes fue del 2,3 por ciento. Esa cifra es inferior a la del lunes en el 2,8 por ciento y es inferior a la semana pasada cuando estaba en el 2,7 por ciento.<\/p>\n<p>Ontario inform\u00f3 que 433 personas est\u00e1n hospitalizadas con COVID-19 (49 m\u00e1s que el d\u00eda anterior) con 382 pacientes en unidades de cuidados intensivos (22 menos) y 244 pacientes en UCI con ventilador (24 menos). En general, las hospitalizaciones han ido disminuyendo desde el pico de la tercera ola en abril.<\/p>\n<p><em><strong>Variantes preocupantes en Ontario<\/strong><\/em><\/p>\n<p>Los funcionarios han enumerado datos desglosados \u200b\u200bpara los nuevos COV (variantes de inter\u00e9s) detectados hasta ahora en la provincia que consisten en el B.1.1.7 (ahora denominado por la OMS como \u201cAlfa\u201d y se detect\u00f3 por primera vez en el Reino Unido), B. 1.351 (ahora nombrada por la OMS como \u201cBeta\u201d y se detect\u00f3 por primera vez en Sud\u00e1frica) y P.1 (ahora nombrada por la OMS como \u201cGamma\u201d y se detect\u00f3 por primera vez en Brasil).<\/p>\n<p>&#8220;Alfa&#8221; el VOC B.1.1.7: 140,618 casos variantes, lo que representa un aumento de 678 desde el d\u00eda anterior,<\/p>\n<p>\u201cBeta\u201d el VOC B.1.351: 1.137 casos variantes, que se mantiene sin cambios desde el d\u00eda anterior.<\/p>\n<p>\u201cGamma\u201d el P.1 VOC: 4,137 casos variantes, que ha aumentado en dos desde el d\u00eda anterior.<\/p>\n<p><em><strong>Casos, muertes y brotes en hogares de cuidados a largo plazo de Ontario<\/strong><\/em><\/p>\n<p>Seg\u00fan el Ministerio de Atenci\u00f3n a Largo Plazo, se han reportado 3781 muertes entre residentes y pacientes en hogares de atenci\u00f3n a largo plazo en Ontario, lo que no ha cambiado desde ayer. Se han informado trece muertes relacionadas con virus en total entre el personal.<\/p>\n<p>Hay 14 brotes actuales en los hogares, lo que ha disminuido en uno con respecto al d\u00eda anterior.<\/p>\n<p>El ministerio tambi\u00e9n indic\u00f3 que actualmente hay 22 casos activos entre los residentes de cuidados a largo plazo, 25 casos activos entre el personal: un aumento de uno y un aumento de uno, respectivamente, en el \u00faltimo d\u00eda.<\/p>\n","protected":false},"excerpt":{"rendered":"<p>&#8211; Muchos habitantes de Ontario expresaron su frustraci\u00f3n por su incapacidad para reservar las vacunas este lunes despu\u00e9s de que la provincia aceler\u00f3 las segundas&hellip;<\/p>\n","protected":false},"author":99,"featured_media":498295,"comment_status":"open","ping_status":"open","sticky":false,"template":"","format":"standard","meta":{"footnotes":""},"categories":[21,11191],"tags":[],"class_list":["post-498293","post","type-post","status-publish","format-standard","has-post-thumbnail","hentry","category-canada","category-top-news"],"_links":{"self":[{"href":"https:\/\/diarioelpopular.com\/index.php\/wp-json\/wp\/v2\/posts\/498293","targetHints":{"allow":["GET"]}}],"collection":[{"href":"https:\/\/diarioelpopular.com\/index.php\/wp-json\/wp\/v2\/posts"}],"about":[{"href":"https:\/\/diarioelpopular.com\/index.php\/wp-json\/wp\/v2\/types\/post"}],"author":[{"embeddable":true,"href":"https:\/\/diarioelpopular.com\/index.php\/wp-json\/wp\/v2\/users\/99"}],"replies":[{"embeddable":true,"href":"https:\/\/diarioelpopular.com\/index.php\/wp-json\/wp\/v2\/comments?post=498293"}],"version-history":[{"count":1,"href":"https:\/\/diarioelpopular.com\/index.php\/wp-json\/wp\/v2\/posts\/498293\/revisions"}],"predecessor-version":[{"id":498296,"href":"https:\/\/diarioelpopular.com\/index.php\/wp-json\/wp\/v2\/posts\/498293\/revisions\/498296"}],"wp:featuredmedia":[{"embeddable":true,"href":"https:\/\/diarioelpopular.com\/index.php\/wp-json\/wp\/v2\/media\/498295"}],"wp:attachment":[{"href":"https:\/\/diarioelpopular.com\/index.php\/wp-json\/wp\/v2\/media?parent=498293"}],"wp:term":[{"taxonomy":"category","embeddable":true,"href":"https:\/\/diarioelpopular.com\/index.php\/wp-json\/wp\/v2\/categories?post=498293"},{"taxonomy":"post_tag","embeddable":true,"href":"https:\/\/diarioelpopular.com\/index.php\/wp-json\/wp\/v2\/tags?post=498293"}],"curies":[{"name":"wp","href":"https:\/\/api.w.org\/{rel}","templated":true}]}}