{"id":498300,"date":"2021-06-15T11:40:52","date_gmt":"2021-06-15T15:40:52","guid":{"rendered":"https:\/\/diarioelpopular.com\/?p=498300"},"modified":"2021-06-15T11:40:52","modified_gmt":"2021-06-15T15:40:52","slug":"sin-final-a-la-vista-en-peru-fujimori-plantea-auditoria-del-organo-electoral-read-more-here-https-www-elnuevoherald-com-noticias-mundo-america-latina-article252118423-html-storylink-cpy","status":"publish","type":"post","link":"https:\/\/diarioelpopular.com\/index.php\/2021\/06\/15\/sin-final-a-la-vista-en-peru-fujimori-plantea-auditoria-del-organo-electoral-read-more-here-https-www-elnuevoherald-com-noticias-mundo-america-latina-article252118423-html-storylink-cpy\/","title":{"rendered":"Sin final a la vista en Per\u00fa, Fujimori plantea auditor\u00eda del \u00f3rgano electoral  Read more here: https:\/\/www.elnuevoherald.com\/noticias\/mundo\/america-latina\/article252118423.html#storylink=cpy"},"content":{"rendered":"<p><img loading=\"lazy\" decoding=\"async\" class=\"alignnone size-custom-full-size wp-image-498301\" src=\"https:\/\/diarioelpopular.com\/wp-content\/uploads\/2021\/06\/PERU-ELECCIONES-636x357.jpg\" alt=\"\" width=\"636\" height=\"357\" srcset=\"https:\/\/diarioelpopular.com\/wp-content\/uploads\/2021\/06\/PERU-ELECCIONES-636x357.jpg 636w, https:\/\/diarioelpopular.com\/wp-content\/uploads\/2021\/06\/PERU-ELECCIONES-300x168.jpg 300w, https:\/\/diarioelpopular.com\/wp-content\/uploads\/2021\/06\/PERU-ELECCIONES.jpg 768w, https:\/\/diarioelpopular.com\/wp-content\/uploads\/2021\/06\/PERU-ELECCIONES-130x73.jpg 130w\" sizes=\"auto, (max-width: 636px) 100vw, 636px\" \/><\/p>\n<p><span class=\"dateline\"><em><strong>LIMA, 15 JUN.-<\/strong><\/em>\u00a0<\/span>Per\u00fa entr\u00f3 en una semana decisiva para conocer a su nuevo presidente electo, en medio de la batalla pol\u00edtica y legal que protagonizan el izquierdista Pedro Castillo y la derechista Keiko Fujimori, quien decidi\u00f3 solicitar una auditor\u00eda al \u00f3rgano electoral.<\/p>\n<p>De forma paralela, seg\u00fan informa el diario La Rep\u00fablica, un ciudadano plante\u00f3 una demanda de amparo constitucional para evitar que Fujimori pueda beneficiarse de una posible ampliaci\u00f3n del plazo legal para plantear pedidos de nulidad de los votos.<\/p>\n<p>Esta informaci\u00f3n, que se dio a conocer de forma fragmentada en un primer lugar, elev\u00f3 la tensi\u00f3n en las redes sociales -nuevo foco de la tormenta en el pa\u00eds- donde fue interpretada como una medida impulsada por simpatizantes de la candidata precisamente para forzar dicha ampliaci\u00f3n.<\/p>\n<p>Aunque el c\u00f3mputo de votos se encuentra a un 0,049 % de concluir, la mira del pa\u00eds entero est\u00e1 centrada ahora en los recursos legales presentados por el partido de Fujimori y los esfuerzos de las autoridades por controlar los ataques contra sus opositores en las redes sociales.<\/p>\n<p>Con el 99,951 % del c\u00f3mputo nacional, Castillo ha alcanzado el 50,13 % de la votaci\u00f3n, con una diferencia de 48.220 votos frente a Fujimori, que congreg\u00f3 el 49,86 %.<\/p>\n<div class=\"zone grid combo\">\n<div id=\"zone-el-103\" class=\"zone zone-el\"><span style=\"line-height: 1.5;\">Sin embargo, la \u00faltima herramienta elegida por el fujimorismo antes de reconocer su virtual derrota ha sido una auditor\u00eda inform\u00e1tica de la digitalizaci\u00f3n de las actas electorales solicitada a la Oficina Nacional de Procesos Electorales (ONPE), que puede extender a\u00fan m\u00e1s el cierre del conteo de votos en Per\u00fa.<\/span><\/div>\n<\/div>\n<p><strong>AUDITOR\u00cdA AL ENTE ELECTORAL<\/strong><\/p>\n<p>La personera legal de Fuerza Popular, Milagros Takayama, argument\u00f3 en la solicitud que se \u201cha detectado por redes sociales\u201d una serie de cuestionamientos entre actas validadas y el sistema de la ONPE.<\/p>\n<p>La auditor\u00eda fue solicitada despu\u00e9s de que la mayor\u00eda de los m\u00e1s de 800 recursos para anular 200.000 votos por presuntas irregularidades hayan sido rechazados por los jurados electorales por llegar fuera de plazo y por no presentar pruebas consistentes de que hubo un fraude en las mesas de votaci\u00f3n.<\/p>\n<p>En tal sentido, piden al jefe de la ONPE, Piero Corvetto, aclarar si cuentan con un manual de calidad para la digitalizaci\u00f3n de actas, cu\u00e1l es la pol\u00edtica de calidad para este proceso, y si el control de documentos cuenta con procedimiento documentado.<\/p>\n<div class=\"zone grid combo\">\n<div id=\"zone-el-105\" class=\"zone zone-el\"><span style=\"line-height: 1.5;\">Asimismo, exigen conocer si la identificaci\u00f3n, protecci\u00f3n, almacenamiento, recuperaci\u00f3n y disposici\u00f3n de los registros est\u00e1n protegidos por una metodolog\u00eda adecuada, y si los registros de actas de la primera y segunda vuelta presidencial cuentan con copias de seguridad.<\/span><\/div>\n<\/div>\n<p><strong>AMPARO CONTRA EL JURADO ELECTORAL<\/strong><\/p>\n<p>Adem\u00e1s, ante el Poder Judicial se present\u00f3 una demanda de amparo para solicitar una medida cautelar contra el Jurado Nacional de Elecciones (JNE), el m\u00e1ximo \u00f3rgano electoral de Per\u00fa.<\/p>\n<p>La demanda fue presentada por Carlos Antonio Franco Pacheco ante el Quinto Juzgado Constitucional de Lima despu\u00e9s de que el JNE rechazara ampliar el plazo para que Fuerza Popular pudiera presentar todas las solicitudes de nulidad de mesas de sufragio.<\/p>\n<p>Este ciudadano es el que solicita a la Justicia que no se permita al JNE alterar esos plazos.<\/p>\n<p>Este lunes, el JNE evalu\u00f3 los expedientes de apelaci\u00f3n de diez actas observadas de la segunda vuelta presidencial en cinco regiones del pa\u00eds y pronunciar\u00e1 su decisi\u00f3n en los pr\u00f3ximos d\u00edas.<\/p>\n<p>De otro lado, la asociaci\u00f3n civil Transparencia, que vela por el correcto funcionamiento de las instituciones y la democracia, conden\u00f3 \u201cen\u00e9rgicamente cualquier intento de alejarse del cauce democr\u00e1tico e institucional\u201d al Per\u00fa.<\/p>\n<p><strong>ACOSO EN CAMPA\u00d1A<\/strong><\/p>\n<p>\u201cTambi\u00e9n deploramos el acoso que est\u00e1n recibiendo las autoridades electorales por el ejercicio de su labor, as\u00ed como otros ciudadanos, debido a sus posiciones pol\u00edticas\u201d, a\u00f1adi\u00f3 en alusi\u00f3n a las manifestaciones, plantones y campa\u00f1as virales de los \u00faltimos d\u00edas.<\/p>\n<p>La campa\u00f1a \u201cChapa tu caviar\u201d (jerga pol\u00edtica peruana que significa atrapa al opositor a Fujimori o a las fuerzas de derecha) se ha difundido en redes sociales que apoyan a la candidata derechista tras el balotaje del pasado 6 de junio, que mantiene como l\u00edder de la votaci\u00f3n al izquierdista Pedro Castillo.<\/p>\n<p>Sus promotores, a\u00fan no identificados, difunden en redes sociales afiches con fotograf\u00edas de intelectuales, artistas, pol\u00edticos, periodistas y juristas a los que acusan de \u201carruinar la vida de todos los peruanos\u201d.<\/p>\n<p><strong>FISCAL\u00cdA Y GOBIERNO INVESTIGAN<\/strong><\/p>\n<p>Ante esta situaci\u00f3n, la Fiscal\u00eda ha abierto una investigaci\u00f3n por la presunta comisi\u00f3n de los delitos contra la vida, el cuerpo y la salud-lesiones graves o leves tipificados en el C\u00f3digo Penal peruano.<\/p>\n<p>Al respecto, la Defensor\u00eda del Pueblo expres\u00f3 su condena a \u201ctoda campa\u00f1a de hostilizaci\u00f3n a ciudadanas\/os en redes sociales\u201d y tras enfatizar que \u201clos discursos de odio son inaceptables\u201d demand\u00f3 a la Fiscal\u00eda y la Polic\u00eda Nacional \u201ctomar cartas en el asunto\u201d.<\/p>\n<p>A nombre del Gobierno, el ministro del Interior, Jos\u00e9 Elice, declar\u00f3 que \u201cdesde el Ministerio del Interior y la Polic\u00eda Nacional se ha intensificado el trabajo de Inteligencia y adem\u00e1s el monitoreo de cada uno de estos casos\u201d.<\/p>\n<p>Elice dijo que \u201chabr\u00e1 que encontrar a los responsables\u201d porque \u201cestas cosas tampoco pueden suceder, no se puede amenazar a nadie de la manera como, supuestamente, se ha amenazado, seg\u00fan lo que hemos visto en las redes sociales\u201d.<\/p>\n","protected":false},"excerpt":{"rendered":"<p>LIMA, 15 JUN.-\u00a0Per\u00fa entr\u00f3 en una semana decisiva para conocer a su nuevo presidente electo, en medio de la batalla pol\u00edtica y legal que protagonizan&hellip;<\/p>\n","protected":false},"author":99,"featured_media":498301,"comment_status":"open","ping_status":"open","sticky":false,"template":"","format":"standard","meta":{"footnotes":""},"categories":[23],"tags":[],"class_list":["post-498300","post","type-post","status-publish","format-standard","has-post-thumbnail","hentry","category-latinoamerica"],"_links":{"self":[{"href":"https:\/\/diarioelpopular.com\/index.php\/wp-json\/wp\/v2\/posts\/498300","targetHints":{"allow":["GET"]}}],"collection":[{"href":"https:\/\/diarioelpopular.com\/index.php\/wp-json\/wp\/v2\/posts"}],"about":[{"href":"https:\/\/diarioelpopular.com\/index.php\/wp-json\/wp\/v2\/types\/post"}],"author":[{"embeddable":true,"href":"https:\/\/diarioelpopular.com\/index.php\/wp-json\/wp\/v2\/users\/99"}],"replies":[{"embeddable":true,"href":"https:\/\/diarioelpopular.com\/index.php\/wp-json\/wp\/v2\/comments?post=498300"}],"version-history":[{"count":1,"href":"https:\/\/diarioelpopular.com\/index.php\/wp-json\/wp\/v2\/posts\/498300\/revisions"}],"predecessor-version":[{"id":498302,"href":"https:\/\/diarioelpopular.com\/index.php\/wp-json\/wp\/v2\/posts\/498300\/revisions\/498302"}],"wp:featuredmedia":[{"embeddable":true,"href":"https:\/\/diarioelpopular.com\/index.php\/wp-json\/wp\/v2\/media\/498301"}],"wp:attachment":[{"href":"https:\/\/diarioelpopular.com\/index.php\/wp-json\/wp\/v2\/media?parent=498300"}],"wp:term":[{"taxonomy":"category","embeddable":true,"href":"https:\/\/diarioelpopular.com\/index.php\/wp-json\/wp\/v2\/categories?post=498300"},{"taxonomy":"post_tag","embeddable":true,"href":"https:\/\/diarioelpopular.com\/index.php\/wp-json\/wp\/v2\/tags?post=498300"}],"curies":[{"name":"wp","href":"https:\/\/api.w.org\/{rel}","templated":true}]}}