{"id":498303,"date":"2021-06-16T12:42:06","date_gmt":"2021-06-16T16:42:06","guid":{"rendered":"https:\/\/diarioelpopular.com\/?p=498303"},"modified":"2021-06-16T12:43:21","modified_gmt":"2021-06-16T16:43:21","slug":"un-pais-dividido-el-llamado-para-cancelar-las-festividades-del-dia-de-canada-se-hace-mas-fuerte","status":"publish","type":"post","link":"https:\/\/diarioelpopular.com\/index.php\/2021\/06\/16\/un-pais-dividido-el-llamado-para-cancelar-las-festividades-del-dia-de-canada-se-hace-mas-fuerte\/","title":{"rendered":"Un pa\u00eds dividido: el llamado para cancelar las festividades del D\u00eda de Canad\u00e1 se hace m\u00e1s fuerte"},"content":{"rendered":"<p><img loading=\"lazy\" decoding=\"async\" class=\"alignnone size-custom-full-size wp-image-498304\" src=\"https:\/\/diarioelpopular.com\/wp-content\/uploads\/2021\/06\/20210430100444-608c1897c459cffea3ecf0f9jpeg-636x411.jpg\" alt=\"\" width=\"636\" height=\"411\" srcset=\"https:\/\/diarioelpopular.com\/wp-content\/uploads\/2021\/06\/20210430100444-608c1897c459cffea3ecf0f9jpeg-636x411.jpg 636w, https:\/\/diarioelpopular.com\/wp-content\/uploads\/2021\/06\/20210430100444-608c1897c459cffea3ecf0f9jpeg-300x194.jpg 300w, https:\/\/diarioelpopular.com\/wp-content\/uploads\/2021\/06\/20210430100444-608c1897c459cffea3ecf0f9jpeg-768x497.jpg 768w, https:\/\/diarioelpopular.com\/wp-content\/uploads\/2021\/06\/20210430100444-608c1897c459cffea3ecf0f9jpeg-85x55.jpg 85w, https:\/\/diarioelpopular.com\/wp-content\/uploads\/2021\/06\/20210430100444-608c1897c459cffea3ecf0f9jpeg-113x73.jpg 113w, https:\/\/diarioelpopular.com\/wp-content\/uploads\/2021\/06\/20210430100444-608c1897c459cffea3ecf0f9jpeg.jpg 1024w\" sizes=\"auto, (max-width: 636px) 100vw, 636px\" \/><\/p>\n<h4><em><strong>&#8211; El llamado para cancelar las festividades del D\u00eda de Canad\u00e1 de este a\u00f1o est\u00e1 creciendo en todo el pa\u00eds.<\/strong><\/em><\/h4>\n<h4><em><strong>&#8211; \u00a0384 nuevos casos de COVID-19 y administra un r\u00e9cord de 203.000 vacunas en un d\u00eda<\/strong><\/em><\/h4>\n<p><em><strong>OTTAWA &#8211;<\/strong><\/em> Mientras los canadienses contin\u00faan recuper\u00e1ndose del descubrimiento de los restos de 215 ni\u00f1os ind\u00edgenas en los terrenos de una antigua escuela residencial en Kamloops, B.C., muchos activistas dicen que es lo correcto, considerando c\u00f3mo Canad\u00e1 ha defraudado a familias y ni\u00f1os ind\u00edgenas.<\/p>\n<p>Si bien actualmente no hay una solicitud oficial al gobierno federal para que el D\u00eda de Canad\u00e1 se suspenda en todo el pa\u00eds, algunas comunidades contin\u00faan con las cancelaciones a nivel local.<\/p>\n<p>Victoria, B.C. ha decidido cancelar sus celebraciones del D\u00eda de Canad\u00e1, y la alcaldesa Lisa Helps dijo que la comunidad, en cambio, explorar\u00e1 y reflexionar\u00e1 sobre &#8220;lo que significa ser canadiense, a la luz de los acontecimientos recientes&#8221;.<\/p>\n<p>Wilmot Township, en la regi\u00f3n de Waterloo de Ontario, tambi\u00e9n decidi\u00f3 cancelar las festividades de este a\u00f1o, diciendo que la decisi\u00f3n se tom\u00f3 a la luz del descubrimiento en Kamloops. La presidenta del comit\u00e9 del D\u00eda de Canad\u00e1 del municipio dice que la decisi\u00f3n es por respeto al dolor de la comunidad ind\u00edgena y que los organizadores del evento ofrecer\u00e1n una experiencia de arte p\u00fablico en lugar de celebraciones.<\/p>\n<p>Tambi\u00e9n han aumentado las llamadas en Edmonton para cancelar las festividades habituales del D\u00eda de Canad\u00e1, pero otros dicen que los eventos a\u00fan se pueden llevar a cabo mientras se rinde homenaje a las vidas perdidas e impactadas.<\/p>\n<p>Gunargie O\u2019Sullivan, locutor y sobreviviente de una escuela residencial habl\u00f3 con CityNews y dijo:<\/p>\n<p>&#8220;Si est\u00e1 organizando su propio evento, tal vez desee invitar a una persona de las Primeras Naciones de su comunidad y preguntar si vendr\u00e1 y le dar\u00e1 la bienvenida a su territorio&#8221;.<\/p>\n<p>Tambi\u00e9n hay una creciente llamada en l\u00ednea para ver cancelado el D\u00eda de Canad\u00e1 este a\u00f1o.<\/p>\n<p>El grupo ind\u00edgena &#8220;Idle No More&#8221; est\u00e1 organizando un evento en l\u00ednea &#8220;Cancelar el D\u00eda de Canad\u00e1&#8221; que &#8220;hace un llamado a los protectores y aliados ind\u00edgenas de la tierra, el agua y el cielo para que se re\u00fanan e interrumpan la celebraci\u00f3n&#8221;.<\/p>\n<p>Adem\u00e1s, aunque el hashtag #CancelCanadaDay no es nuevo, est\u00e1 ganando terreno r\u00e1pidamente en Twitter, y algunos dicen que un d\u00eda nacional de duelo ser\u00eda m\u00e1s apropiado. Sin embargo, muchos est\u00e1n usando el hashtag para expresar la opini\u00f3n opuesta, diciendo que si bien Canad\u00e1 tiene una historia defectuosa, todav\u00eda hay mucho de qu\u00e9 estar orgulloso de una naci\u00f3n.<\/p>\n<p>Sin embargo, los defensores ind\u00edgenas dicen que simplemente avanzar pasa por alto el descubrimiento en Kamloops y la historia real de nuestra naci\u00f3n.<\/p>\n<p>\u201cVivimos en la negaci\u00f3n y bailamos sobre los huesos de los ni\u00f1os y pretendemos que no pasa nada o asumimos la responsabilidad y comprendemos el genocidio que se ha perpetrado contra los pueblos ind\u00edgenas desde el nacimiento de Canad\u00e1\u201d, dijo la artista de Haida, Tamara Bell.<\/p>\n<p>&nbsp;<\/p>\n<h4><em><strong>\u00a0384 nuevos casos de COVID-19 y administra un r\u00e9cord de 203.000 vacunas en un d\u00eda<\/strong><\/em><\/h4>\n<p><img loading=\"lazy\" decoding=\"async\" class=\"alignnone size-custom-full-size wp-image-498305\" src=\"https:\/\/diarioelpopular.com\/wp-content\/uploads\/2021\/06\/Screen-Shot-2021-06-16-at-12.31.08-PM-636x332.png\" alt=\"\" width=\"636\" height=\"332\" srcset=\"https:\/\/diarioelpopular.com\/wp-content\/uploads\/2021\/06\/Screen-Shot-2021-06-16-at-12.31.08-PM-636x332.png 636w, https:\/\/diarioelpopular.com\/wp-content\/uploads\/2021\/06\/Screen-Shot-2021-06-16-at-12.31.08-PM-300x157.png 300w, https:\/\/diarioelpopular.com\/wp-content\/uploads\/2021\/06\/Screen-Shot-2021-06-16-at-12.31.08-PM-768x401.png 768w, https:\/\/diarioelpopular.com\/wp-content\/uploads\/2021\/06\/Screen-Shot-2021-06-16-at-12.31.08-PM-140x73.png 140w, https:\/\/diarioelpopular.com\/wp-content\/uploads\/2021\/06\/Screen-Shot-2021-06-16-at-12.31.08-PM.png 1010w\" sizes=\"auto, (max-width: 636px) 100vw, 636px\" \/><\/p>\n<p><em>Actualizado mi\u00e9rcoles 16 de junio de 2021 11:50 a.m.<\/em><\/p>\n<p>Ontario report\u00f3 384 nuevos casos de COVID-19 este mi\u00e9rcoles, ya que la provincia alcanza un nuevo hito diario de la mayor cantidad de inyecciones administradas en 24 horas alcanzando casi 203,000 dosis. El total provincial asciende ahora a 540.810.<\/p>\n<p>El recuento de casos es un aumento con respecto al martes, sin embargo, la positividad de la prueba cay\u00f3 por debajo del dos por ciento. Tambi\u00e9n es el d\u00e9cimo d\u00eda consecutivo en que los casos est\u00e1n por debajo de 600.<\/p>\n<p>El martes hubo 293 casos nuevos, 447 el lunes y 530 el domingo.<\/p>\n<p>Seg\u00fan el informe del mi\u00e9rcoles, se registraron 71 casos en Waterloo, 60 en la regi\u00f3n de Peel, 54 en Toronto, 23 en Middlesex-London y 21 en Ottawa. La regi\u00f3n de Waterloo super\u00f3 a Toronto y Peel en la mayor\u00eda de los casos dentro del recuento.<\/p>\n<p>Todas las dem\u00e1s unidades de salud p\u00fablica locales notificaron menos de 20 casos nuevos en el informe provincial.<\/p>\n<p>El n\u00famero de muertos en la provincia ha aumentado a 8,986, ya que se registraron 12 muertes m\u00e1s.<\/p>\n<p>A partir de las 8 p.m. el martes, se administraron m\u00e1s de 11,7 millones de dosis totales de vacuna COVID-19. Eso marc\u00f3 un aumento r\u00e9cord de 202,984 vacunas (42,020 para una primera inyecci\u00f3n y 160,964 para una segunda inyecci\u00f3n) en el \u00faltimo d\u00eda. Hay casi 2,2 millones de personas completamente vacunadas con dos dosis.<\/p>\n<p>Mientras tanto, se inform\u00f3 que 527,162 residentes de Ontario se recuperaron del COVID-19, que es aproximadamente el 97 por ciento de los casos conocidos. Los casos resueltos aumentaron en 722 con respecto al d\u00eda anterior.<\/p>\n<p>Hubo m\u00e1s casos resueltos que casos nuevos el mi\u00e9rcoles.<\/p>\n<p>Los casos activos en Ontario ahora ascienden a 4.662, por debajo del d\u00eda anterior cuando estaba en 5.012, y est\u00e1 por debajo del 9 de junio cuando estaba en 6.824. En el pico de la oleada de coronavirus de la segunda ola en enero, los casos activos llegaron a poco m\u00e1s de 30.000. En la tercera ola de abril, los casos activos superaron los 43.000.<\/p>\n<p>El promedio de siete d\u00edas ahora ha llegado a 475, que es inferior al de ayer en 479, y est\u00e1 por debajo de la semana pasada en 657. Hace un mes, el promedio de siete d\u00edas era de alrededor de 2.300.<\/p>\n<p>El gobierno dijo que se procesaron 28.076 pruebas en las \u00faltimas 24 horas. Actualmente hay una acumulaci\u00f3n de 13,336 pruebas en espera de resultados. Se han completado un total de 15,618,918 pruebas desde el inicio de la pandemia.<\/p>\n<p>La positividad de la prueba del mi\u00e9rcoles fue del 1,5 por ciento, la m\u00e1s baja desde principios de octubre. Esa cifra es inferior a la del martes en el 2,3 por ciento y est\u00e1 por debajo de la semana pasada cuando estaba en el 2 por ciento.<\/p>\n<p>Ontario inform\u00f3 que 438 personas est\u00e1n hospitalizadas con COVID-19 (cinco m\u00e1s que el d\u00eda anterior) con 377 pacientes en unidades de cuidados intensivos (cinco menos) y 242 pacientes en UCI con ventilador (dos menos). En general, las hospitalizaciones han ido disminuyendo desde el pico de la tercera ola en abril.<\/p>\n<p><em><strong>Variantes preocupantes en Ontario<\/strong><\/em><\/p>\n<p>Los funcionarios han enumerado datos desglosados \u200b\u200bpara los nuevos VOC (variantes de inter\u00e9s) detectados hasta ahora en la provincia que consisten en el B.1.1.7 (ahora denominado por la OMS como &#8220;Alfa&#8221; y se detect\u00f3 por primera vez en el Reino Unido), B. 1.351 (ahora nombrada por la OMS como &#8220;Beta&#8221; y se detect\u00f3 por primera vez en Sud\u00e1frica), P.1 (ahora denominada por la OMS como &#8220;Gamma&#8221; y se detect\u00f3 por primera vez en Brasil) y B.1.617.2 (ahora nombrada por la OMS como &#8220;Delta&#8221; y se detect\u00f3 por primera vez en la India).<\/p>\n<p>&#8220;Alfa&#8221; el VOC B.1.1.7: 141,106 casos variantes, que ha aumentado en 488 desde el d\u00eda anterior,<\/p>\n<p>\u201cBeta\u201d el VOC B.1.351: 1.141 casos variantes, lo que supone un aumento de cuatro desde el d\u00eda anterior.<\/p>\n<p>\u201cGamma\u201d el P.1 VOC: 4,156 casos variantes que es 54 m\u00e1s desde el d\u00eda anterior.<\/p>\n<p>\u201cDelta\u201d B.1.617.2 VOC: 497 casos variantes, 54 m\u00e1s desde el d\u00eda anterior.<\/p>\n<p><em><strong>Casos, muertes y brotes en hogares de cuidados a largo plazo de Ontario<\/strong><\/em><\/p>\n<p>Seg\u00fan el Ministerio de Cuidados a Largo Plazo, se han reportado 3781 muertes entre residentes y pacientes en hogares de cuidados a largo plazo en Ontario, lo que no ha cambiado desde ayer. Se han informado trece muertes relacionadas con virus en total entre el personal.<\/p>\n<p>Actualmente hay nueve brotes en los hogares, cinco menos que el d\u00eda anterior.<\/p>\n<p>El ministerio tambi\u00e9n indic\u00f3 que actualmente hay 22 casos activos entre los residentes de cuidados a largo plazo, 17 casos activos entre el personal, sin cambios y con una disminuci\u00f3n de ocho, respectivamente, en el \u00faltimo d\u00eda.<\/p>\n","protected":false},"excerpt":{"rendered":"<p>&#8211; El llamado para cancelar las festividades del D\u00eda de Canad\u00e1 de este a\u00f1o est\u00e1 creciendo en todo el pa\u00eds. &#8211; \u00a0384 nuevos casos de&hellip;<\/p>\n","protected":false},"author":99,"featured_media":498304,"comment_status":"open","ping_status":"open","sticky":false,"template":"","format":"standard","meta":{"footnotes":""},"categories":[21,11191],"tags":[],"class_list":["post-498303","post","type-post","status-publish","format-standard","has-post-thumbnail","hentry","category-canada","category-top-news"],"_links":{"self":[{"href":"https:\/\/diarioelpopular.com\/index.php\/wp-json\/wp\/v2\/posts\/498303","targetHints":{"allow":["GET"]}}],"collection":[{"href":"https:\/\/diarioelpopular.com\/index.php\/wp-json\/wp\/v2\/posts"}],"about":[{"href":"https:\/\/diarioelpopular.com\/index.php\/wp-json\/wp\/v2\/types\/post"}],"author":[{"embeddable":true,"href":"https:\/\/diarioelpopular.com\/index.php\/wp-json\/wp\/v2\/users\/99"}],"replies":[{"embeddable":true,"href":"https:\/\/diarioelpopular.com\/index.php\/wp-json\/wp\/v2\/comments?post=498303"}],"version-history":[{"count":1,"href":"https:\/\/diarioelpopular.com\/index.php\/wp-json\/wp\/v2\/posts\/498303\/revisions"}],"predecessor-version":[{"id":498306,"href":"https:\/\/diarioelpopular.com\/index.php\/wp-json\/wp\/v2\/posts\/498303\/revisions\/498306"}],"wp:featuredmedia":[{"embeddable":true,"href":"https:\/\/diarioelpopular.com\/index.php\/wp-json\/wp\/v2\/media\/498304"}],"wp:attachment":[{"href":"https:\/\/diarioelpopular.com\/index.php\/wp-json\/wp\/v2\/media?parent=498303"}],"wp:term":[{"taxonomy":"category","embeddable":true,"href":"https:\/\/diarioelpopular.com\/index.php\/wp-json\/wp\/v2\/categories?post=498303"},{"taxonomy":"post_tag","embeddable":true,"href":"https:\/\/diarioelpopular.com\/index.php\/wp-json\/wp\/v2\/tags?post=498303"}],"curies":[{"name":"wp","href":"https:\/\/api.w.org\/{rel}","templated":true}]}}