{"id":498350,"date":"2021-06-19T11:08:08","date_gmt":"2021-06-19T15:08:08","guid":{"rendered":"https:\/\/diarioelpopular.com\/?p=498350"},"modified":"2021-06-19T11:08:08","modified_gmt":"2021-06-19T15:08:08","slug":"la-mitad-de-los-canadienses-estan-ansiosos-por-reabrir-en-medio-de-covid-19","status":"publish","type":"post","link":"https:\/\/diarioelpopular.com\/index.php\/2021\/06\/19\/la-mitad-de-los-canadienses-estan-ansiosos-por-reabrir-en-medio-de-covid-19\/","title":{"rendered":"La mitad de los canadienses est\u00e1n ansiosos por reabrir en medio de COVID-19"},"content":{"rendered":"<p><img loading=\"lazy\" decoding=\"async\" class=\"alignnone size-custom-full-size wp-image-498351\" src=\"https:\/\/diarioelpopular.com\/wp-content\/uploads\/2021\/06\/CP125023478-scaled-636x424.jpg\" alt=\"\" width=\"636\" height=\"424\" srcset=\"https:\/\/diarioelpopular.com\/wp-content\/uploads\/2021\/06\/CP125023478-scaled-636x424.jpg 636w, https:\/\/diarioelpopular.com\/wp-content\/uploads\/2021\/06\/CP125023478-scaled-300x200.jpg 300w, https:\/\/diarioelpopular.com\/wp-content\/uploads\/2021\/06\/CP125023478-scaled-768x512.jpg 768w, https:\/\/diarioelpopular.com\/wp-content\/uploads\/2021\/06\/CP125023478-scaled-1990x1327.jpg 1990w, https:\/\/diarioelpopular.com\/wp-content\/uploads\/2021\/06\/CP125023478-scaled-1200x800.jpg 1200w, https:\/\/diarioelpopular.com\/wp-content\/uploads\/2021\/06\/CP125023478-scaled-109x73.jpg 109w, https:\/\/diarioelpopular.com\/wp-content\/uploads\/2021\/06\/CP125023478-scaled.jpg 1024w\" sizes=\"auto, (max-width: 636px) 100vw, 636px\" \/><\/p>\n<h4><em><strong>&#8211; Despu\u00e9s de m\u00e1s de un a\u00f1o de aislamiento social en medio de la pandemia de COVID-19, Paula Schuck, dice que ella y su familia no quieren estar cerca de una multitud, ya que el proceso de reapertura est\u00e1 en marcha en la provincia.<\/strong><\/em><\/h4>\n<h4><em><strong>&#8211; Ontario reporta 355 nuevos casos de COVID-19, n\u00famero r\u00e9cord de vacunaciones administradas<\/strong><\/em><\/h4>\n<p>Con una fuerte ca\u00edda en los casos de coronavirus junto con el aumento de la cobertura de vacunaci\u00f3n, las restricciones han comenzado a disminuir en todo Canad\u00e1.<\/p>\n<p>Si bien la mayor\u00eda de los canadienses se sienten c\u00f3modos con el ritmo de la reapertura, la mitad de la poblaci\u00f3n tambi\u00e9n est\u00e1 ansiosa por reanudar sus actividades normales, seg\u00fan una nueva encuesta de Ipsos realizada este s\u00e1bado exclusivamente para Global News.<\/p>\n<p>&#8220;Creo que todo el mundo se siente un poco preocupado por c\u00f3mo se ven las cosas y c\u00f3mo estar a salvo y cu\u00e1nto es demasiado r\u00e1pido&#8221;, dijo Schuck, de 52 a\u00f1os, que vive en London, Ontario.<\/p>\n<p>Su principal preocupaci\u00f3n es que sus dos hijas adolescentes, que ya sufren de ansiedad social, puedan regresar a la escuela de manera segura.<\/p>\n<p>&#8220;Pasar\u00e1 un tiempo antes de que podamos sentirnos c\u00f3modos con ir al teatro o ir a un concierto &#8230; y probablemente se ver\u00e1 diferente&#8221;, dijo a Global News.<\/p>\n<p><em><strong>Schuck no es el \u00fanico que se siente as\u00ed.<\/strong><\/em><\/p>\n<p>Las encuestas de Ipsos mostraron que el 51 por ciento de los canadienses est\u00e1n de acuerdo en que se sienten nerviosos por reanudar sus actividades normales, mientras que el 49 por ciento no est\u00e1 de acuerdo. Las personas m\u00e1s j\u00f3venes tienen m\u00e1s probabilidades de sentir ansiedad social sobre el futuro en comparaci\u00f3n con las personas mayores de 35 a\u00f1os, seg\u00fan la encuesta en l\u00ednea de m\u00e1s de 1,000 canadienses.<\/p>\n<p>Los expertos en salud mental dicen que sentirse ansioso es natural y se espera que las personas comiencen a familiarizarse con las normas sociales despu\u00e9s de m\u00e1s de 15 meses de estrictas restricciones.<\/p>\n<p>\u201cTodos hemos estado en un estado de vigilancia tan elevado. Se necesita algo de tiempo para que su cuerpo y su mente salgan de eso \u201d, dijo la Dra. Sarah Levitt, psiquiatra y profesora asistente en la Universidad de Toronto.<\/p>\n<p>Pero al mismo tiempo, la ansiedad puede ser una &#8220;reacci\u00f3n muy \u00fatil&#8221; que nos impulsa a tomar medidas para protegernos, agreg\u00f3.<\/p>\n<p>Es m\u00e1s probable que la reapertura presente desaf\u00edos para las personas con ansiedad preexistente o problemas de salud mental, dijo el Dr. Sanjeev Sockalingam, profesor de psiquiatr\u00eda en la UofT.<\/p>\n<p>Los trabajadores de la salud de primera l\u00ednea, aquellos que contrajeron COVID-19 o perdieron a un ser querido a causa de la enfermedad, tambi\u00e9n tienen un mayor riesgo de ansiedad una vez que las cosas comienzan a abrirse, agreg\u00f3.<\/p>\n<p>&#8220;Sabemos que existen algunas complicaciones de salud mental que podr\u00edan persistir despu\u00e9s del COVID-19 y, con la reapertura, puede ser m\u00e1s aterrador para aquellas personas que han experimentado el COVID-19 de primera mano&#8221;, dijo Sockalingam a Global News.<\/p>\n<p>Sasha Stansbury, de 27 a\u00f1os, quien se describe a s\u00ed misma como introvertida, ha luchado contra la ansiedad social en el pasado.<\/p>\n<p>Ella dice que volver a ver grandes multitudes con m\u00e1s gente socializando en los patios de los restaurantes en su vecindario de Ottawa, lleno de bares, la est\u00e1 poniendo nerviosa.<\/p>\n<p>&#8220;Me he estado aislando con las mismas dos personas durante casi el a\u00f1o pasado, as\u00ed que estoy de acuerdo con pasar el rato en nuestro apartamento&#8221;, dijo.<\/p>\n<p>Siete de cada 10 canadienses est\u00e1n de acuerdo en que conf\u00edan en el plan de reapertura de su provincia, mientras que el 13% est\u00e1 totalmente de acuerdo, seg\u00fan la encuesta de Ipsos.<\/p>\n<p>Stansbury dice que la experiencia de la pandemia ha reducido su sentido de confianza en las personas.<\/p>\n<p>&#8220;Hay tantas cosas que todav\u00eda no sabemos y se siente un poco apresurado avanzar tan r\u00e1pido en este momento&#8221;.<\/p>\n<p>M\u00e1s del 75 por ciento de los canadienses elegibles de 12 a\u00f1os o m\u00e1s han recibido al menos una dosis de una vacuna COVID-19 aprobada hasta el viernes, seg\u00fan covid19tracker.ca. Casi el 19 por ciento se ha vacunado por completo.<\/p>\n<p>El estado de vacunaci\u00f3n de las personas tambi\u00e9n ser\u00e1 un factor cr\u00edtico que influir\u00e1 con qui\u00e9n se conectan y socializan, dijo Sockalingam.<\/p>\n<p>A principios de este mes, Schuck conoci\u00f3 a una amiga, que estaba completamente vacunada, en lo que fue su primera interacci\u00f3n social en persona en m\u00e1s de un a\u00f1o.<\/p>\n<p>Dijo que se sentir\u00e1 m\u00e1s a gusto una vez que toda su familia haya recibido su segunda dosis.<\/p>\n<p><em><strong>C\u00f3mo lidiar con la ansiedad<\/strong><\/em><\/p>\n<p>Las provincias se encuentran actualmente en la fase inicial de sus planes de reapertura.<\/p>\n<p>A medida que se levanten m\u00e1s restricciones en las pr\u00f3ximas semanas y meses, Sockalingam y Levitt aconsejaron a los canadienses que adopten un enfoque paso a paso y vuelvan a participar lentamente en actividades sociales con las que se sientan c\u00f3modos.<\/p>\n<p>&#8220;No es necesario pasar de cero a 100&#8221;, dijo Levitt.<\/p>\n<p>&#8220;No tienes que pasar de estar sentado dentro de tu casa a ser, de repente, la vida de una fiesta en un espacio interior lleno de gente&#8221;, agreg\u00f3.<\/p>\n<p>Restablecer una rutina o estructura con cada fase de reapertura puede ser \u00fatil, dijo Sockalingam.<\/p>\n<p>La comunicaci\u00f3n clara de los l\u00edderes y los funcionarios de salud p\u00fablica sobre la amenaza real y la prevalencia de COVID-19 en la comunidad es importante para que las personas puedan evaluar los riesgos de participar en ciertas actividades, dijo Levitt.<\/p>\n<p>Tanto Levitt como Sockalingam tambi\u00e9n alentaron a las personas a hablar con amigos y familiares para tratar de superar su ansiedad.<\/p>\n<p>Pero si el problema persiste hasta el punto de que comienza a limitar la actividad social, las rutinas del d\u00eda a d\u00eda y la capacidad para divertirse.<\/p>\n<p>&nbsp;<\/p>\n<h4><em><strong>Ontario reporta este s\u00e1bado 355 nuevos casos de COVID-19, n\u00famero r\u00e9cord de vacunaciones administradas<\/strong><\/em><\/h4>\n<p><em><strong>TORONTO.-<\/strong> <\/em>Por quinto d\u00eda consecutivo, el n\u00famero de nuevos casos de COVID-19 en Ontario permanece por debajo de 400, ya que la provincia establece un nuevo r\u00e9cord diario en lo que respecta a las vacunas.<\/p>\n<p>Los funcionarios provinciales informaron 355 nuevos casos de coronavirus el s\u00e1bado, un ligero aumento en las 345 nuevas infecciones informadas el viernes. Eso reduce el promedio m\u00f3vil de siete d\u00edas de casos nuevos a 389. Hace una semana, era 533.<\/p>\n<p>Por cuarto d\u00eda consecutivo, la provincia estableci\u00f3 un nuevo m\u00e1ximo en un solo d\u00eda con 213,236 dosis de vacuna administradas el viernes, m\u00e1s de 178,000 de ellas fueron segundas dosis.<\/p>\n<p>Eso eleva el n\u00famero total de habitantes de Ontario que han recibido al menos una dosis de la vacuna COVID-19 a m\u00e1s de 12,3 millones, o casi el 75 por ciento. El n\u00famero de personas en la provincia que han sido completamente vacunadas con dos dosis supera ahora los 2,7 millones o el 21%.<\/p>\n<p>La provincia eclips\u00f3 otro hito sombr\u00edo, ya que 13 personas m\u00e1s murieron como resultado del virus, lo que elev\u00f3 el total a 9,007.<\/p>\n<p>Se notificaron 58 casos nuevos en Toronto, 45 en la regi\u00f3n de Peel y 18 m\u00e1s en la regi\u00f3n de York. Las regiones de puntos cr\u00edticos de Waterloo informaron 54 nuevas infecciones, mientras que se informaron 22 nuevos casos en la Unidad de Salud Porcupine.<\/p>\n<p>Los funcionarios provinciales procesaron poco m\u00e1s de 25.000 pruebas en el per\u00edodo anterior de 24 horas, con una tasa de positividad del 1,4 por ciento que se mantuvo sin cambios con respecto al d\u00eda anterior.<\/p>\n<p>De los nuevos casos notificados, 731 eran de la variante Delta, que ahora se ha convertido en la cepa dominante del virus en la provincia.<\/p>\n<p>El n\u00famero de casos confirmados de COVID-19 atribuidos a la variante Delta altamente contagiosa aument\u00f3 un 66 por ciento en Canad\u00e1 esta semana, seg\u00fan la directora de salud p\u00fablica de Canad\u00e1, la Dra. Theresa Tam.<\/p>\n<p>Tam dice que la variante Delta ahora est\u00e1 en todas las provincias y al menos en uno de los territorios.<\/p>\n<p>La variante Alpha identificada por primera vez en el Reino Unido es, por ahora, la variante dominante en Canad\u00e1, con m\u00e1s de 216.000 casos confirmados.<\/p>\n<p>La variante se identific\u00f3 por primera vez en la India, pero ahora se ha convertido en la cepa dominante en el Reino Unido, donde se est\u00e1 propagando r\u00e1pidamente, principalmente entre personas no vacunadas.<\/p>\n<p>Tam dice que la variante es una preocupaci\u00f3n porque una dosis de vacuna no es tan efectiva contra ella y subraya la necesidad de que Canad\u00e1 siga acelerando el ritmo con las segundas dosis.<\/p>\n","protected":false},"excerpt":{"rendered":"<p>&#8211; Despu\u00e9s de m\u00e1s de un a\u00f1o de aislamiento social en medio de la pandemia de COVID-19, Paula Schuck, dice que ella y su familia&hellip;<\/p>\n","protected":false},"author":99,"featured_media":498351,"comment_status":"open","ping_status":"open","sticky":false,"template":"","format":"standard","meta":{"footnotes":""},"categories":[21,11191],"tags":[],"class_list":["post-498350","post","type-post","status-publish","format-standard","has-post-thumbnail","hentry","category-canada","category-top-news"],"_links":{"self":[{"href":"https:\/\/diarioelpopular.com\/index.php\/wp-json\/wp\/v2\/posts\/498350","targetHints":{"allow":["GET"]}}],"collection":[{"href":"https:\/\/diarioelpopular.com\/index.php\/wp-json\/wp\/v2\/posts"}],"about":[{"href":"https:\/\/diarioelpopular.com\/index.php\/wp-json\/wp\/v2\/types\/post"}],"author":[{"embeddable":true,"href":"https:\/\/diarioelpopular.com\/index.php\/wp-json\/wp\/v2\/users\/99"}],"replies":[{"embeddable":true,"href":"https:\/\/diarioelpopular.com\/index.php\/wp-json\/wp\/v2\/comments?post=498350"}],"version-history":[{"count":1,"href":"https:\/\/diarioelpopular.com\/index.php\/wp-json\/wp\/v2\/posts\/498350\/revisions"}],"predecessor-version":[{"id":498352,"href":"https:\/\/diarioelpopular.com\/index.php\/wp-json\/wp\/v2\/posts\/498350\/revisions\/498352"}],"wp:featuredmedia":[{"embeddable":true,"href":"https:\/\/diarioelpopular.com\/index.php\/wp-json\/wp\/v2\/media\/498351"}],"wp:attachment":[{"href":"https:\/\/diarioelpopular.com\/index.php\/wp-json\/wp\/v2\/media?parent=498350"}],"wp:term":[{"taxonomy":"category","embeddable":true,"href":"https:\/\/diarioelpopular.com\/index.php\/wp-json\/wp\/v2\/categories?post=498350"},{"taxonomy":"post_tag","embeddable":true,"href":"https:\/\/diarioelpopular.com\/index.php\/wp-json\/wp\/v2\/tags?post=498350"}],"curies":[{"name":"wp","href":"https:\/\/api.w.org\/{rel}","templated":true}]}}