{"id":498369,"date":"2021-06-21T11:21:41","date_gmt":"2021-06-21T15:21:41","guid":{"rendered":"https:\/\/diarioelpopular.com\/?p=498369"},"modified":"2021-06-21T11:21:41","modified_gmt":"2021-06-21T15:21:41","slug":"brasil-con-record-de-muertes-por-dia","status":"publish","type":"post","link":"https:\/\/diarioelpopular.com\/index.php\/2021\/06\/21\/brasil-con-record-de-muertes-por-dia\/","title":{"rendered":"Brasil con r\u00e9cord de muertes por d\u00eda"},"content":{"rendered":"<p><img loading=\"lazy\" decoding=\"async\" class=\"alignnone size-custom-full-size wp-image-498370\" src=\"https:\/\/diarioelpopular.com\/wp-content\/uploads\/2021\/06\/a094a0380aeac70a5d0414be8521f438-636x423.jpg\" alt=\"\" width=\"636\" height=\"423\" srcset=\"https:\/\/diarioelpopular.com\/wp-content\/uploads\/2021\/06\/a094a0380aeac70a5d0414be8521f438-636x423.jpg 636w, https:\/\/diarioelpopular.com\/wp-content\/uploads\/2021\/06\/a094a0380aeac70a5d0414be8521f438-300x200.jpg 300w, https:\/\/diarioelpopular.com\/wp-content\/uploads\/2021\/06\/a094a0380aeac70a5d0414be8521f438-768x511.jpg 768w, https:\/\/diarioelpopular.com\/wp-content\/uploads\/2021\/06\/a094a0380aeac70a5d0414be8521f438-110x73.jpg 110w, https:\/\/diarioelpopular.com\/wp-content\/uploads\/2021\/06\/a094a0380aeac70a5d0414be8521f438.jpg 945w\" sizes=\"auto, (max-width: 636px) 100vw, 636px\" \/><\/p>\n<p><em>M\u00e1s y m\u00e1s muertes, el Covid-19 vuelve a transformar a Brasil en un infierno (foto: ANSA)<\/em><\/p>\n<p><em><strong>BRASILIA, 21 JUN &#8211;<\/strong><\/em> Brasil registr\u00f3 el promedio de muertes diarias por coronavirus m\u00e1s alto desde abril poco despu\u00e9s de haber superado el medio mill\u00f3n de v\u00edctimas fatales, al tiempo que la cifra de contaminados se aproxima a los 18 millones.<br \/>\nEste domingo fueron contabilizados 1.050 fallecimientos por lo que se elev\u00f3 a 501.918 el total de casos fatales acumulados desde el inicio de la pandemia.<br \/>\nLa media m\u00f3vil en los \u00faltimos siete d\u00edas fue de 2.063 muertes cada 24 horas, el promedio semanal m\u00e1s alto desde el 1 de abril.<br \/>\nBrasil lleg\u00f3 a la marca de medio mill\u00f3n de fallecimientos el s\u00e1bado en medio de un cuadro epidemiol\u00f3gico agravado que, para algunos investigadores, se encamina hacia una tercera onda de la pandemia.<br \/>\nPor otra parte el acumulado de infectados lleg\u00f3 a los 17.926.393, cifra que incluye a los 45.348 de este domingo, cuando la media fue 73.200 casos por d\u00eda en la \u00faltima semana, con un incremento del 17 % frente a los n\u00fameros de hace 14 d\u00edas.<br \/>\nLos datos de las secretar\u00edas de salud de los distintos estados fueron publicados este lunes por el diario O Globo.<\/p>\n","protected":false},"excerpt":{"rendered":"<p>M\u00e1s y m\u00e1s muertes, el Covid-19 vuelve a transformar a Brasil en un infierno (foto: ANSA) BRASILIA, 21 JUN &#8211; Brasil registr\u00f3 el promedio de&hellip;<\/p>\n","protected":false},"author":99,"featured_media":498370,"comment_status":"open","ping_status":"open","sticky":false,"template":"","format":"standard","meta":{"footnotes":""},"categories":[23],"tags":[],"class_list":["post-498369","post","type-post","status-publish","format-standard","has-post-thumbnail","hentry","category-latinoamerica"],"_links":{"self":[{"href":"https:\/\/diarioelpopular.com\/index.php\/wp-json\/wp\/v2\/posts\/498369","targetHints":{"allow":["GET"]}}],"collection":[{"href":"https:\/\/diarioelpopular.com\/index.php\/wp-json\/wp\/v2\/posts"}],"about":[{"href":"https:\/\/diarioelpopular.com\/index.php\/wp-json\/wp\/v2\/types\/post"}],"author":[{"embeddable":true,"href":"https:\/\/diarioelpopular.com\/index.php\/wp-json\/wp\/v2\/users\/99"}],"replies":[{"embeddable":true,"href":"https:\/\/diarioelpopular.com\/index.php\/wp-json\/wp\/v2\/comments?post=498369"}],"version-history":[{"count":1,"href":"https:\/\/diarioelpopular.com\/index.php\/wp-json\/wp\/v2\/posts\/498369\/revisions"}],"predecessor-version":[{"id":498371,"href":"https:\/\/diarioelpopular.com\/index.php\/wp-json\/wp\/v2\/posts\/498369\/revisions\/498371"}],"wp:featuredmedia":[{"embeddable":true,"href":"https:\/\/diarioelpopular.com\/index.php\/wp-json\/wp\/v2\/media\/498370"}],"wp:attachment":[{"href":"https:\/\/diarioelpopular.com\/index.php\/wp-json\/wp\/v2\/media?parent=498369"}],"wp:term":[{"taxonomy":"category","embeddable":true,"href":"https:\/\/diarioelpopular.com\/index.php\/wp-json\/wp\/v2\/categories?post=498369"},{"taxonomy":"post_tag","embeddable":true,"href":"https:\/\/diarioelpopular.com\/index.php\/wp-json\/wp\/v2\/tags?post=498369"}],"curies":[{"name":"wp","href":"https:\/\/api.w.org\/{rel}","templated":true}]}}