{"id":498375,"date":"2021-06-21T11:27:47","date_gmt":"2021-06-21T15:27:47","guid":{"rendered":"https:\/\/diarioelpopular.com\/?p=498375"},"modified":"2021-06-21T11:27:47","modified_gmt":"2021-06-21T15:27:47","slug":"la-pandemia-empeora-en-cuba-hay-alarma","status":"publish","type":"post","link":"https:\/\/diarioelpopular.com\/index.php\/2021\/06\/21\/la-pandemia-empeora-en-cuba-hay-alarma\/","title":{"rendered":"La pandemia empeora en Cuba, hay alarma"},"content":{"rendered":"<h4><img loading=\"lazy\" decoding=\"async\" class=\"alignnone size-custom-full-size wp-image-498376\" src=\"https:\/\/diarioelpopular.com\/wp-content\/uploads\/2021\/06\/503b68cad94c666b9c36b67e8882a477-636x457.jpg\" alt=\"\" width=\"636\" height=\"457\" srcset=\"https:\/\/diarioelpopular.com\/wp-content\/uploads\/2021\/06\/503b68cad94c666b9c36b67e8882a477-636x457.jpg 636w, https:\/\/diarioelpopular.com\/wp-content\/uploads\/2021\/06\/503b68cad94c666b9c36b67e8882a477-300x216.jpg 300w, https:\/\/diarioelpopular.com\/wp-content\/uploads\/2021\/06\/503b68cad94c666b9c36b67e8882a477-768x552.jpg 768w, https:\/\/diarioelpopular.com\/wp-content\/uploads\/2021\/06\/503b68cad94c666b9c36b67e8882a477-102x73.jpg 102w, https:\/\/diarioelpopular.com\/wp-content\/uploads\/2021\/06\/503b68cad94c666b9c36b67e8882a477.jpg 945w\" sizes=\"auto, (max-width: 636px) 100vw, 636px\" \/><\/h4>\n<p><em>Desolaci\u00f3n en una calle de La Habana. El virus arrecia en Cuba <\/em><\/p>\n<h4><em><strong>&#8220;Fatiga psicol\u00f3gica a la vista&#8221; advierte diario oficial<\/strong><\/em><\/h4>\n<p><em><strong>LA HABANA, 21 JUN &#8211;<\/strong><\/em> La epidemia de Covid-19 en Cuba empeor\u00f3 este lunes con 8.364 enfermos y 1.561 nuevos casos, ambas cifras r\u00e9cords nacionales, mientras que la prensa estatal advirti\u00f3 sobre la &#8220;fatiga&#8221; psicol\u00f3gica.<br \/>\nLas estad\u00edsticas reflejaron que contin\u00faa la expansi\u00f3n con 11 muertes m\u00e1s. Totalizan ya 169.365 los infestados desde que comenz\u00f3 la pandemia en el pa\u00eds con 1,170 fallecimientos.<br \/>\nLa propagaci\u00f3n nacional sigue alta, con 320 nuevos contagios en La Habana, 208 en Santiago, 900 kil\u00f3metros al este y en provincias cercanas a la capital como Matanzas con 173, Mayabeque con 128 y Pinar del R\u00edo con 124.<br \/>\nLa celebraci\u00f3n el domingo \u00faltimo del D\u00eda de los Padres &#8220;puede que tenga una repercusi\u00f3n en la expansi\u00f3n de la epidemia&#8221;, estim\u00f3 Francisco Dur\u00e1n director nacional de Epidemiolog\u00eda en su rueda de prensa habitual diaria en la que publica el informe oficial de la jornada.<br \/>\nEl domingo el movimiento del tr\u00e1nsito de veh\u00edculos en La Habana era visiblemente alto aunque en un recorrido hecho por ANSA ese d\u00eda no eran visibles festejos de grupos en las calles.<br \/>\nLos cubanos sufren una &#8220;gran paradoja social peligrosa y dif\u00edcil a causa de la severa epidemia de Covid-19 con un resquebrajamiento de la disciplina familiar y social,&#8221; coment\u00f3 hoy el diario oficial Granma que hizo un amplio an\u00e1lisis social y psicol\u00f3gico bajo la epidemia.<br \/>\nNotas publicadas el lunes por otros medios nacionales estatales analizaron la situaci\u00f3n actual y mencionaron problemas generadores de ese estado de \u00e1nimo como el desabastecimiento de productos fundamentales, la escasez de medicamentos y las tensiones en el transporte.<br \/>\nEl diario Granma estim\u00f3 que esta &#8220;fatiga&#8221; pand\u00e9mica &#8220;no es una enfermedad, sino un estado sicol\u00f3gico producido por la exposici\u00f3n continua a un conjunto de factores estresantes, directamente relacionados con el posible contagio&#8221;, explic\u00f3.<br \/>\nEl peri\u00f3dico oficial subray\u00f3 que &#8220;los cubanos sufren una &#8220;gran paradoja social peligrosa y dif\u00edcil a causa de la severa epidemia de Covid-19 con un &#8220;resquebrajamiento&#8221; de la disciplina familiar y social&#8221;, Granma mencion\u00f3 otro fen\u00f3meno psicol\u00f3gico.<br \/>\n&#8220;Para muchas personas las alertas, los consejos sanitarios y hasta el anuncio de nuevas medidas restrictivas, luego de m\u00e1s de un a\u00f1o, ya resuenan como un saturado discurso&#8221;, estim\u00f3 la publicaci\u00f3n.<br \/>\n&#8220;A fuerza de repetici\u00f3n hace perder su efectividad o en su defecto, en el mejor de los escenarios, se incorporan con mayor naturalidad convirti\u00e9ndolas en un h\u00e1bito cotidiano&#8221;, agreg\u00f3. &#8220;La monoton\u00eda se apodera de todo, aplanando los afectos y la capacidad de razonar. Este cuadro de fatiga produce actitudes, esquemas mentales, emociones y comportamientos potencialmente peligrosos&#8221;, afirm\u00f3 y advirti\u00f3 que &#8220;debemos estar atentos cuando sintamos que excede nuestro control, para evitar una cat\u00e1strofe mayor&#8221;.<br \/>\n&#8220;Toque la solidaridad, el respeto, la dignidad, la justicia, el gozo por las artes, la cultura, la sensibilidad en el cuidado, y seguramente comenzar\u00e1 a escuchar un canto de vida, aliento, paz y esperanza, a pesar del cansancio&#8221;, propuso finalmente Granma.<\/p>\n","protected":false},"excerpt":{"rendered":"<p>Desolaci\u00f3n en una calle de La Habana. El virus arrecia en Cuba &#8220;Fatiga psicol\u00f3gica a la vista&#8221; advierte diario oficial LA HABANA, 21 JUN &#8211;&hellip;<\/p>\n","protected":false},"author":99,"featured_media":498376,"comment_status":"open","ping_status":"open","sticky":false,"template":"","format":"standard","meta":{"footnotes":""},"categories":[23],"tags":[],"class_list":["post-498375","post","type-post","status-publish","format-standard","has-post-thumbnail","hentry","category-latinoamerica"],"_links":{"self":[{"href":"https:\/\/diarioelpopular.com\/index.php\/wp-json\/wp\/v2\/posts\/498375","targetHints":{"allow":["GET"]}}],"collection":[{"href":"https:\/\/diarioelpopular.com\/index.php\/wp-json\/wp\/v2\/posts"}],"about":[{"href":"https:\/\/diarioelpopular.com\/index.php\/wp-json\/wp\/v2\/types\/post"}],"author":[{"embeddable":true,"href":"https:\/\/diarioelpopular.com\/index.php\/wp-json\/wp\/v2\/users\/99"}],"replies":[{"embeddable":true,"href":"https:\/\/diarioelpopular.com\/index.php\/wp-json\/wp\/v2\/comments?post=498375"}],"version-history":[{"count":1,"href":"https:\/\/diarioelpopular.com\/index.php\/wp-json\/wp\/v2\/posts\/498375\/revisions"}],"predecessor-version":[{"id":498377,"href":"https:\/\/diarioelpopular.com\/index.php\/wp-json\/wp\/v2\/posts\/498375\/revisions\/498377"}],"wp:featuredmedia":[{"embeddable":true,"href":"https:\/\/diarioelpopular.com\/index.php\/wp-json\/wp\/v2\/media\/498376"}],"wp:attachment":[{"href":"https:\/\/diarioelpopular.com\/index.php\/wp-json\/wp\/v2\/media?parent=498375"}],"wp:term":[{"taxonomy":"category","embeddable":true,"href":"https:\/\/diarioelpopular.com\/index.php\/wp-json\/wp\/v2\/categories?post=498375"},{"taxonomy":"post_tag","embeddable":true,"href":"https:\/\/diarioelpopular.com\/index.php\/wp-json\/wp\/v2\/tags?post=498375"}],"curies":[{"name":"wp","href":"https:\/\/api.w.org\/{rel}","templated":true}]}}