{"id":498409,"date":"2021-06-23T11:19:43","date_gmt":"2021-06-23T15:19:43","guid":{"rendered":"https:\/\/diarioelpopular.com\/?p=498409"},"modified":"2021-06-23T11:19:43","modified_gmt":"2021-06-23T15:19:43","slug":"mexico-y-argentina-suben-el-tono-vs-nicaragua","status":"publish","type":"post","link":"https:\/\/diarioelpopular.com\/index.php\/2021\/06\/23\/mexico-y-argentina-suben-el-tono-vs-nicaragua\/","title":{"rendered":"M\u00e9xico y Argentina suben el tono vs Nicaragua"},"content":{"rendered":"<h4><img loading=\"lazy\" decoding=\"async\" class=\"alignnone size-custom-full-size wp-image-498410\" src=\"https:\/\/diarioelpopular.com\/wp-content\/uploads\/2021\/06\/suben_el_tono-636x358.jpg\" alt=\"\" width=\"636\" height=\"358\" srcset=\"https:\/\/diarioelpopular.com\/wp-content\/uploads\/2021\/06\/suben_el_tono-636x358.jpg 636w, https:\/\/diarioelpopular.com\/wp-content\/uploads\/2021\/06\/suben_el_tono-300x169.jpg 300w, https:\/\/diarioelpopular.com\/wp-content\/uploads\/2021\/06\/suben_el_tono-130x73.jpg 130w, https:\/\/diarioelpopular.com\/wp-content\/uploads\/2021\/06\/suben_el_tono.jpg 700w\" sizes=\"auto, (max-width: 636px) 100vw, 636px\" \/><\/h4>\n<p><em>Activistas han realizado varios plantones frente a la sede de la OEA, en Washington<\/em><\/p>\n<h4><em><strong>Mostraron preocupaci\u00f3n por las acciones del r\u00e9gimen de Ortega; llaman a sus embajadores<\/strong><\/em><\/h4>\n<p>Los gobiernos de Argentina y M\u00e9xico llamaron a sus respectivos embajadores en Nicaragua a consultas sobre la situaci\u00f3n pol\u00edtica en el pa\u00eds centroamericano, luego de que el presidente Daniel Ortega detuviera a varios opositores.<\/p>\n<p>Seg\u00fan un comunicado conjunto, la medida tiene por objeto &#8220;realizar consultas sobre las preocupantes acciones pol\u00edticas-legales realizadas por el gobierno nicarag\u00fcense en los \u00faltimos d\u00edas, que han puesto en riesgo la integridad y libertad de diversas figuras de la oposici\u00f3n&#8221;.<\/p>\n<p><em>&#8220;Argentina y M\u00e9xico se mantendr\u00e1n atentos a la evoluci\u00f3n de los acontecimientos (&#8230;) y seguir\u00e1n promoviendo inequ\u00edvocamente el pleno respeto y promoci\u00f3n de los derechos humanos, las libertades civiles, pol\u00edticas y de expresi\u00f3n&#8221;<\/em>, indicaron.<\/p>\n<p>Tambi\u00e9n ofrecieron su ayuda para promover un &#8220;di\u00e1logo&#8221; que contribuya a resolver esta situaci\u00f3n de forma pac\u00edfica, &#8220;respetando la divisi\u00f3n de poderes, el respeto a las minor\u00edas, las garant\u00edas constitucionales&#8221;.<\/p>\n<p>La administraci\u00f3n de Ortega, a trav\u00e9s de la Fiscal\u00eda, acusa a los opositores detenidos de cometer delitos como &#8220;financiamiento al terrorismo, injerencia extranjera y traici\u00f3n a la patria&#8221;, y de haber apoyado un &#8220;fallido golpe de Estado&#8221;, a trav\u00e9s de las protestas que estallaron en abril de 2018.<\/p>\n<p>Cabe destacar que M\u00e9xico y Argentina, junto con Belice, Dominica y Honduras, se abstuvieron de votar una reciente resoluci\u00f3n de la Organizaci\u00f3n de Estados Americanos (OEA) secundada por 26 pa\u00edses que conden\u00f3 las acciones de Ortega.<\/p>\n<p>La escalada se produce a cinco meses de las elecciones generales, en las que no se descarta que Ortega, de 75 a\u00f1os y con 14 consecutivos en el poder, busque un cuarto mandato sucesivo.<\/p>\n<p>Por su parte, la Comisi\u00f3n de Derechos Humanos de las Naciones Unidas y la OEA tienen programadas reuniones que se llevar\u00e1n a cabo esta semana.<\/p>\n","protected":false},"excerpt":{"rendered":"<p>Activistas han realizado varios plantones frente a la sede de la OEA, en Washington Mostraron preocupaci\u00f3n por las acciones del r\u00e9gimen de Ortega; llaman a&hellip;<\/p>\n","protected":false},"author":99,"featured_media":498410,"comment_status":"open","ping_status":"open","sticky":false,"template":"","format":"standard","meta":{"footnotes":""},"categories":[23],"tags":[],"class_list":["post-498409","post","type-post","status-publish","format-standard","has-post-thumbnail","hentry","category-latinoamerica"],"_links":{"self":[{"href":"https:\/\/diarioelpopular.com\/index.php\/wp-json\/wp\/v2\/posts\/498409","targetHints":{"allow":["GET"]}}],"collection":[{"href":"https:\/\/diarioelpopular.com\/index.php\/wp-json\/wp\/v2\/posts"}],"about":[{"href":"https:\/\/diarioelpopular.com\/index.php\/wp-json\/wp\/v2\/types\/post"}],"author":[{"embeddable":true,"href":"https:\/\/diarioelpopular.com\/index.php\/wp-json\/wp\/v2\/users\/99"}],"replies":[{"embeddable":true,"href":"https:\/\/diarioelpopular.com\/index.php\/wp-json\/wp\/v2\/comments?post=498409"}],"version-history":[{"count":1,"href":"https:\/\/diarioelpopular.com\/index.php\/wp-json\/wp\/v2\/posts\/498409\/revisions"}],"predecessor-version":[{"id":498411,"href":"https:\/\/diarioelpopular.com\/index.php\/wp-json\/wp\/v2\/posts\/498409\/revisions\/498411"}],"wp:featuredmedia":[{"embeddable":true,"href":"https:\/\/diarioelpopular.com\/index.php\/wp-json\/wp\/v2\/media\/498410"}],"wp:attachment":[{"href":"https:\/\/diarioelpopular.com\/index.php\/wp-json\/wp\/v2\/media?parent=498409"}],"wp:term":[{"taxonomy":"category","embeddable":true,"href":"https:\/\/diarioelpopular.com\/index.php\/wp-json\/wp\/v2\/categories?post=498409"},{"taxonomy":"post_tag","embeddable":true,"href":"https:\/\/diarioelpopular.com\/index.php\/wp-json\/wp\/v2\/tags?post=498409"}],"curies":[{"name":"wp","href":"https:\/\/api.w.org\/{rel}","templated":true}]}}