{"id":498423,"date":"2021-06-24T12:14:58","date_gmt":"2021-06-24T16:14:58","guid":{"rendered":"https:\/\/diarioelpopular.com\/?p=498423"},"modified":"2021-06-24T12:14:58","modified_gmt":"2021-06-24T16:14:58","slug":"brasil-tiene-115-mil-casos-en-un-dia-cifra-record","status":"publish","type":"post","link":"https:\/\/diarioelpopular.com\/index.php\/2021\/06\/24\/brasil-tiene-115-mil-casos-en-un-dia-cifra-record\/","title":{"rendered":"Brasil tiene 115 mil casos en un d\u00eda, cifra r\u00e9cord"},"content":{"rendered":"<p><img loading=\"lazy\" decoding=\"async\" class=\"alignnone size-custom-full-size wp-image-498424\" src=\"https:\/\/diarioelpopular.com\/wp-content\/uploads\/2021\/06\/633b4fcb4918219c584d2fb0df5ccd41-636x423.jpg\" alt=\"\" width=\"636\" height=\"423\" srcset=\"https:\/\/diarioelpopular.com\/wp-content\/uploads\/2021\/06\/633b4fcb4918219c584d2fb0df5ccd41-636x423.jpg 636w, https:\/\/diarioelpopular.com\/wp-content\/uploads\/2021\/06\/633b4fcb4918219c584d2fb0df5ccd41-300x200.jpg 300w, https:\/\/diarioelpopular.com\/wp-content\/uploads\/2021\/06\/633b4fcb4918219c584d2fb0df5ccd41-768x511.jpg 768w, https:\/\/diarioelpopular.com\/wp-content\/uploads\/2021\/06\/633b4fcb4918219c584d2fb0df5ccd41-110x73.jpg 110w, https:\/\/diarioelpopular.com\/wp-content\/uploads\/2021\/06\/633b4fcb4918219c584d2fb0df5ccd41.jpg 945w\" sizes=\"auto, (max-width: 636px) 100vw, 636px\" \/><\/p>\n<p><em>Son 115.228 los infectados en apenas 24 horas (foto: ANSA)<\/em><\/p>\n<p><em><strong>BRASILIA, 24 JUN &#8211;<\/strong><\/em> Brasil super\u00f3 los 115 mil infectados con el coronavirus en un d\u00eda, la cifra m\u00e1s alta desde el inicio de la pandemia, seg\u00fan datos de las secretar\u00edas de Salud de los estados.<br \/>\nFueron reportados 115.228 infectados con el Covid-19 hasta las 20 horas (23 GMT) de este mi\u00e9rcoles, con lo cual se elev\u00f3 a 18.169.881 la cifra acumulada desde el que se consign\u00f3 el primer test positivo a fines de febrero de 2020.<br \/>\nLa media m\u00f3vil de diagn\u00f3sticos fue de 77.328 por d\u00eda en la \u00faltima semana.<br \/>\nLa Organizaci\u00f3n Mundial de la Salud inform\u00f3 que mientras la tendencia mundial indica una baja de infecciones y muertes, Brasil ha mostrado curvas ascendentes en los dos rubros.Por otra parte fueron reportados 2.392 fallecimientos en las \u00faltimas 24 horas, con lo cual el total acumulado se elev\u00f3 a los 507.109 casos letales.<\/p>\n","protected":false},"excerpt":{"rendered":"<p>Son 115.228 los infectados en apenas 24 horas (foto: ANSA) BRASILIA, 24 JUN &#8211; Brasil super\u00f3 los 115 mil infectados con el coronavirus en un&hellip;<\/p>\n","protected":false},"author":99,"featured_media":498424,"comment_status":"open","ping_status":"open","sticky":false,"template":"","format":"standard","meta":{"footnotes":""},"categories":[23],"tags":[],"class_list":["post-498423","post","type-post","status-publish","format-standard","has-post-thumbnail","hentry","category-latinoamerica"],"_links":{"self":[{"href":"https:\/\/diarioelpopular.com\/index.php\/wp-json\/wp\/v2\/posts\/498423","targetHints":{"allow":["GET"]}}],"collection":[{"href":"https:\/\/diarioelpopular.com\/index.php\/wp-json\/wp\/v2\/posts"}],"about":[{"href":"https:\/\/diarioelpopular.com\/index.php\/wp-json\/wp\/v2\/types\/post"}],"author":[{"embeddable":true,"href":"https:\/\/diarioelpopular.com\/index.php\/wp-json\/wp\/v2\/users\/99"}],"replies":[{"embeddable":true,"href":"https:\/\/diarioelpopular.com\/index.php\/wp-json\/wp\/v2\/comments?post=498423"}],"version-history":[{"count":1,"href":"https:\/\/diarioelpopular.com\/index.php\/wp-json\/wp\/v2\/posts\/498423\/revisions"}],"predecessor-version":[{"id":498425,"href":"https:\/\/diarioelpopular.com\/index.php\/wp-json\/wp\/v2\/posts\/498423\/revisions\/498425"}],"wp:featuredmedia":[{"embeddable":true,"href":"https:\/\/diarioelpopular.com\/index.php\/wp-json\/wp\/v2\/media\/498424"}],"wp:attachment":[{"href":"https:\/\/diarioelpopular.com\/index.php\/wp-json\/wp\/v2\/media?parent=498423"}],"wp:term":[{"taxonomy":"category","embeddable":true,"href":"https:\/\/diarioelpopular.com\/index.php\/wp-json\/wp\/v2\/categories?post=498423"},{"taxonomy":"post_tag","embeddable":true,"href":"https:\/\/diarioelpopular.com\/index.php\/wp-json\/wp\/v2\/tags?post=498423"}],"curies":[{"name":"wp","href":"https:\/\/api.w.org\/{rel}","templated":true}]}}