{"id":498448,"date":"2021-06-25T20:42:57","date_gmt":"2021-06-26T00:42:57","guid":{"rendered":"https:\/\/diarioelpopular.com\/?p=498448"},"modified":"2021-06-25T20:42:57","modified_gmt":"2021-06-26T00:42:57","slug":"argentina-restringe-los-ingresos","status":"publish","type":"post","link":"https:\/\/diarioelpopular.com\/index.php\/2021\/06\/25\/argentina-restringe-los-ingresos\/","title":{"rendered":"Argentina restringe los ingresos"},"content":{"rendered":"<h4><img loading=\"lazy\" decoding=\"async\" class=\"alignnone size-custom-full-size wp-image-498449\" src=\"https:\/\/diarioelpopular.com\/wp-content\/uploads\/2021\/06\/a98085dfcfc523bc49958413e8a7d980-636x422.jpg\" alt=\"\" width=\"636\" height=\"422\" srcset=\"https:\/\/diarioelpopular.com\/wp-content\/uploads\/2021\/06\/a98085dfcfc523bc49958413e8a7d980-636x422.jpg 636w, https:\/\/diarioelpopular.com\/wp-content\/uploads\/2021\/06\/a98085dfcfc523bc49958413e8a7d980-300x199.jpg 300w, https:\/\/diarioelpopular.com\/wp-content\/uploads\/2021\/06\/a98085dfcfc523bc49958413e8a7d980-768x510.jpg 768w, https:\/\/diarioelpopular.com\/wp-content\/uploads\/2021\/06\/a98085dfcfc523bc49958413e8a7d980-85x55.jpg 85w, https:\/\/diarioelpopular.com\/wp-content\/uploads\/2021\/06\/a98085dfcfc523bc49958413e8a7d980-110x73.jpg 110w, https:\/\/diarioelpopular.com\/wp-content\/uploads\/2021\/06\/a98085dfcfc523bc49958413e8a7d980.jpg 945w\" sizes=\"auto, (max-width: 636px) 100vw, 636px\" \/><\/h4>\n<p><em>El aeropuerto internacional de Ezeiza en Buenos Aires <\/em><\/p>\n<h4><em><strong>Eval\u00faan reducir vuelos. Dilema con los argentinos que regresan<\/strong><\/em><\/h4>\n<p><em><strong>BUENOS AIRES 25 JUN &#8211;<\/strong><\/em> El presidente de Argentina, Alberto Fern\u00e1ndez, prorrog\u00f3 este viernes el decreto vigente ante la emergencia de Covid-19 y mantendr\u00e1 la mayor\u00eda medidas restrictivas que fueron aplicadas hace 15 d\u00edas, aunque aplicar\u00e1 duras restricciones de ingreso al pa\u00eds por la cepa Delta.<br \/>\nEl principal cambio que eval\u00faan es reducir el cupo de argentinos que puede regresar por d\u00eda al pa\u00eds y la cantidad de vuelos que llegan por semana, ante la preocupaci\u00f3n que existe en el Gobierno por el ingreso de la variante identificada inicialmente en India, public\u00f3 Infobae.<br \/>\nActualmente pueden entrar a la Argentina hasta 2.000 personas por d\u00eda y ya est\u00e1 decidido reducir ese cupo, lo que generar\u00eda una menor frecuencia de vuelos, pero a\u00fan no est\u00e1 definido el n\u00famero de personas que se permitir\u00e1 entrar cada d\u00eda.<br \/>\nSeg\u00fan el diario Clar\u00edn, se trata, en definitiva, de definir el n\u00famero de argentinos que pueden volver tras salir al exterior, ya que la frontera permanece cerrada para extranjeros, salvo los casos de excepcionalidad.<br \/>\nEl peri\u00f3dico dijo que &#8220;hay fuertes tensiones&#8221; entre diversos ministerios ante la determinaci\u00f3n de limitar los ingresos.<br \/>\nSeg\u00fan Infobae, adem\u00e1s del cupo y la frecuencia de vuelos, podr\u00eda haber restricciones en el tiempo de regreso al pa\u00eds para aquellos que se van. Es decir, que no puedan volver a ingresar cuando quieran sino por un per\u00edodo de tiempo m\u00e1s extenso, lo que estar\u00eda cargado de controversias.<br \/>\nLa medida estar\u00e1 siendo evaluada durante este mismo d\u00eda.<br \/>\nEl Gobierno de Fern\u00e1ndez est\u00e1 esperando la aprobaci\u00f3n de la ley de pandemia que, seg\u00fan aseguran algunos voceros, podr\u00eda aprobarse la semana que viene en el Congreso.<br \/>\nPor eso, el nuevo decreto tendr\u00e1 una duraci\u00f3n de dos semanas.<\/p>\n","protected":false},"excerpt":{"rendered":"<p>El aeropuerto internacional de Ezeiza en Buenos Aires Eval\u00faan reducir vuelos. Dilema con los argentinos que regresan BUENOS AIRES 25 JUN &#8211; El presidente de&hellip;<\/p>\n","protected":false},"author":99,"featured_media":498449,"comment_status":"open","ping_status":"open","sticky":false,"template":"","format":"standard","meta":{"footnotes":""},"categories":[23],"tags":[],"class_list":["post-498448","post","type-post","status-publish","format-standard","has-post-thumbnail","hentry","category-latinoamerica"],"_links":{"self":[{"href":"https:\/\/diarioelpopular.com\/index.php\/wp-json\/wp\/v2\/posts\/498448","targetHints":{"allow":["GET"]}}],"collection":[{"href":"https:\/\/diarioelpopular.com\/index.php\/wp-json\/wp\/v2\/posts"}],"about":[{"href":"https:\/\/diarioelpopular.com\/index.php\/wp-json\/wp\/v2\/types\/post"}],"author":[{"embeddable":true,"href":"https:\/\/diarioelpopular.com\/index.php\/wp-json\/wp\/v2\/users\/99"}],"replies":[{"embeddable":true,"href":"https:\/\/diarioelpopular.com\/index.php\/wp-json\/wp\/v2\/comments?post=498448"}],"version-history":[{"count":1,"href":"https:\/\/diarioelpopular.com\/index.php\/wp-json\/wp\/v2\/posts\/498448\/revisions"}],"predecessor-version":[{"id":498450,"href":"https:\/\/diarioelpopular.com\/index.php\/wp-json\/wp\/v2\/posts\/498448\/revisions\/498450"}],"wp:featuredmedia":[{"embeddable":true,"href":"https:\/\/diarioelpopular.com\/index.php\/wp-json\/wp\/v2\/media\/498449"}],"wp:attachment":[{"href":"https:\/\/diarioelpopular.com\/index.php\/wp-json\/wp\/v2\/media?parent=498448"}],"wp:term":[{"taxonomy":"category","embeddable":true,"href":"https:\/\/diarioelpopular.com\/index.php\/wp-json\/wp\/v2\/categories?post=498448"},{"taxonomy":"post_tag","embeddable":true,"href":"https:\/\/diarioelpopular.com\/index.php\/wp-json\/wp\/v2\/tags?post=498448"}],"curies":[{"name":"wp","href":"https:\/\/api.w.org\/{rel}","templated":true}]}}