{"id":498452,"date":"2021-06-25T20:45:44","date_gmt":"2021-06-26T00:45:44","guid":{"rendered":"https:\/\/diarioelpopular.com\/?p=498452"},"modified":"2021-06-25T20:45:44","modified_gmt":"2021-06-26T00:45:44","slug":"el-virus-principal-causa-de-muerte-en-colombia","status":"publish","type":"post","link":"https:\/\/diarioelpopular.com\/index.php\/2021\/06\/25\/el-virus-principal-causa-de-muerte-en-colombia\/","title":{"rendered":"El virus, principal causa de muerte en Colombia"},"content":{"rendered":"<h4><img loading=\"lazy\" decoding=\"async\" class=\"alignnone size-custom-full-size wp-image-498453\" src=\"https:\/\/diarioelpopular.com\/wp-content\/uploads\/2021\/06\/0f1255fb214791d5d8e93e374414f591-636x393.jpg\" alt=\"\" width=\"636\" height=\"393\" srcset=\"https:\/\/diarioelpopular.com\/wp-content\/uploads\/2021\/06\/0f1255fb214791d5d8e93e374414f591-636x393.jpg 636w, https:\/\/diarioelpopular.com\/wp-content\/uploads\/2021\/06\/0f1255fb214791d5d8e93e374414f591-300x185.jpg 300w, https:\/\/diarioelpopular.com\/wp-content\/uploads\/2021\/06\/0f1255fb214791d5d8e93e374414f591-768x475.jpg 768w, https:\/\/diarioelpopular.com\/wp-content\/uploads\/2021\/06\/0f1255fb214791d5d8e93e374414f591-118x73.jpg 118w, https:\/\/diarioelpopular.com\/wp-content\/uploads\/2021\/06\/0f1255fb214791d5d8e93e374414f591.jpg 945w\" sizes=\"auto, (max-width: 636px) 100vw, 636px\" \/><\/h4>\n<p><em>La imagen de un hospital de Bogot\u00e1. Postal de un a\u00f1o siniestro <\/em><\/p>\n<h4><em><strong>Nacieron menos ni\u00f1os en el primer trimestre de este a\u00f1o<\/strong><\/em><\/h4>\n<p><em><strong>BOGOTA 25 JUN &#8211;<\/strong> <\/em>El Covid-19 se convirti\u00f3 en la principal causa de muerte en Colombia, durante el primer trimestre de este a\u00f1o, que tambi\u00e9n evidenci\u00f3 la tendencia a la baja en la tasa de natalidad, revel\u00f3 hoy el Departamento Administrativo Nacional de Estad\u00edstica (DANE).<br \/>\nEntre enero y marzo de este a\u00f1o la peste, en mayor proporci\u00f3n, junto a otras patolog\u00edas infecciosas arrasaron con la vida de 26.321 personas, 16.168 hombres, lo que equivali\u00f3 a un incremento del 38,1% respecto del mismo periodo de 2020, y 10.153 mujeres, un 29,2% m\u00e1s que el a\u00f1o anterior.<br \/>\nEn ese orden, el Covid-19, dentro de las enfermedades infecciosas y parasitarias, fue la principal causa de muerte natural en el pa\u00eds, seguida de lejos por las enfermedades isqu\u00e9micas del coraz\u00f3n con 11.691 decesos, de acuerdo a los datos suministrados por la estatal.<br \/>\n&#8220;El efecto de la pandemia ha sido determinante&#8221; para la p\u00e9rdida de vidas, afirm\u00f3 este viernes Juan Daniel Oviedo, Director DANE, al presentar el consolidado de cifras, que incluy\u00f3 tambi\u00e9n nacimientos, donde hubo sorpresas.<br \/>\nLas estad\u00edsticas oficiales mostraron que los comparativos entre el promedio diario de muertes se trastoc\u00f3 a partir de junio del a\u00f1o pasado y desde entonces las equivalencias explotaron.<br \/>\nMientras en enero de 2020 se estimaba que podr\u00edan morir por causas naturales en promedio diario unas 517 personas, la cifra real se situ\u00f3 614, muy cercana al dato estad\u00edstico.<br \/>\nEsa misma comparaci\u00f3n, en el primer mes de este a\u00f1o fue la siguiente: se calcularon 571 decesos diarios de acuerdo a estad\u00edsticas hist\u00f3ricas; sin embargo, la realidad mostr\u00f3 su peor cara con 1.063 fallecimientos por causas naturales, con el Covid-19 como principal detonante.<br \/>\nLa primera muerte por coronavirus en el pa\u00eds se registr\u00f3 el 2 de marzo del a\u00f1o anterior, a la fecha y seg\u00fan los datos del ministerio de Salud, un total 102.636 personas fallecieron por la enfermedad, mientras el global de positivos alcanza los 4.060.013, con 3.769.887 de recuperados.<br \/>\nColombia atraviesa por su tercer pico sostenido de la pandemia.<br \/>\nLas estad\u00edsticas de DANE tambi\u00e9n mostraron que el n\u00famero de nacimientos se mantiene a la baja.<br \/>\nEn los primeros tres meses de este a\u00f1o se contabilizaron un total de 140.090 nacimientos, 71.741 hombres y 68.333 mujeres, un 3,8% menos (-5.529) que en el mismo periodo del a\u00f1o pasado.<br \/>\nEn cuanto a las edades, el 29,1% de los nacimientos correspondi\u00f3 a madres entre los 20 y 24 a\u00f1os, el 25,0% entre los 25 a 29 a\u00f1os y el 24.41% a mujeres entre los 15 y 19 a\u00f1os.<\/p>\n","protected":false},"excerpt":{"rendered":"<p>La imagen de un hospital de Bogot\u00e1. Postal de un a\u00f1o siniestro Nacieron menos ni\u00f1os en el primer trimestre de este a\u00f1o BOGOTA 25 JUN&hellip;<\/p>\n","protected":false},"author":99,"featured_media":498453,"comment_status":"open","ping_status":"open","sticky":false,"template":"","format":"standard","meta":{"footnotes":""},"categories":[23],"tags":[],"class_list":["post-498452","post","type-post","status-publish","format-standard","has-post-thumbnail","hentry","category-latinoamerica"],"_links":{"self":[{"href":"https:\/\/diarioelpopular.com\/index.php\/wp-json\/wp\/v2\/posts\/498452","targetHints":{"allow":["GET"]}}],"collection":[{"href":"https:\/\/diarioelpopular.com\/index.php\/wp-json\/wp\/v2\/posts"}],"about":[{"href":"https:\/\/diarioelpopular.com\/index.php\/wp-json\/wp\/v2\/types\/post"}],"author":[{"embeddable":true,"href":"https:\/\/diarioelpopular.com\/index.php\/wp-json\/wp\/v2\/users\/99"}],"replies":[{"embeddable":true,"href":"https:\/\/diarioelpopular.com\/index.php\/wp-json\/wp\/v2\/comments?post=498452"}],"version-history":[{"count":1,"href":"https:\/\/diarioelpopular.com\/index.php\/wp-json\/wp\/v2\/posts\/498452\/revisions"}],"predecessor-version":[{"id":498454,"href":"https:\/\/diarioelpopular.com\/index.php\/wp-json\/wp\/v2\/posts\/498452\/revisions\/498454"}],"wp:featuredmedia":[{"embeddable":true,"href":"https:\/\/diarioelpopular.com\/index.php\/wp-json\/wp\/v2\/media\/498453"}],"wp:attachment":[{"href":"https:\/\/diarioelpopular.com\/index.php\/wp-json\/wp\/v2\/media?parent=498452"}],"wp:term":[{"taxonomy":"category","embeddable":true,"href":"https:\/\/diarioelpopular.com\/index.php\/wp-json\/wp\/v2\/categories?post=498452"},{"taxonomy":"post_tag","embeddable":true,"href":"https:\/\/diarioelpopular.com\/index.php\/wp-json\/wp\/v2\/tags?post=498452"}],"curies":[{"name":"wp","href":"https:\/\/api.w.org\/{rel}","templated":true}]}}