{"id":498455,"date":"2021-06-25T20:55:08","date_gmt":"2021-06-26T00:55:08","guid":{"rendered":"https:\/\/diarioelpopular.com\/?p=498455"},"modified":"2021-06-25T20:55:08","modified_gmt":"2021-06-26T00:55:08","slug":"la-agencia-de-salud-publica-de-canada-publica-un-grafico-sobre-lo-que-puede-hacer-una-vacunacion-completa","status":"publish","type":"post","link":"https:\/\/diarioelpopular.com\/index.php\/2021\/06\/25\/la-agencia-de-salud-publica-de-canada-publica-un-grafico-sobre-lo-que-puede-hacer-una-vacunacion-completa\/","title":{"rendered":"La Agencia de Salud P\u00fablica de Canad\u00e1 publica un gr\u00e1fico sobre lo que puede hacer una vacunaci\u00f3n completa"},"content":{"rendered":"<p><img loading=\"lazy\" decoding=\"async\" class=\"alignnone size-custom-full-size wp-image-498456\" src=\"https:\/\/diarioelpopular.com\/wp-content\/uploads\/2021\/06\/robert-bye-4hcpIbqQM8c-unsplash-scaled-636x477.jpg\" alt=\"\" width=\"636\" height=\"477\" srcset=\"https:\/\/diarioelpopular.com\/wp-content\/uploads\/2021\/06\/robert-bye-4hcpIbqQM8c-unsplash-scaled-636x477.jpg 636w, https:\/\/diarioelpopular.com\/wp-content\/uploads\/2021\/06\/robert-bye-4hcpIbqQM8c-unsplash-scaled-300x225.jpg 300w, https:\/\/diarioelpopular.com\/wp-content\/uploads\/2021\/06\/robert-bye-4hcpIbqQM8c-unsplash-scaled-768x576.jpg 768w, https:\/\/diarioelpopular.com\/wp-content\/uploads\/2021\/06\/robert-bye-4hcpIbqQM8c-unsplash-scaled-1990x1493.jpg 1990w, https:\/\/diarioelpopular.com\/wp-content\/uploads\/2021\/06\/robert-bye-4hcpIbqQM8c-unsplash-scaled-1200x900.jpg 1200w, https:\/\/diarioelpopular.com\/wp-content\/uploads\/2021\/06\/robert-bye-4hcpIbqQM8c-unsplash-scaled-97x73.jpg 97w, https:\/\/diarioelpopular.com\/wp-content\/uploads\/2021\/06\/robert-bye-4hcpIbqQM8c-unsplash-scaled.jpg 1024w\" sizes=\"auto, (max-width: 636px) 100vw, 636px\" \/><\/p>\n<p>La Agencia de Salud P\u00fablica de Canad\u00e1 anuncii\u00f3 que las personas que est\u00e1n completamente vacunadas contra COVID-19 pueden cenar juntas dentro de la casa de alguien sin tener que mantener la distancia o usar una m\u00e1scara.<\/p>\n<p>OTTAWA.- Se dio a conocer la informaci\u00f3n despu\u00e9s de enfrentar d\u00edas de preguntas sobre qu\u00e9 pueden hacer quienes reciben una dosis doble a medida que avanza la campa\u00f1a de vacunas en el pa\u00eds.<\/p>\n<p><img loading=\"lazy\" decoding=\"async\" class=\"alignnone size-custom-full-size wp-image-498459\" src=\"https:\/\/diarioelpopular.com\/wp-content\/uploads\/2021\/06\/graph-636x386.jpg\" alt=\"\" width=\"636\" height=\"386\" srcset=\"https:\/\/diarioelpopular.com\/wp-content\/uploads\/2021\/06\/graph-636x386.jpg 636w, https:\/\/diarioelpopular.com\/wp-content\/uploads\/2021\/06\/graph-300x182.jpg 300w, https:\/\/diarioelpopular.com\/wp-content\/uploads\/2021\/06\/graph-768x467.jpg 768w, https:\/\/diarioelpopular.com\/wp-content\/uploads\/2021\/06\/graph-1200x729.jpg 1200w, https:\/\/diarioelpopular.com\/wp-content\/uploads\/2021\/06\/graph-120x73.jpg 120w, https:\/\/diarioelpopular.com\/wp-content\/uploads\/2021\/06\/graph.jpg 1024w\" sizes=\"auto, (max-width: 636px) 100vw, 636px\" \/><\/p>\n<p>La agencia public\u00f3 un cuadro despu\u00e9s de la sesi\u00f3n informativa que establec\u00eda lo que las personas pueden hacer si est\u00e1n vacunadas total o parcialmente.<\/p>\n<p>Health Canada cita varios otros ejemplos, como reunirse al aire libre con amigos y familiares, y lo que est\u00e1 permitido con personas no vacunadas, parcialmente vacunadas o totalmente vacunadas.<\/p>\n<p>&nbsp;<\/p>\n<p>Para alguien no vacunado o parcialmente vacunado, se permite reunirse en el interior con personas completamente vacunadas, pero con algunas medidas establecidas.<\/p>\n<p>&nbsp;<\/p>\n<p>\u201cConsidere quitarse la m\u00e1scara y estar f\u00edsicamente cerca de las personas completamente vacunadas si todos se sienten c\u00f3modos con eso\u201d, dicen los funcionarios de salud, agregando que las personas completamente vacunadas pueden interactuar de manera segura en el interior con otras personas completamente inmunizadas contra el virus.<\/p>\n<p>Hasta este jueves, el primer ministro Justin Trudeau dijo que el 26 por ciento de los canadienses elegibles para una vacuna contra COVID-19 est\u00e1n completamente vacunados, y m\u00e1s del 76 por ciento de las personas han recibido una sola inyecci\u00f3n.<\/p>\n<p>&nbsp;<\/p>\n<p>En Ontario, el gobierno anunci\u00f3 este viernes que la provincia permitir\u00e1 a los residentes de 18 a\u00f1os o m\u00e1s que recibieron su primera dosis de una vacuna de ARNm adelantar su cita la pr\u00f3xima semana.<\/p>\n<p>A partir del lunes a las 8:00 a.m., las personas podr\u00e1n reservar a trav\u00e9s del sistema de reservas de la provincia o directamente a trav\u00e9s de las unidades de salud p\u00fablica que utilizan su propio sistema de reservas, y a trav\u00e9s de las farmacias participantes.<\/p>\n<p>Los funcionarios dicen que esto acelerar\u00e1 la elegibilidad para la segunda dosis para aproximadamente 1,5 millones de habitantes de Ontario.<\/p>\n<p>Las unidades de salud que cubren Durham, Halton, Hamilton, Peel, Porcupine, Simcoe-Muskoka, Toronto, Waterloo, Wellington-Dufferin-Guelph y York est\u00e1n designadas como puntos calientes para la variante Delta.<\/p>\n<p>En esa nota, el modelo federal COVID-19 advierte que la variante Delta podr\u00eda hacer que una posible cuarta ola de la pandemia sea peor de lo que se pensaba inicialmente.<\/p>\n<p>La Dra. Theresa Tam, directora de salud p\u00fablica de Canad\u00e1, dice que la variante Delta es el &#8220;\u00faltimo obst\u00e1culo&#8221; para la lucha del pa\u00eds en la pandemia y podr\u00eda hacer que se exceda la capacidad hospitalaria si se afianza durante el oto\u00f1o y el invierno.<\/p>\n<p>Tam dijo que llevar la segunda dosis de vacunas a los brazos es crucial para garantizar que eso no suceda.<\/p>\n<p>\u201cHemos trabajado para un mejor verano y al mantenernos alerta para mantener bajos los casos, podemos mantenernos en el camino hacia un oto\u00f1o e invierno m\u00e1s seguros\u201d, dijo Tam.<\/p>\n<p>Ella dice que sus colegas provinciales quieren que los residentes sigan los consejos que brindan los funcionarios m\u00e9dicos locales, ya que responden mejor a la situaci\u00f3n en sus comunidades.<\/p>\n<p>Actualmente, los datos muestran que la cantidad de infecciones y hospitalizaciones contin\u00faa disminuyendo en todo el pa\u00eds, a medida que m\u00e1s canadienses se vacunan contra COVID-19.<\/p>\n<p>Mientras eso sucede, las provincias est\u00e1n avanzando con planes para levantar las restricciones de salud p\u00fablica implementadas para limitar la socializaci\u00f3n y mantener baja la propagaci\u00f3n.<\/p>\n<p>&#8220;El verano se ve bastante bien y lo que estoy esperando es lo que suceda cuando cada una de las provincias individuales vuelva a abrir&#8221;, agreg\u00f3 Tam.<\/p>\n","protected":false},"excerpt":{"rendered":"<p>La Agencia de Salud P\u00fablica de Canad\u00e1 anuncii\u00f3 que las personas que est\u00e1n completamente vacunadas contra COVID-19 pueden cenar juntas dentro de la casa de&hellip;<\/p>\n","protected":false},"author":99,"featured_media":498456,"comment_status":"open","ping_status":"open","sticky":false,"template":"","format":"standard","meta":{"footnotes":""},"categories":[21,11191],"tags":[],"class_list":["post-498455","post","type-post","status-publish","format-standard","has-post-thumbnail","hentry","category-canada","category-top-news"],"_links":{"self":[{"href":"https:\/\/diarioelpopular.com\/index.php\/wp-json\/wp\/v2\/posts\/498455","targetHints":{"allow":["GET"]}}],"collection":[{"href":"https:\/\/diarioelpopular.com\/index.php\/wp-json\/wp\/v2\/posts"}],"about":[{"href":"https:\/\/diarioelpopular.com\/index.php\/wp-json\/wp\/v2\/types\/post"}],"author":[{"embeddable":true,"href":"https:\/\/diarioelpopular.com\/index.php\/wp-json\/wp\/v2\/users\/99"}],"replies":[{"embeddable":true,"href":"https:\/\/diarioelpopular.com\/index.php\/wp-json\/wp\/v2\/comments?post=498455"}],"version-history":[{"count":1,"href":"https:\/\/diarioelpopular.com\/index.php\/wp-json\/wp\/v2\/posts\/498455\/revisions"}],"predecessor-version":[{"id":498460,"href":"https:\/\/diarioelpopular.com\/index.php\/wp-json\/wp\/v2\/posts\/498455\/revisions\/498460"}],"wp:featuredmedia":[{"embeddable":true,"href":"https:\/\/diarioelpopular.com\/index.php\/wp-json\/wp\/v2\/media\/498456"}],"wp:attachment":[{"href":"https:\/\/diarioelpopular.com\/index.php\/wp-json\/wp\/v2\/media?parent=498455"}],"wp:term":[{"taxonomy":"category","embeddable":true,"href":"https:\/\/diarioelpopular.com\/index.php\/wp-json\/wp\/v2\/categories?post=498455"},{"taxonomy":"post_tag","embeddable":true,"href":"https:\/\/diarioelpopular.com\/index.php\/wp-json\/wp\/v2\/tags?post=498455"}],"curies":[{"name":"wp","href":"https:\/\/api.w.org\/{rel}","templated":true}]}}